{"id":1758,"count":1,"description":"","link":"https:\/\/radardofuturo.com.br\/test\/tag\/mobilizacao-dos-jovens-eleicoes-municipais\/","name":"mobiliza\u00e7\u00e3o dos jovens elei\u00e7\u00f5es municipais","slug":"mobilizacao-dos-jovens-eleicoes-municipais","taxonomy":"post_tag","meta":[],"_links":{"self":[{"href":"https:\/\/radardofuturo.com.br\/test\/wp-json\/wp\/v2\/tags\/1758","targetHints":{"allow":["GET"]}}],"collection":[{"href":"https:\/\/radardofuturo.com.br\/test\/wp-json\/wp\/v2\/tags"}],"about":[{"href":"https:\/\/radardofuturo.com.br\/test\/wp-json\/wp\/v2\/taxonomies\/post_tag"}],"wp:post_type":[{"href":"https:\/\/radardofuturo.com.br\/test\/wp-json\/wp\/v2\/posts?tags=1758"}],"curies":[{"name":"wp","href":"https:\/\/api.w.org\/{rel}","templated":true}]}}