{"id":1754,"count":1,"description":"","link":"https:\/\/radardofuturo.com.br\/test\/tag\/reducao-e-extincao-de-areas-protegidas\/","name":"redu\u00e7\u00e3o e extin\u00e7\u00e3o de \u00e1reas protegidas","slug":"reducao-e-extincao-de-areas-protegidas","taxonomy":"post_tag","meta":[],"_links":{"self":[{"href":"https:\/\/radardofuturo.com.br\/test\/wp-json\/wp\/v2\/tags\/1754","targetHints":{"allow":["GET"]}}],"collection":[{"href":"https:\/\/radardofuturo.com.br\/test\/wp-json\/wp\/v2\/tags"}],"about":[{"href":"https:\/\/radardofuturo.com.br\/test\/wp-json\/wp\/v2\/taxonomies\/post_tag"}],"wp:post_type":[{"href":"https:\/\/radardofuturo.com.br\/test\/wp-json\/wp\/v2\/posts?tags=1754"}],"curies":[{"name":"wp","href":"https:\/\/api.w.org\/{rel}","templated":true}]}}