{"id":1316,"count":1,"description":"","link":"https:\/\/radardofuturo.com.br\/test\/tag\/jornalismo-x-relacoes-publicas\/","name":"jornalismo x rela\u00e7\u00f5es p\u00fablicas","slug":"jornalismo-x-relacoes-publicas","taxonomy":"post_tag","meta":[],"_links":{"self":[{"href":"https:\/\/radardofuturo.com.br\/test\/wp-json\/wp\/v2\/tags\/1316","targetHints":{"allow":["GET"]}}],"collection":[{"href":"https:\/\/radardofuturo.com.br\/test\/wp-json\/wp\/v2\/tags"}],"about":[{"href":"https:\/\/radardofuturo.com.br\/test\/wp-json\/wp\/v2\/taxonomies\/post_tag"}],"wp:post_type":[{"href":"https:\/\/radardofuturo.com.br\/test\/wp-json\/wp\/v2\/posts?tags=1316"}],"curies":[{"name":"wp","href":"https:\/\/api.w.org\/{rel}","templated":true}]}}