{"id":9900,"date":"2020-04-07T18:22:33","date_gmt":"2020-04-07T21:22:33","guid":{"rendered":"https:\/\/radardofuturo.com.br\/?p=9900"},"modified":"2020-04-07T18:30:07","modified_gmt":"2020-04-07T21:30:07","slug":"fgv-ibre-debate-em-webinar-impacto-do-coronavirus-na-inflacao-e-na-confianca-de-empresarios-e-consumidores","status":"publish","type":"post","link":"https:\/\/radardofuturo.com.br\/test\/fgv-ibre-debate-em-webinar-impacto-do-coronavirus-na-inflacao-e-na-confianca-de-empresarios-e-consumidores\/","title":{"rendered":"FGV IBRE debate em webinar impacto do coronav\u00edrus na infla\u00e7\u00e3o e na confian\u00e7a de empres\u00e1rios e consumidores"},"content":{"rendered":"<p>FGV IBRE debate em webinar impacto do coronav&iacute;rus na infla&ccedil;&atilde;o e na confian&ccedil;a de empres&aacute;rios e consumidores<!--more--><\/p>\n<p>O Instituto Brasileiro de Economia da Funda&ccedil;&atilde;o Getulio Vargas (FGV IBRE) promove evento online nesta quarta-feira, dia 08\/04, &agrave;s 15h, para debater os efeitos do coronav&iacute;rus no comportamento dos pre&ccedil;os e na confian&ccedil;a de empres&aacute;rios e consumidores. A live, que ser&aacute; realizada pela ferramenta Zoom, &eacute; voltada para economistas e para o p&uacute;blico em geral &ndash; pessoas interessados no tema.<\/p>\n<p>Nesse contexto, os economistas Viviane Seda, coordenadora das Sondagens do FGV IBRE, e Andr&eacute; Braz, coordenador do IPC do FGV IBRE, ir&atilde;o discutir pontos como infla&ccedil;&atilde;o, confian&ccedil;a, endividamento, emprego, al&eacute;m das dificuldades encontradas nesse momento de isolamento.<\/p>\n<p>Inscreva-se no link &ndash; <a href=\"https:\/\/bit.ly\/3e08jHn\" target=\"_blank\" rel=\"noopener\">https:\/\/bit.ly\/3e08jHn<\/a> ou<\/p>\n<p>pelo Portal IBRE: <a href=\"http:\/\/portalibre.fgv.br\" target=\"_blank\" rel=\"noopener\">http:\/\/portalibre.fgv.br<\/a><\/p>\n<h1>Palestrantes:<\/h1>\n<p><span class=\"td_btn td_btn_md td_default_btn\"><strong>Andr&eacute; Braz<\/strong>, coordenador do IPC do FGV IBRE<\/span><\/p>\n<p><span class=\"td_btn td_btn_md td_default_btn\"><strong>Viviane Seda<\/strong>, coordenadora das Sondagens do FGV IBRE<\/span><\/p>\n","protected":false},"excerpt":{"rendered":"<p>FGV IBRE debate em webinar impacto do coronav&iacute;rus na infla&ccedil;&atilde;o e na confian&ccedil;a de empres&aacute;rios e consumidores<\/p>\n","protected":false},"author":1,"featured_media":9901,"comment_status":"closed","ping_status":"closed","sticky":false,"template":"","format":"standard","meta":{"tdm_status":"","tdm_grid_status":"","footnotes":"","jetpack_publicize_message":"","jetpack_publicize_feature_enabled":true,"jetpack_social_post_already_shared":true,"jetpack_social_options":{"image_generator_settings":{"template":"highway","enabled":false},"version":2}},"categories":[18],"tags":[],"class_list":{"0":"post-9900","1":"post","2":"type-post","3":"status-publish","4":"format-standard","5":"has-post-thumbnail","7":"category-eventos"},"jetpack_publicize_connections":[],"jetpack_featured_media_url":"https:\/\/radardofuturo.com.br\/test\/wp-content\/uploads\/2020\/04\/apresentacoes-imagem-pixabay.jpg","post_mailing_queue_ids":[],"_links":{"self":[{"href":"https:\/\/radardofuturo.com.br\/test\/wp-json\/wp\/v2\/posts\/9900","targetHints":{"allow":["GET"]}}],"collection":[{"href":"https:\/\/radardofuturo.com.br\/test\/wp-json\/wp\/v2\/posts"}],"about":[{"href":"https:\/\/radardofuturo.com.br\/test\/wp-json\/wp\/v2\/types\/post"}],"author":[{"embeddable":true,"href":"https:\/\/radardofuturo.com.br\/test\/wp-json\/wp\/v2\/users\/1"}],"replies":[{"embeddable":true,"href":"https:\/\/radardofuturo.com.br\/test\/wp-json\/wp\/v2\/comments?post=9900"}],"version-history":[{"count":0,"href":"https:\/\/radardofuturo.com.br\/test\/wp-json\/wp\/v2\/posts\/9900\/revisions"}],"wp:featuredmedia":[{"embeddable":true,"href":"https:\/\/radardofuturo.com.br\/test\/wp-json\/wp\/v2\/media\/9901"}],"wp:attachment":[{"href":"https:\/\/radardofuturo.com.br\/test\/wp-json\/wp\/v2\/media?parent=9900"}],"wp:term":[{"taxonomy":"category","embeddable":true,"href":"https:\/\/radardofuturo.com.br\/test\/wp-json\/wp\/v2\/categories?post=9900"},{"taxonomy":"post_tag","embeddable":true,"href":"https:\/\/radardofuturo.com.br\/test\/wp-json\/wp\/v2\/tags?post=9900"}],"curies":[{"name":"wp","href":"https:\/\/api.w.org\/{rel}","templated":true}]}}