{"id":98,"date":"2015-11-17T17:04:42","date_gmt":"2015-11-17T20:04:42","guid":{"rendered":"https:\/\/litebold.co\/~radardofuturo\/el-nino-sera-o-terceiro-mais-forte-da-historia-diz-o-inpe\/"},"modified":"2020-10-07T20:14:01","modified_gmt":"2020-10-07T23:14:01","slug":"el-nino-sera-o-terceiro-mais-forte-da-historia-diz-o-inpe","status":"publish","type":"post","link":"https:\/\/radardofuturo.com.br\/test\/el-nino-sera-o-terceiro-mais-forte-da-historia-diz-o-inpe\/","title":{"rendered":"El Ni\u00f1o ser\u00e1 terceiro mais forte da hist\u00f3ria, diz Inpe"},"content":{"rendered":"<p>A previs&atilde;o &eacute; de aumento das tempestades em rela&ccedil;&atilde;o ao &uacute;ltimo ver&atilde;o<\/p>\n<p>  <!--more-->  <\/p>\n<p>Ag&ecirc;ncia Brasil<\/p>\n<p>O Grupo de Eletricidade Atmosf&eacute;rica (Elat), do Instituto Nacional de Pesquisas Espaciais (Inpe), prev&ecirc; que o fen&ocirc;meno&nbsp;do El Ni&ntilde;o ser&aacute; muito forte no ver&atilde;o. Deve ser o terceiro mais forte desde 1950, depois de 1983 e 1998. A previs&atilde;o &eacute; de um aumento na ocorr&ecirc;ncia de tempestades, em rela&ccedil;&atilde;o ao &uacute;ltimo ver&atilde;o, de 20% na Regi&atilde;o Sul, 20% no Sudeste e 10% no Centro-Oeste. Nas regi&otilde;es Norte e Nordeste &eacute; prevista uma diminui&ccedil;&atilde;o das tempestades de 10% e 15%, respectivamente, em rela&ccedil;&atilde;o ao &uacute;ltimo ver&atilde;o. A pesquisa foi baseada em dados de tempestades no ver&atilde;o dessas regi&otilde;es desde 1950.<\/p>\n<p>A pesquisa que mostra o impacto do El Ni&ntilde;o sobre a ocorr&ecirc;ncia de tempestades no Sudeste durante o ver&atilde;o 2015\/2016 assinala que os efeitos do fen&ocirc;meno El Ni&ntilde;o s&atilde;o bastante conhecidos nas regi&otilde;es Sul, Norte e Nordeste do pa&iacute;s, enquanto no Sudeste e no Centro-Oeste os efeitos s&atilde;o dif&iacute;ceis de serem previstos.&nbsp;<\/p>\n<p>&ldquo;Ao cruzarmos esses percentuais de previs&atilde;o com a densidade populacional, somos levados a pensar que o n&uacute;mero de mortes por raios no pr&oacute;ximo ver&atilde;o pode aumentar se n&atilde;o alertarmos adequadamente a popula&ccedil;&atilde;o sobre os efeitos do El Ni&ntilde;o&rdquo;, disse o coordenador do Elat, Osmar Pinto Junior.<\/p>\n<p>Os dados da Rede Brasileira de Detec&ccedil;&atilde;o de Descargas Atmosf&eacute;ricas (BrasilDAT) do &uacute;ltimo trimestre (agosto, setembro e outubro), j&aacute; sob o efeito do El Ni&ntilde;o, confirmam essas <a href=\"https:\/\/radardofuturo.com.br\/test\/ddof\/o-que-sao-tendencias\/\" target=\"_self\" title=\"Confira o que s&atilde;o tend&ecirc;ncias, os fatos ou fen&ocirc;menos que podem acontecer em algum momento adiante na hist&oacute;ria da sociedade, como um novo comportamento individual ou de um grupo\" class=\"encyclopedia\">tend&ecirc;ncias<\/a>. De acordo com o coordenador do Elat, o aumento preocupa e parece indicar que n&atilde;o s&oacute; a ocorr&ecirc;ncia de tempestades, como a intensidade delas, aumenta em decorr&ecirc;ncia do fen&ocirc;meno clim&aacute;tico.<\/p>\n<p>&nbsp;<\/p>\n<p>&nbsp;<\/p>\n<p>&nbsp;<\/p>\n<p>&nbsp;<\/p>\n","protected":false},"excerpt":{"rendered":"<p>A previs&atilde;o &eacute; de aumento das tempestades em rela&ccedil;&atilde;o ao &uacute;ltimo ver&atilde;o<\/p>\n","protected":false},"author":1,"featured_media":97,"comment_status":"open","ping_status":"open","sticky":false,"template":"","format":"standard","meta":{"tdm_status":"","tdm_grid_status":"","footnotes":"","jetpack_publicize_message":"","jetpack_publicize_feature_enabled":true,"jetpack_social_post_already_shared":false,"jetpack_social_options":{"image_generator_settings":{"template":"highway","enabled":false},"version":2}},"categories":[20],"tags":[],"class_list":{"0":"post-98","1":"post","2":"type-post","3":"status-publish","4":"format-standard","5":"has-post-thumbnail","7":"category-destaques"},"jetpack_publicize_connections":[],"jetpack_featured_media_url":"https:\/\/radardofuturo.com.br\/test\/wp-content\/uploads\/2015\/11\/tempestade-em-sao-paulo-foto-oswaldo-corneti-fotos-publicas.jpg","post_mailing_queue_ids":[],"_links":{"self":[{"href":"https:\/\/radardofuturo.com.br\/test\/wp-json\/wp\/v2\/posts\/98","targetHints":{"allow":["GET"]}}],"collection":[{"href":"https:\/\/radardofuturo.com.br\/test\/wp-json\/wp\/v2\/posts"}],"about":[{"href":"https:\/\/radardofuturo.com.br\/test\/wp-json\/wp\/v2\/types\/post"}],"author":[{"embeddable":true,"href":"https:\/\/radardofuturo.com.br\/test\/wp-json\/wp\/v2\/users\/1"}],"replies":[{"embeddable":true,"href":"https:\/\/radardofuturo.com.br\/test\/wp-json\/wp\/v2\/comments?post=98"}],"version-history":[{"count":0,"href":"https:\/\/radardofuturo.com.br\/test\/wp-json\/wp\/v2\/posts\/98\/revisions"}],"wp:featuredmedia":[{"embeddable":true,"href":"https:\/\/radardofuturo.com.br\/test\/wp-json\/wp\/v2\/media\/97"}],"wp:attachment":[{"href":"https:\/\/radardofuturo.com.br\/test\/wp-json\/wp\/v2\/media?parent=98"}],"wp:term":[{"taxonomy":"category","embeddable":true,"href":"https:\/\/radardofuturo.com.br\/test\/wp-json\/wp\/v2\/categories?post=98"},{"taxonomy":"post_tag","embeddable":true,"href":"https:\/\/radardofuturo.com.br\/test\/wp-json\/wp\/v2\/tags?post=98"}],"curies":[{"name":"wp","href":"https:\/\/api.w.org\/{rel}","templated":true}]}}