{"id":9698,"date":"2022-08-25T16:20:00","date_gmt":"2022-08-25T19:20:00","guid":{"rendered":"http:\/\/radardofuturo.hospedagemdesites.ws\/?p=9698"},"modified":"2022-08-25T17:35:28","modified_gmt":"2022-08-25T20:35:28","slug":"profissoes-do-futuro-como-sera-a-pericia-criminal-em-2029","status":"publish","type":"post","link":"https:\/\/radardofuturo.com.br\/test\/profissoes-do-futuro-como-sera-a-pericia-criminal-em-2029\/","title":{"rendered":"Profiss\u00f5es do futuro: como ser\u00e1 a per\u00edcia criminal em 2029"},"content":{"rendered":"\n<figure class=\"wp-block-image size-large is-style-default\"><img loading=\"lazy\" decoding=\"async\" width=\"1024\" height=\"576\" src=\"https:\/\/radardofuturo.com.br\/test\/wp-content\/uploads\/2021\/01\/criminal-minds-divulgacao-1024x576.jpg\" alt=\"foto ilustrativa da equipe da s&eacute;rie policial criminal minds\" class=\"wp-image-15348\" srcset=\"https:\/\/radardofuturo.com.br\/test\/wp-content\/uploads\/2021\/01\/criminal-minds-divulgacao-1024x576.jpg 1024w, https:\/\/radardofuturo.com.br\/test\/wp-content\/uploads\/2021\/01\/criminal-minds-divulgacao-300x169.jpg 300w, https:\/\/radardofuturo.com.br\/test\/wp-content\/uploads\/2021\/01\/criminal-minds-divulgacao-768x432.jpg 768w, https:\/\/radardofuturo.com.br\/test\/wp-content\/uploads\/2021\/01\/criminal-minds-divulgacao-696x392.jpg 696w, https:\/\/radardofuturo.com.br\/test\/wp-content\/uploads\/2021\/01\/criminal-minds-divulgacao.jpg 1200w\" sizes=\"auto, (max-width: 1024px) 100vw, 1024px\"><figcaption>Como ser&aacute; a per&iacute;cia criminal em 2029? M&atilde;e de uma menina que tem hoje 14 anos j&aacute; se preocupa em saber sobre as profiss&otilde;es do futuro. O Radar do Futuro busca as respostas.<\/figcaption><\/figure>\n\n\n\n<!--more-->\n\n\n\n<p>Minha filha de 13 anos, f&atilde; de s&eacute;ries policiais, come&ccedil;ou a se interessar pela profiss&atilde;o de perita criminal. Como algu&eacute;m se torna perita, considerando que n&atilde;o h&aacute; curso superior espec&iacute;fico? Ela pensa em fazer direito para seguir a carreira. &Eacute; isso mesmo? <\/p>\n\n\n\n<p><strong>Andressa G. Becker<\/strong><\/p>\n\n\n\n<p>Oi, Andressa,<\/p>\n\n\n\n<p>Para entender o cen&aacute;rio de 2029, quando a sua filha estiver finalizando um curso universit&aacute;rio, &eacute; importante levar em conta as mudan&ccedil;as dos ambientes social, jur&iacute;dico, econ&ocirc;mico, pol&iacute;tico e ambiental que tendem a ocorrer at&eacute; l&aacute;. Ser&aacute; um cen&aacute;rio bem diferente do atual. E a per&iacute;cia criminal, respons&aacute;vel pelo exame de provas de um crime, ter&aacute; o apoio ainda mais intensivo de ferramentas tecnol&oacute;gicas e biotecnol&oacute;gicas altamente desenvolvidas.<\/p>\n\n\n\n<p>Novos crimes, como os cibern&eacute;ticos, tendem a entrar na lista da produ&ccedil;&atilde;o de provas. Tamb&eacute;m novas drogas v&atilde;o desafiar o profissional. Mas &eacute; poss&iacute;vel supor que os roubos ter&atilde;o sido reduzidos pela perspectiva de <a href=\"https:\/\/radardofuturo.com.br\/test\/ddof\/digitalizacao\/\" target=\"_self\" title=\"Digitaliza&ccedil;&atilde;o &eacute; o processo que transforma coisas anal&oacute;gicas, ou seja, algo com exist&ecirc;ncia f&iacute;sica, como um documento, uma foto, um disco de vinil ou seu ambiente de trabalho, em sistemas ou recursos acess&iacute;veis por computador.\" class=\"encyclopedia\">digitaliza&ccedil;&atilde;o<\/a> de tudo. As pessoas n&atilde;o andar&atilde;o com carteiras de dinheiro e cart&otilde;es de cr&eacute;dito, nem com smartphones na m&atilde;o ou no bolso. Ou com notebooks. Com grande n&uacute;mero de sensores e intelig&ecirc;ncia artificial mais desenvolvida, tudo pode ser acompanhado, de bicicletas a carros e resid&ecirc;ncias. O monitoramento ser&aacute; permanente, com a identifica&ccedil;&atilde;o de imagens pelo uso de equipamentos inteligentes.<\/p>\n\n\n\n<h2 class=\"wp-block-heading\">Tecnologia em tudo<\/h2>\n\n\n\n<p>Intelig&ecirc;ncia artificial, internet das coisas, sensores, drones, biotecnologia e nanotecnologia, entre outras inova&ccedil;&otilde;es aceleradas, d&atilde;o a dica sobre as &aacute;reas de conhecimento da atividade. Independentemente das tecnologias &agrave; disposi&ccedil;&atilde;o em 2029, a jovem deve ser orientada a se dedicar ao m&aacute;ximo &agrave; forma&ccedil;&atilde;o universit&aacute;ria, num curso de sa&uacute;de ou exatas.<\/p>\n\n\n\n<p>Para fun&ccedil;&otilde;es espec&iacute;ficas, os melhores cursos s&atilde;o odontologia, farm&aacute;cia, f&iacute;sica, ci&ecirc;ncia da computa&ccedil;&atilde;o, engenharias, biologia, medicina e contabilidade&rdquo;, avalia Guilherme Melo Franco, perito criminal da Pol&iacute;cia Civil de Minas Gerais. Formado em odontologia, ele considera que o curso &eacute; o mais completo e &uacute;til para quem pretende atuar na &aacute;rea.<\/p>\n\n\n\n<h2 class=\"wp-block-heading\">Depoimento<\/h2>\n\n\n\n<p>Apaixonado pela atividade, Guilherme Franco aposta que o &ldquo;glamour&rdquo; que ronda a imagem do trabalho de perito criminal &mdash; ou crime scene investigator (CSI) &mdash; sempre vai existir, mesmo com os avan&ccedil;os que tendem a ocorrer na sociedade. Basicamente, s&atilde;o dois motivos. Primeiro, pelo fato de ser um trabalho intrigante, interessante, por causa dos mist&eacute;rios a serem resolvidos. &ldquo;E pelo fato de ter a ver com luta do bem contra o mal. H&aacute; pessoas m&aacute;s por a&iacute;. E o perito ajuda a fazer justi&ccedil;a contra elas&rdquo;, assinala.<\/p>\n\n\n\n<p>&Eacute; certo que, nas condi&ccedil;&otilde;es pol&iacute;ticas e econ&ocirc;micas de hoje, no Pa&iacute;s, nem tudo s&atilde;o facilidades. &Eacute; poss&iacute;vel, de fato, encontrar exemplos de investiga&ccedil;&otilde;es com recursos super modernos, como se v&ecirc; nos filmes. Tecnologias avan&ccedil;adas s&atilde;o aplicadas em investiga&ccedil;&otilde;es de acontecimentos de grande relev&acirc;ncia, como o crime ambiental em Brumadinho, que matou centenas de pessoas. Mas, no dia a dia, os recursos para as investiga&ccedil;&otilde;es podem ser escassos.<\/p>\n\n\n\n<p>Guilherme Franco atesta que, hoje em dia, &ldquo;j&aacute; temos tecnologia para conseguirmos, com grau satisfat&oacute;rio de efici&ecirc;ncia, identificar suspeitos e armas de crime atrav&eacute;s de bancos de dados de papiloscopia, DNA, bal&iacute;stica e <a href=\"https:\/\/radardofuturo.com.br\/test\/ddof\/o-que-e-reconhecimento-facial\/\" target=\"_self\" title=\"Reconhecimento facial &eacute; jun&ccedil;&atilde;o de tecnologias de reconhecimento e processamento de imagens por intelig&ecirc;ncia artificial com c&acirc;meras instaladas em locais p&uacute;blicos e privados com o objetivo de possibilitar o monitoramento e identifica&ccedil;&atilde;o de pessoas a partir da an&aacute;lise de rostos. Os sistemas podem ser usados para identificar pessoas em fotos, v&iacute;deos ou em tempo real.&hellip;\" class=\"encyclopedia\">reconhecimento facial<\/a>&rdquo;. Gra&ccedil;as a um desses recursos, a pol&iacute;cia do Paran&aacute; elucidou recentemente um crime ocorrido h&aacute; 15 anos, envolvendo uma adolescente.<\/p>\n\n\n\n<p>O investimento em tecnologia &eacute;, hoje, muito baixo, seja por falta de dinheiro, ou, principalmente, por falta de vontade politica. Investimentos que poderiam ser direcionados para a implanta&ccedil;&atilde;o de bancos de dados, por exemplo, acabam servindo para a compra de viaturas, que d&atilde;o mais visibilidade para os pol&iacute;ticos. Algumas das limita&ccedil;&otilde;es tendem, no entanto, ser superadas. Em especial, a redu&ccedil;&atilde;o de custos de softwares e equipamentos informatizados tende a ampliar o acesso aos procedimentos de per&iacute;cia.<\/p>\n\n\n\n<pre class=\"wp-block-preformatted\"><strong>Voc\u00ea gostaria de obter mais informa\u00e7\u00f5es?<\/strong><\/pre>\n\n\n\n<h4 class=\"wp-block-heading\"><strong>Entre em contato. Encaminhe as suas d&uacute;vidas<\/strong><\/h4>\n\n\n\n<div class=\"wp-block-columns is-layout-flex wp-container-core-columns-is-layout-9d6595d7 wp-block-columns-is-layout-flex\">\n<div class=\"wp-block-column is-layout-flow wp-block-column-is-layout-flow\">\n<figure class=\"wp-block-image size-full\"><img loading=\"lazy\" decoding=\"async\" width=\"800\" height=\"800\" src=\"https:\/\/radardofuturo.com.br\/test\/wp-content\/uploads\/2022\/07\/antecipe-se-ao-futuro.png\" alt=\"\" class=\"wp-image-23941\" srcset=\"https:\/\/radardofuturo.com.br\/test\/wp-content\/uploads\/2022\/07\/antecipe-se-ao-futuro.png 800w, https:\/\/radardofuturo.com.br\/test\/wp-content\/uploads\/2022\/07\/antecipe-se-ao-futuro-300x300.png 300w, https:\/\/radardofuturo.com.br\/test\/wp-content\/uploads\/2022\/07\/antecipe-se-ao-futuro-150x150.png 150w, https:\/\/radardofuturo.com.br\/test\/wp-content\/uploads\/2022\/07\/antecipe-se-ao-futuro-768x768.png 768w, https:\/\/radardofuturo.com.br\/test\/wp-content\/uploads\/2022\/07\/antecipe-se-ao-futuro-696x696.png 696w, https:\/\/radardofuturo.com.br\/test\/wp-content\/uploads\/2022\/07\/antecipe-se-ao-futuro-96x96.png 96w\" sizes=\"auto, (max-width: 800px) 100vw, 800px\"><\/figure>\n<\/div>\n\n\n\n<div class=\"wp-block-column is-layout-flow wp-block-column-is-layout-flow\">\n<div class=\"wp-block-contact-form-7-contact-form-selector\">\n<div class=\"wpcf7 no-js\" id=\"wpcf7-f3203-o1\" lang=\"pt-BR\" dir=\"ltr\" data-wpcf7-id=\"3203\">\n<div class=\"screen-reader-response\"><p role=\"status\" aria-live=\"polite\" aria-atomic=\"true\"><\/p> <ul><\/ul><\/div>\n<form action=\"\/test\/wp-json\/wp\/v2\/posts\/9698#wpcf7-f3203-o1\" method=\"post\" class=\"wpcf7-form init\" aria-label=\"Formul&aacute;rios de contato\" novalidate=\"novalidate\" data-status=\"init\">\n<fieldset class=\"hidden-fields-container\"><input type=\"hidden\" name=\"_wpcf7\" value=\"3203\"><input type=\"hidden\" name=\"_wpcf7_version\" value=\"6.1.5\"><input type=\"hidden\" name=\"_wpcf7_locale\" value=\"pt_BR\"><input type=\"hidden\" name=\"_wpcf7_unit_tag\" value=\"wpcf7-f3203-o1\"><input type=\"hidden\" name=\"_wpcf7_container_post\" value=\"0\"><input type=\"hidden\" name=\"_wpcf7_posted_data_hash\" value=\"\">\n<\/fieldset>\n<p><b>A gente quer manter voc&ecirc; bem informado sobre <a href=\"https:\/\/radardofuturo.com.br\/test\/ddof\/o-que-sao-tendencias\/\" target=\"_self\" title=\"Confira o que s&atilde;o tend&ecirc;ncias, os fatos ou fen&ocirc;menos que podem acontecer em algum momento adiante na hist&oacute;ria da sociedade, como um novo comportamento individual ou de um grupo\" class=\"encyclopedia\">tend&ecirc;ncias<\/a> impactantes<\/b>\n<\/p>\n<p>Deixe abaixo o seu e-mail para receber nossos insights sobre o futuro.\n<\/p>\n<p>Seu Nome (obrigat&oacute;rio)\n<\/p>\n<p><span class=\"wpcf7-form-control-wrap\" data-name=\"your-name\"><input size=\"40\" maxlength=\"400\" class=\"wpcf7-form-control wpcf7-text wpcf7-validates-as-required\" aria-required=\"true\" aria-invalid=\"false\" value=\"\" type=\"text\" name=\"your-name\"><\/span>\n<\/p>\n<p>Seu e-mail (obrigat&oacute;rio)\n<\/p>\n<p><span class=\"wpcf7-form-control-wrap\" data-name=\"your-email\"><input size=\"40\" maxlength=\"400\" class=\"wpcf7-form-control wpcf7-email wpcf7-validates-as-required wpcf7-text wpcf7-validates-as-email\" aria-required=\"true\" aria-invalid=\"false\" value=\"\" type=\"email\" name=\"your-email\"><\/span>\n<\/p>\n<p><input class=\"wpcf7-form-control wpcf7-submit has-spinner\" type=\"submit\" value=\"Enviar\">\n<\/p><p style=\"display: none !important;\"><label>&Delta;<textarea name=\"_wpcf7_ak_hp_textarea\" cols=\"45\" rows=\"8\" maxlength=\"100\"><\/textarea><\/label><input type=\"hidden\" id=\"ak_js_1\" name=\"_wpcf7_ak_js\" value=\"94\"><script>document.getElementById( \"ak_js_1\" ).setAttribute( \"value\", ( new Date() ).getTime() );<\/script><\/p><input type=\"hidden\" class=\"wpcf7-pum\" value='{\"closepopup\":false,\"closedelay\":0,\"openpopup\":false,\"openpopup_id\":0}'><div class=\"wpcf7-response-output\" aria-hidden=\"true\"><\/div>\n<\/form>\n<\/div>\n<\/div>\n<\/div>\n<\/div>\n\n\n\n\n\n<p><\/p>\n","protected":false},"excerpt":{"rendered":"","protected":false},"author":1,"featured_media":15348,"comment_status":"open","ping_status":"open","sticky":false,"template":"","format":"standard","meta":{"tdm_status":"","tdm_grid_status":"","footnotes":"","jetpack_publicize_message":"","jetpack_publicize_feature_enabled":true,"jetpack_social_post_already_shared":true,"jetpack_social_options":{"image_generator_settings":{"template":"highway","enabled":false},"version":2}},"categories":[20,2007,14,31],"tags":[2390,240,73,2281,1942],"class_list":{"0":"post-9698","1":"post","2":"type-post","3":"status-publish","4":"format-standard","5":"has-post-thumbnail","7":"category-destaques","8":"category-futuro-das-profissoes","9":"category-mercado-de-trabalho","10":"category-tendencias-profissoes","11":"tag-futuro-da-pericia-criminal","12":"tag-futuro-das-profissoes","13":"tag-mercado-de-trabalho","14":"tag-tendencias-das-profissoes","15":"tag-tendencias-do-direito"},"jetpack_publicize_connections":[],"jetpack_featured_media_url":"https:\/\/radardofuturo.com.br\/test\/wp-content\/uploads\/2021\/01\/criminal-minds-divulgacao.jpg","post_mailing_queue_ids":[],"_links":{"self":[{"href":"https:\/\/radardofuturo.com.br\/test\/wp-json\/wp\/v2\/posts\/9698","targetHints":{"allow":["GET"]}}],"collection":[{"href":"https:\/\/radardofuturo.com.br\/test\/wp-json\/wp\/v2\/posts"}],"about":[{"href":"https:\/\/radardofuturo.com.br\/test\/wp-json\/wp\/v2\/types\/post"}],"author":[{"embeddable":true,"href":"https:\/\/radardofuturo.com.br\/test\/wp-json\/wp\/v2\/users\/1"}],"replies":[{"embeddable":true,"href":"https:\/\/radardofuturo.com.br\/test\/wp-json\/wp\/v2\/comments?post=9698"}],"version-history":[{"count":0,"href":"https:\/\/radardofuturo.com.br\/test\/wp-json\/wp\/v2\/posts\/9698\/revisions"}],"wp:featuredmedia":[{"embeddable":true,"href":"https:\/\/radardofuturo.com.br\/test\/wp-json\/wp\/v2\/media\/15348"}],"wp:attachment":[{"href":"https:\/\/radardofuturo.com.br\/test\/wp-json\/wp\/v2\/media?parent=9698"}],"wp:term":[{"taxonomy":"category","embeddable":true,"href":"https:\/\/radardofuturo.com.br\/test\/wp-json\/wp\/v2\/categories?post=9698"},{"taxonomy":"post_tag","embeddable":true,"href":"https:\/\/radardofuturo.com.br\/test\/wp-json\/wp\/v2\/tags?post=9698"}],"curies":[{"name":"wp","href":"https:\/\/api.w.org\/{rel}","templated":true}]}}