{"id":9374,"date":"2020-01-17T14:32:55","date_gmt":"2020-01-17T17:32:55","guid":{"rendered":"https:\/\/radardofuturo.com.br\/?p=9374"},"modified":"2020-01-17T14:38:53","modified_gmt":"2020-01-17T17:38:53","slug":"carros-eletricos-realidade-distante-ou-revolucao-positiva","status":"publish","type":"post","link":"https:\/\/radardofuturo.com.br\/test\/carros-eletricos-realidade-distante-ou-revolucao-positiva\/","title":{"rendered":"Carros el\u00e9tricos: realidade distante ou revolu\u00e7\u00e3o positiva?"},"content":{"rendered":"<figure id=\"attachment_9375\" aria-describedby=\"caption-attachment-9375\" style=\"width: 700px\" class=\"wp-caption aligncenter\"><a href=\"https:\/\/radardofuturo.com.br\/test\/wp-content\/uploads\/2020\/01\/carro-eletrico-abastecimento.png\"><img loading=\"lazy\" decoding=\"async\" class=\"size-full wp-image-9375\" src=\"https:\/\/radardofuturo.com.br\/test\/wp-content\/uploads\/2020\/01\/carro-eletrico-abastecimento.png\" alt=\"A amplia&ccedil;&atilde;o da frota de ve&iacute;culos movidos por energia el&eacute;trica ainda depende da supera&ccedil;&atilde;o de desafios operacionais. \" width=\"700\" height=\"500\" srcset=\"https:\/\/radardofuturo.com.br\/test\/wp-content\/uploads\/2020\/01\/carro-eletrico-abastecimento.png 700w, https:\/\/radardofuturo.com.br\/test\/wp-content\/uploads\/2020\/01\/carro-eletrico-abastecimento-300x214.png 300w, https:\/\/radardofuturo.com.br\/test\/wp-content\/uploads\/2020\/01\/carro-eletrico-abastecimento-100x70.png 100w, https:\/\/radardofuturo.com.br\/test\/wp-content\/uploads\/2020\/01\/carro-eletrico-abastecimento-696x497.png 696w\" sizes=\"auto, (max-width: 700px) 100vw, 700px\"><\/a><figcaption id=\"caption-attachment-9375\" class=\"wp-caption-text\">A amplia&ccedil;&atilde;o da frota de ve&iacute;culos movidos por energia el&eacute;trica ainda depende da supera&ccedil;&atilde;o de desafios operacionais.<\/figcaption><\/figure>\n<p>Diego Andrade Bini *<\/p>\n<p><!--more-->Em outubro deste ano, realizou-se em S&atilde;o Paulo o Ve&iacute;culo El&eacute;trico Latino-Americano, um sal&atilde;o que recebeu apenas 6 mil visitantes. De certa forma, o evento acaba sendo um retrato fiel do desempenho dos carros el&eacute;tricos no Brasil e tamb&eacute;m no resto do mundo. Em setembro, no recente Sal&atilde;o de Frankfurt, todas as montadoras europeias apresentaram planos para novos lan&ccedil;amentos de carros el&eacute;tricos, mas tamb&eacute;m avisaram: &ldquo;N&oacute;s fizemos a nossa parte&rdquo;.<\/p>\n<p>Em comunicado conjunto, as montadoras revelaram que consideram que fizeram a sua parte para a populariza&ccedil;&atilde;o dos carros el&eacute;tricos, desenvolvendo diversos modelos e investindo em pesquisa. Agora, de acordo com elas, seria a vez dos governos nacionais e dos consumidores contribu&iacute;rem para o sucesso da tecnologia.<\/p>\n<p>Pelo menos em parte, h&aacute; raz&atilde;o para compreender o comunicado das montadoras. Em rela&ccedil;&atilde;o ao percentual de vendas no geral, os carros el&eacute;tricos correspondem a cerca de 3% do mercado apenas. Isso &eacute; um n&uacute;mero muito baixo para o total de dinheiro investido nos recursos.<\/p>\n<p>A situa&ccedil;&atilde;o deve permanecer assim. De acordo com a previs&atilde;o de especialistas, o volume de venda dos el&eacute;tricos dever&aacute; manter o ritmo e chegar at&eacute; meados da pr&oacute;xima d&eacute;cada, quando finalmente ultrapassar&aacute; a barreira e come&ccedil;ar&aacute; a dominar o mercado.<\/p>\n<p>As raz&otilde;es para a demora na ado&ccedil;&atilde;o dos carros el&eacute;tricos s&atilde;o muitas. Apesar de todas as vantagens que eles t&ecirc;m, como facilidade na instala&ccedil;&atilde;o e cria&ccedil;&atilde;o de acess&oacute;rios automotivos, economia no combust&iacute;vel e menos danos ao meio ambiente, os ve&iacute;culos el&eacute;tricos contam com uma s&eacute;rie de problemas para serem resolvidos.<\/p>\n<p>O primeiro deles &eacute; a infraestrutura. Muita gente n&atilde;o percebe, mas toda a infraestrutura veicular atualmente &eacute; pensada em carros a combust&atilde;o. Por exemplo, todas as bombas de gasolina s&oacute; est&atilde;o equipadas para isso. As dist&acirc;ncias dos postos de atendimento nas rodovias &eacute; pensada na autonomia dos carros a combust&atilde;o e n&atilde;o nos el&eacute;tricos.<\/p>\n<p>Por isso, para que haja espa&ccedil;o para os el&eacute;tricos no Brasil, &eacute; necess&aacute;rio criar uma infraestrutura que d&ecirc; suporte para esses ve&iacute;culos. Por causa disso, muitas empresas est&atilde;o trabalhando para trazer justamente esse recurso ao mercado.<\/p>\n<p>Recentemente, no fim de outubro, a EDP Brasil (filial nacional da Energias de Portugal, empresa respons&aacute;vel pela produ&ccedil;&atilde;o energ&eacute;tica em Portugal) firmou um acordo com v&aacute;rias empresas, entre elas a Porsche, Audi, Volkswagen, ABB, Siemens e Electric Mobility Brasil para investir R$ 32,9 milh&otilde;es na instala&ccedil;&atilde;o de uma rede de recarga r&aacute;pida em 30 postos espalhados nas rodovias de S&atilde;o Paulo.<\/p>\n<p>A ideia &eacute; fornecer uma rede de abastecimento que permita que os ve&iacute;culos el&eacute;tricos possam correr do Paran&aacute; at&eacute; o Esp&iacute;rito Santo sem dificuldades de abastecimento (isso porque j&aacute; existem redes similares no Paran&aacute;, no Rio de Janeiro e no Esp&iacute;rito Santo).<\/p>\n<p>Essa &eacute; apenas uma das 30 propostas que foram aprovadas pela Ag&ecirc;ncia Nacional de Energia El&eacute;trica (Aneel) dentro do plano Desenvolvimento de Solu&ccedil;&otilde;es em Mobilidade El&eacute;trica Eficiente. No total, o plano prev&ecirc; o investimento de R$462,8 milh&otilde;es na cria&ccedil;&atilde;o de infraestrutura para carros el&eacute;tricos no Brasil. Desse montante, R$72,2 milh&otilde;es ser&atilde;o investimentos privados de empresas do setor automobil&iacute;stico ou de energia, enquanto os outros R$391,6 milh&otilde;es ser&atilde;o do Programa de Pesquisa e Desenvolvimento da Aneel.<\/p>\n<p>De acordo com a EDP, a perspectiva &eacute; que existam pelo menos 2 milh&otilde;es de carros el&eacute;tricos no Brasil at&eacute; 2030, quando talvez sejam necess&aacute;rios novos postos de abastecimento para lidar com uma demanda maior.<\/p>\n<p>Em 2019, de janeiro a agosto, foram emplacados 4.172 carros el&eacute;tricos, um n&uacute;mero maior do que o total de 2018 (3.970) e mais ou menos equivalente a 1 ter&ccedil;o de todos os ve&iacute;culos el&eacute;tricos licenciados no pa&iacute;s desde 2012 (14,8 mil).<\/p>\n<p>Al&eacute;m dos carros de passeio el&eacute;tricos, a grande aposta das empresas atualmente s&atilde;o os ve&iacute;culos funcionais, como os &ocirc;nibus e caminh&otilde;es. Eles devem ser os primeiros a serem eletrificados pois contam com maior dose de investimento por tr&aacute;s, al&eacute;m de terem aceitabilidade mais f&aacute;cil. Segundo especialistas, &eacute; bem mais complicado fazer com que os el&eacute;tricos penetrem a massa urbana comercial.<\/p>\n<p>Isso acontece n&atilde;o s&oacute; pela falta de infraestrutura, mas pela acessibilidade. O el&eacute;trico mais barato no Brasil &eacute; o iEV20, da JAC Motors, rec&eacute;m-anunciado por R$ 119.990. O pre&ccedil;o &eacute; bem acima da m&eacute;dia do mercado, especialmente quando pensamos que o Onix custa aproximadamente R$ 40 mil. Os n&uacute;meros tamb&eacute;m n&atilde;o animam no quesito desempenho: o motor gera 68 cavalos de pot&ecirc;ncia, n&atilde;o ultrapassa 111 km\/h e leva 16 segundos para ir de 0 a 100 km\/h.<\/p>\n<p>Por isso, ainda h&aacute; um longo caminho a ser percorrido para que os carros el&eacute;tricos deixem de ser uma realidade distante e passem a exercer o papel revolucion&aacute;rio que tantos especialistas disseram que eles teriam. Afinal, &eacute; fato de que quando as frotas forem el&eacute;tricas e n&atilde;o a combust&atilde;o, o dano ambiental ser&aacute; muito menor, as cidades ter&atilde;o ares mais puros e a economia ser&aacute; significativa para os motoristas.<\/p>\n<hr>\n<ul>\n<li><em>Analista de Conte&uacute;do na Upsites<\/em><\/li>\n<\/ul>\n<p>&nbsp;<br>\n<a href=\"https:\/\/radardofuturo.com.br\/test\/wp-content\/uploads\/2019\/12\/do-futuro-logomarca-da-loja2.png\"><img decoding=\"async\" class=\"aligncenter size-full wp-image-8987\" src=\"https:\/\/radardofuturo.com.br\/test\/wp-content\/uploads\/2019\/12\/do-futuro-logomarca-da-loja2.png\" alt=\"\" width=\"100%\" height=\"200\" srcset=\"https:\/\/radardofuturo.com.br\/test\/wp-content\/uploads\/2019\/12\/do-futuro-logomarca-da-loja2.png 1200w, https:\/\/radardofuturo.com.br\/test\/wp-content\/uploads\/2019\/12\/do-futuro-logomarca-da-loja2-300x50.png 300w, https:\/\/radardofuturo.com.br\/test\/wp-content\/uploads\/2019\/12\/do-futuro-logomarca-da-loja2-768x128.png 768w, https:\/\/radardofuturo.com.br\/test\/wp-content\/uploads\/2019\/12\/do-futuro-logomarca-da-loja2-1024x171.png 1024w, https:\/\/radardofuturo.com.br\/test\/wp-content\/uploads\/2019\/12\/do-futuro-logomarca-da-loja2-696x116.png 696w\" sizes=\"(max-width: 1200px) 100vw, 1200px\"><\/a><\/p>\n<table style=\"width: 694;\">\n<tbody>\n<tr>\n<td><a href=\"https:\/\/www.amazon.com.br\/Gera%C3%A7%C3%A3o-Sabrina-Carvalho-Do-Carmo\/dp\/6139757800\/ref=as_li_ss_il?__mk_pt_BR=%C3%85M%C3%85%C5%BD%C3%95%C3%91&amp;keywords=millenials&amp;qid=1579088230&amp;s=books&amp;sr=1-4&amp;linkCode=li2&amp;tag=oportunidad0f-20&amp;linkId=86a63b3c88c94e072a546e08bb465662\" target=\"_blank\" rel=\"noopener noreferrer\"><img decoding=\"async\" src=\"\/\/ws-na.amazon-adsystem.com\/widgets\/q?_encoding=UTF8&amp;ASIN=6139757800&amp;Format=_SL160_&amp;ID=AsinImage&amp;MarketPlace=BR&amp;ServiceVersion=20070822&amp;WS=1&amp;tag=oportunidad0f-20\" border=\"0\"><\/a><img loading=\"lazy\" decoding=\"async\" style=\"border: none !important; margin: 0px !important;\" src=\"https:\/\/ir-br.amazon-adsystem.com\/e\/ir?t=oportunidad0f-20&amp;l=li2&amp;o=33&amp;a=6139757800\" alt=\"\" width=\"1\" height=\"1\" border=\"0\"><\/td>\n<td><a href=\"https:\/\/www.amazon.com.br\/Gera%C3%A7%C3%B5es-Perfis-Motivacionais-Paulo-Code%C3%A7o\/dp\/8581925952\/ref=as_li_ss_il?_encoding=UTF8&amp;pd_rd_i=8581925952&amp;pd_rd_r=82679bbd-d239-4d14-a915-0a87d746be7d&amp;pd_rd_w=IqN70&amp;pd_rd_wg=jFbT8&amp;pf_rd_p=99d7b8c6-70e7-40d2-8359-1fc845484df3&amp;pf_rd_r=AQ2VQ0Y1N2M55HCXCY8M&amp;psc=1&amp;refRID=AQ2VQ0Y1N2M55HCXCY8M&amp;linkCode=li2&amp;tag=oportunidad0f-20&amp;linkId=abea352f09ca6ec4a9226a4f9c83f250\" target=\"_blank\" rel=\"noopener noreferrer\"><img decoding=\"async\" src=\"\/\/ws-na.amazon-adsystem.com\/widgets\/q?_encoding=UTF8&amp;ASIN=8581925952&amp;Format=_SL160_&amp;ID=AsinImage&amp;MarketPlace=BR&amp;ServiceVersion=20070822&amp;WS=1&amp;tag=oportunidad0f-20\" border=\"0\"><\/a><img loading=\"lazy\" decoding=\"async\" style=\"border: none !important; margin: 0px !important;\" src=\"https:\/\/ir-br.amazon-adsystem.com\/e\/ir?t=oportunidad0f-20&amp;l=li2&amp;o=33&amp;a=8581925952\" alt=\"\" width=\"1\" height=\"1\" border=\"0\"><\/td>\n<td><a href=\"https:\/\/www.amazon.com.br\/Gera%C3%A7%C3%B5es-Encontros-Desencontros-Novas-Perspectivas\/dp\/8582110677\/ref=as_li_ss_il?_encoding=UTF8&amp;pd_rd_i=8582110677&amp;pd_rd_r=c8d66527-48b3-493e-92de-27ec9eb46035&amp;pd_rd_w=sSRTg&amp;pd_rd_wg=adPrp&amp;pf_rd_p=99d7b8c6-70e7-40d2-8359-1fc845484df3&amp;pf_rd_r=TR9GTPTG8G31MXQCZQHV&amp;psc=1&amp;refRID=TR9GTPTG8G31MXQCZQHV&amp;linkCode=li2&amp;tag=oportunidad0f-20&amp;linkId=dfd729ba2cb849ecb117b157dc12ac0e\" target=\"_blank\" rel=\"noopener noreferrer\"><img decoding=\"async\" src=\"\/\/ws-na.amazon-adsystem.com\/widgets\/q?_encoding=UTF8&amp;ASIN=8582110677&amp;Format=_SL160_&amp;ID=AsinImage&amp;MarketPlace=BR&amp;ServiceVersion=20070822&amp;WS=1&amp;tag=oportunidad0f-20\" border=\"0\"><\/a><img loading=\"lazy\" decoding=\"async\" style=\"border: none !important; margin: 0px !important;\" src=\"https:\/\/ir-br.amazon-adsystem.com\/e\/ir?t=oportunidad0f-20&amp;l=li2&amp;o=33&amp;a=8582110677\" alt=\"\" width=\"1\" height=\"1\" border=\"0\"><\/td>\n<\/tr>\n<tr>\n<td><iframe style=\"width: 120px; height: 240px;\" src=\"\/\/ws-na.amazon-adsystem.com\/widgets\/q?ServiceVersion=20070822&amp;OneJS=1&amp;Operation=GetAdHtml&amp;MarketPlace=BR&amp;source=ss&amp;ref=as_ss_li_til&amp;ad_type=product_link&amp;tracking_id=oportunidad0f-20&amp;marketplace=amazon&amp;region=BR&amp;placement=8535932399&amp;asins=8535932399&amp;linkId=992300d6ee2669f74643f1a83f044eeb&amp;show_border=true&amp;link_opens_in_new_window=true\" frameborder=\"0\" marginwidth=\"0\" marginheight=\"0\" scrolling=\"no\"><span data-mce-type=\"bookmark\" style=\"display: inline-block; width: 0px; overflow: hidden; line-height: 0;\" class=\"mce_SELRES_end\">&#65279;<\/span><\/iframe><img loading=\"lazy\" decoding=\"async\" style=\"border: none !important; margin: 0px !important;\" src=\"https:\/\/ir-br.amazon-adsystem.com\/e\/ir?t=oportunidad0f-20&amp;l=li2&amp;o=33&amp;a=8553213366\" alt=\"\" width=\"1\" height=\"1\" border=\"0\"><\/td>\n<td><img loading=\"lazy\" decoding=\"async\" style=\"border: none !important; margin: 0px !important;\" src=\"https:\/\/ir-br.amazon-adsystem.com\/e\/ir?t=oportunidad0f-20&amp;l=li2&amp;o=33&amp;a=8547231757\" alt=\"\" width=\"1\" height=\"1\" border=\"0\"><iframe style=\"width: 120px; height: 240px;\" src=\"\/\/ws-na.amazon-adsystem.com\/widgets\/q?ServiceVersion=20070822&amp;OneJS=1&amp;Operation=GetAdHtml&amp;MarketPlace=BR&amp;source=ss&amp;ref=as_ss_li_til&amp;ad_type=product_link&amp;tracking_id=oportunidad0f-20&amp;marketplace=amazon&amp;region=BR&amp;placement=8571260214&amp;asins=8571260214&amp;linkId=17651c6314b60f4e0fb34e7bab7fb9ba&amp;show_border=true&amp;link_opens_in_new_window=true\" frameborder=\"0\" marginwidth=\"0\" marginheight=\"0\" scrolling=\"no\"><\/iframe><\/td>\n<td><iframe style=\"width: 120px; height: 240px;\" src=\"\/\/ws-na.amazon-adsystem.com\/widgets\/q?ServiceVersion=20070822&amp;OneJS=1&amp;Operation=GetAdHtml&amp;MarketPlace=BR&amp;source=ss&amp;ref=as_ss_li_til&amp;ad_type=product_link&amp;tracking_id=oportunidad0f-20&amp;marketplace=amazon&amp;region=BR&amp;placement=8551304046&amp;asins=8551304046&amp;linkId=f8cbe5b18508109d427b041698311364&amp;show_border=true&amp;link_opens_in_new_window=true\" frameborder=\"0\" marginwidth=\"0\" marginheight=\"0\" scrolling=\"no\"><\/iframe><\/td>\n<\/tr>\n<\/tbody>\n<\/table>\n","protected":false},"excerpt":{"rendered":"<p>Diego Andrade Bini *<\/p>\n","protected":false},"author":1,"featured_media":9375,"comment_status":"open","ping_status":"open","sticky":false,"template":"","format":"standard","meta":{"tdm_status":"","tdm_grid_status":"","footnotes":"","jetpack_publicize_message":"","jetpack_publicize_feature_enabled":true,"jetpack_social_post_already_shared":true,"jetpack_social_options":{"image_generator_settings":{"template":"highway","enabled":false},"version":2}},"categories":[20,19,36,16],"tags":[561,721,1837,1840,1838,1839],"class_list":{"0":"post-9374","1":"post","2":"type-post","3":"status-publish","4":"format-standard","5":"has-post-thumbnail","7":"category-destaques","8":"category-insights","9":"category-pensadores-futuro","10":"category-tendencias-setores","11":"tag-carros-eletricos","12":"tag-futuro-da-industria-de-automoveis","13":"tag-futuro-dos-automoveis","14":"tag-futuro-dos-carros-eletricos","15":"tag-industria-de-automoveis","16":"tag-industria-de-carros"},"jetpack_publicize_connections":[],"jetpack_featured_media_url":"https:\/\/radardofuturo.com.br\/test\/wp-content\/uploads\/2020\/01\/carro-eletrico-abastecimento.png","post_mailing_queue_ids":[],"_links":{"self":[{"href":"https:\/\/radardofuturo.com.br\/test\/wp-json\/wp\/v2\/posts\/9374","targetHints":{"allow":["GET"]}}],"collection":[{"href":"https:\/\/radardofuturo.com.br\/test\/wp-json\/wp\/v2\/posts"}],"about":[{"href":"https:\/\/radardofuturo.com.br\/test\/wp-json\/wp\/v2\/types\/post"}],"author":[{"embeddable":true,"href":"https:\/\/radardofuturo.com.br\/test\/wp-json\/wp\/v2\/users\/1"}],"replies":[{"embeddable":true,"href":"https:\/\/radardofuturo.com.br\/test\/wp-json\/wp\/v2\/comments?post=9374"}],"version-history":[{"count":0,"href":"https:\/\/radardofuturo.com.br\/test\/wp-json\/wp\/v2\/posts\/9374\/revisions"}],"wp:featuredmedia":[{"embeddable":true,"href":"https:\/\/radardofuturo.com.br\/test\/wp-json\/wp\/v2\/media\/9375"}],"wp:attachment":[{"href":"https:\/\/radardofuturo.com.br\/test\/wp-json\/wp\/v2\/media?parent=9374"}],"wp:term":[{"taxonomy":"category","embeddable":true,"href":"https:\/\/radardofuturo.com.br\/test\/wp-json\/wp\/v2\/categories?post=9374"},{"taxonomy":"post_tag","embeddable":true,"href":"https:\/\/radardofuturo.com.br\/test\/wp-json\/wp\/v2\/tags?post=9374"}],"curies":[{"name":"wp","href":"https:\/\/api.w.org\/{rel}","templated":true}]}}