{"id":9212,"date":"2020-01-09T08:29:23","date_gmt":"2020-01-09T11:29:23","guid":{"rendered":"https:\/\/radardofuturo.com.br\/?p=9212"},"modified":"2020-01-09T08:29:23","modified_gmt":"2020-01-09T11:29:23","slug":"pesquisa-aponta-as-principais-tendencias-em-transformacao-digital-para-2020","status":"publish","type":"post","link":"https:\/\/radardofuturo.com.br\/test\/pesquisa-aponta-as-principais-tendencias-em-transformacao-digital-para-2020\/","title":{"rendered":"Pesquisa aponta as principais tend\u00eancias em transforma\u00e7\u00e3o digital para 2020"},"content":{"rendered":"<figure id=\"attachment_2956\" aria-describedby=\"caption-attachment-2956\" style=\"width: 960px\" class=\"wp-caption aligncenter\"><a href=\"https:\/\/radardofuturo.com.br\/test\/wp-content\/uploads\/2019\/03\/inteligencia-artificial-seguranca-digital-imagem-pixabay.jpg\"><img loading=\"lazy\" decoding=\"async\" class=\"size-full wp-image-2956\" src=\"https:\/\/radardofuturo.com.br\/test\/wp-content\/uploads\/2019\/03\/inteligencia-artificial-seguranca-digital-imagem-pixabay.jpg\" alt=\"Estudo realizado pela CI&amp;T aponta que cinco entre dez empres&aacute;rios acreditam que computa&ccedil;&atilde;o em nuvem e Internet das Coisas ser&atilde;o respons&aacute;veis pelo crescimento dos neg&oacute;cios em 2020 - imagem: Pixabay\" width=\"960\" height=\"640\" srcset=\"https:\/\/radardofuturo.com.br\/test\/wp-content\/uploads\/2019\/03\/inteligencia-artificial-seguranca-digital-imagem-pixabay.jpg 960w, https:\/\/radardofuturo.com.br\/test\/wp-content\/uploads\/2019\/03\/inteligencia-artificial-seguranca-digital-imagem-pixabay-300x200.jpg 300w, https:\/\/radardofuturo.com.br\/test\/wp-content\/uploads\/2019\/03\/inteligencia-artificial-seguranca-digital-imagem-pixabay-768x512.jpg 768w, https:\/\/radardofuturo.com.br\/test\/wp-content\/uploads\/2019\/03\/inteligencia-artificial-seguranca-digital-imagem-pixabay-480x320.jpg 480w\" sizes=\"auto, (max-width: 960px) 100vw, 960px\"><\/a><figcaption id=\"caption-attachment-2956\" class=\"wp-caption-text\">Estudo realizado pela CI&amp;T aponta que cinco entre dez empres&aacute;rios acreditam que computa&ccedil;&atilde;o em nuvem e Internet das Coisas ser&atilde;o respons&aacute;veis pelo crescimento dos neg&oacute;cios em 2020 &ndash; imagem: Pixabay<\/figcaption><\/figure>\n<p><!--more-->CI&amp;T<\/p>\n<p>A computa&ccedil;&atilde;o em nuvem e a Internet das Coisas (IoT) s&atilde;o consideradas as principais tecnologias que ir&atilde;o alavancar o crescimento dos neg&oacute;cios no Brasil neste ano. &Eacute; o que mostrou o estudo <a href=\"https:\/\/radardofuturo.com.br\/test\/ddof\/o-que-sao-tendencias\/\" target=\"_self\" title=\"Confira o que s&atilde;o tend&ecirc;ncias, os fatos ou fen&ocirc;menos que podem acontecer em algum momento adiante na hist&oacute;ria da sociedade, como um novo comportamento individual ou de um grupo\" class=\"encyclopedia\">Tend&ecirc;ncias<\/a> para Transformar Sua Empresa em 2020, realizada pela CI&amp;T, multinacional brasileira especializada em transforma&ccedil;&atilde;o digital, em parceria com a Opinion Box. De acordo com a pesquisa, 56,8% dos executivos acreditam que <a href=\"https:\/\/radardofuturo.com.br\/test\/ddof\/o-que-e-cloud-computing\/\" target=\"_self\" title=\"Cloud Computing ou computa&ccedil;&atilde;o em nuvem &eacute; a oferta de infraestrutura de armazenamento e processamento de dados e informa&ccedil;&otilde;es em ambientes terceirizados. &Eacute; a entrega de diferentes servi&ccedil;os por meio da Internet, em outras palavras. Esses recursos incluem ferramentas e aplicativos como armazenamento de dados, servidores, bancos de dados, rede e software. Em vez de&hellip;\" class=\"encyclopedia\">cloud computing<\/a> ser&aacute; uma das principais tecnologias propulsoras para o crescimento de suas empresas no pr&oacute;ximo ano, seguido de IoT (49,2%).<\/p>\n<p>O estudo, que ouviu mais de 500 executivos brasileiros em n&iacute;veis de lideran&ccedil;a entre novembro e dezembro, capturou o sentimento com rela&ccedil;&atilde;o &agrave;s tecnologias e seus impactos nos rumos dos neg&oacute;cios e junto a seus clientes. Al&eacute;m de computa&ccedil;&atilde;o em nuvem e internet das coisas, a aplica&ccedil;&atilde;o de intelig&ecirc;ncia artificial (47,5%) e assistentes virtuais (41,1%) tamb&eacute;m foram mencionadas com rela&ccedil;&atilde;o a inova&ccedil;&otilde;es que ser&atilde;o inevit&aacute;veis para o crescimento das companhias.<\/p>\n<p>Quando questionados sobre quais tecnologias eles ir&atilde;o investir com certeza para transformar o neg&oacute;cio, a computa&ccedil;&atilde;o em nuvem tamb&eacute;m foi a mais mencionada, com 46,1% dos executivos, seguido de intelig&ecirc;ncia artificial, com 45,6%.<\/p>\n<p>De acordo com Cesar Gon, CEO e cofundador da CI&amp;T, o objetivo do estudo foi entender a forma como as lideran&ccedil;as enxergam a tecnologia para impactar os neg&oacute;cios de suas empresas, seus consumidores e o que t&ecirc;m de fazer para se transformar. &ldquo;&Eacute; preciso garantir que a transforma&ccedil;&atilde;o digital n&atilde;o seja sobre uma atualiza&ccedil;&atilde;o tecnol&oacute;gica, mas sobre a real compreens&atilde;o do que precisa ser feito para atender seu consumidor da forma mais surpreendente poss&iacute;vel.&rdquo;, afirma.<\/p>\n<p>A pesquisa mostrou tamb&eacute;m que automa&ccedil;&atilde;o de processos &eacute; um fator importante para a condu&ccedil;&atilde;o do neg&oacute;cio, e sete em cada dez executivos afirmaram que pretendem investir nessa frente em 2020. Nesse sentido, investir em uma &aacute;rea voltada integralmente para o desenvolvimento digital &eacute; o objetivo de 56,2% dos executivos, que ir&atilde;o provavelmente ou com certeza investir na &aacute;rea nos pr&oacute;ximos cinco anos.<\/p>\n<h2>Seguran&ccedil;a de dados e LGPD<\/h2>\n<p>A seguran&ccedil;a de dados tamb&eacute;m foi um dos pontos considerados cruciais para os executivos brasileiros quando o assunto &eacute; o uso de tecnologia. Oito em cada dez consideram que a sua empresa se preocupa com a seguran&ccedil;a de dados.<\/p>\n<p>Portanto, a entrada em vigor da Lei Geral de Prote&ccedil;&atilde;o de Dados (LGPD), prevista para agosto de 2020, ter&aacute; impactos nos neg&oacute;cios na vis&atilde;o de 75,8% dos executivos.<\/p>\n<p>&ldquo;Esse universo de informa&ccedil;&otilde;es estar&aacute; circulando e se tornando dispon&iacute;vel para potencializar ofertas, descobrir oportunidades e inovar. S&atilde;o dados para encantar o consumidor, desenvolver novos produtos, evitar riscos, melhorar a execu&ccedil;&atilde;o das opera&ccedil;&otilde;es e gerar grandes impactos para os neg&oacute;cios&rdquo;, afirma Erlon Faria Rachi, Data Science Manager da CI&amp;T<\/p>\n<h2>Experi&ecirc;ncia do cliente com a marca<\/h2>\n<p>A experi&ecirc;ncia do cliente com a marca das empresas sem sido cada vez mais estrat&eacute;gico na condu&ccedil;&atilde;o dos neg&oacute;cios para nove entre dez empres&aacute;rios, especialmente se tratarmos de presen&ccedil;a e integra&ccedil;&atilde;o entre canais de intera&ccedil;&atilde;o Para 76% deles, as estrat&eacute;gias de <a href=\"https:\/\/radardofuturo.com.br\/test\/ddof\/o-que-e-ominichannel\/\" target=\"_self\" title=\"Omnichannel &eacute; uma tend&ecirc;ncia do com&eacute;rcio que prop&otilde;e a integra&ccedil;&atilde;o dos canais de divulga&ccedil;&atilde;o e negocia&ccedil;&atilde;o de produtos utilizados pelas empresas, eliminando a distin&ccedil;&atilde;o entre as lojas de tijolo e virtuais. A estrat&eacute;gia tem o objetivo de dar unidade das a&ccedil;&otilde;es e da imagem das organiza&ccedil;&otilde;es. Essa tend&ecirc;ncia &eacute; uma evolu&ccedil;&atilde;o do conceito de multicanal,&hellip;\" class=\"encyclopedia\">omnichannel<\/a> s&atilde;o essenciais para o sucesso do neg&oacute;cio em 2020.<\/p>\n<p>Dentre os diferenciais competitivos que podem ser oferecidos pelas empresas para os consumidores na busca por uma melhor oferta de experi&ecirc;ncia, flexibilidade, personaliza&ccedil;&atilde;o e facilidade de compra foram alguns dos itens mais mencionados. Quanto ao tipo de servi&ccedil;o oferecido, 58,3% dos executivos acreditam que a economia colaborativa ter&aacute; grande papel nos pr&oacute;ximos anos para modificar os rumos dos neg&oacute;cios.<\/p>\n<p><a href=\"https:\/\/radardofuturo.com.br\/test\/wp-content\/uploads\/2019\/12\/do-futuro-logomarca-da-loja2.png\"><img loading=\"lazy\" decoding=\"async\" class=\"aligncenter size-full wp-image-8987\" src=\"https:\/\/radardofuturo.com.br\/test\/wp-content\/uploads\/2019\/12\/do-futuro-logomarca-da-loja2.png\" alt=\"\" width=\"1200\" height=\"200\" srcset=\"https:\/\/radardofuturo.com.br\/test\/wp-content\/uploads\/2019\/12\/do-futuro-logomarca-da-loja2.png 1200w, https:\/\/radardofuturo.com.br\/test\/wp-content\/uploads\/2019\/12\/do-futuro-logomarca-da-loja2-300x50.png 300w, https:\/\/radardofuturo.com.br\/test\/wp-content\/uploads\/2019\/12\/do-futuro-logomarca-da-loja2-768x128.png 768w, https:\/\/radardofuturo.com.br\/test\/wp-content\/uploads\/2019\/12\/do-futuro-logomarca-da-loja2-1024x171.png 1024w, https:\/\/radardofuturo.com.br\/test\/wp-content\/uploads\/2019\/12\/do-futuro-logomarca-da-loja2-696x116.png 696w\" sizes=\"auto, (max-width: 1200px) 100vw, 1200px\"><\/a><\/p>\n<table>\n<tbody>\n<tr>\n<td><iframe style=\"width: 120px; height: 240px;\" src=\"\/\/ws-na.amazon-adsystem.com\/widgets\/q?ServiceVersion=20070822&amp;OneJS=1&amp;Operation=GetAdHtml&amp;MarketPlace=BR&amp;source=ss&amp;ref=as_ss_li_til&amp;ad_type=product_link&amp;tracking_id=oportunidad0f-20&amp;marketplace=amazon&amp;region=BR&amp;placement=8535932399&amp;asins=8535932399&amp;linkId=992300d6ee2669f74643f1a83f044eeb&amp;show_border=true&amp;link_opens_in_new_window=true\" frameborder=\"0\" marginwidth=\"0\" marginheight=\"0\" scrolling=\"no\"><\/iframe><\/td>\n<td><iframe style=\"width: 120px; height: 240px;\" src=\"\/\/ws-na.amazon-adsystem.com\/widgets\/q?ServiceVersion=20070822&amp;OneJS=1&amp;Operation=GetAdHtml&amp;MarketPlace=BR&amp;source=ss&amp;ref=as_ss_li_til&amp;ad_type=product_link&amp;tracking_id=oportunidad0f-20&amp;marketplace=amazon&amp;region=BR&amp;placement=8571260214&amp;asins=8571260214&amp;linkId=17651c6314b60f4e0fb34e7bab7fb9ba&amp;show_border=true&amp;link_opens_in_new_window=true\" frameborder=\"0\" marginwidth=\"0\" marginheight=\"0\" scrolling=\"no\"><\/iframe><\/td>\n<td><iframe style=\"width: 120px; height: 240px;\" src=\"\/\/ws-na.amazon-adsystem.com\/widgets\/q?ServiceVersion=20070822&amp;OneJS=1&amp;Operation=GetAdHtml&amp;MarketPlace=BR&amp;source=ss&amp;ref=as_ss_li_til&amp;ad_type=product_link&amp;tracking_id=oportunidad0f-20&amp;marketplace=amazon&amp;region=BR&amp;placement=8550801887&amp;asins=8550801887&amp;linkId=eaf1301d9b4e1f7db17df6f1c8ded265&amp;show_border=true&amp;link_opens_in_new_window=true\" frameborder=\"0\" marginwidth=\"0\" marginheight=\"0\" scrolling=\"no\"><\/iframe><\/td>\n<\/tr>\n<\/tbody>\n<\/table>\n","protected":false},"excerpt":{"rendered":"","protected":false},"author":1,"featured_media":2956,"comment_status":"open","ping_status":"open","sticky":false,"template":"","format":"standard","meta":{"tdm_status":"","tdm_grid_status":"","footnotes":"","jetpack_publicize_message":"","jetpack_publicize_feature_enabled":true,"jetpack_social_post_already_shared":true,"jetpack_social_options":{"image_generator_settings":{"template":"highway","enabled":false},"version":2}},"categories":[1668],"tags":[310,999,384],"class_list":{"0":"post-9212","1":"post","2":"type-post","3":"status-publish","4":"format-standard","5":"has-post-thumbnail","7":"category-em-2020","8":"tag-em-2020","9":"tag-futuro-das-tecnologias","10":"tag-transformacao-digital"},"jetpack_publicize_connections":[],"jetpack_featured_media_url":"https:\/\/radardofuturo.com.br\/test\/wp-content\/uploads\/2019\/03\/inteligencia-artificial-seguranca-digital-imagem-pixabay.jpg","post_mailing_queue_ids":[],"_links":{"self":[{"href":"https:\/\/radardofuturo.com.br\/test\/wp-json\/wp\/v2\/posts\/9212","targetHints":{"allow":["GET"]}}],"collection":[{"href":"https:\/\/radardofuturo.com.br\/test\/wp-json\/wp\/v2\/posts"}],"about":[{"href":"https:\/\/radardofuturo.com.br\/test\/wp-json\/wp\/v2\/types\/post"}],"author":[{"embeddable":true,"href":"https:\/\/radardofuturo.com.br\/test\/wp-json\/wp\/v2\/users\/1"}],"replies":[{"embeddable":true,"href":"https:\/\/radardofuturo.com.br\/test\/wp-json\/wp\/v2\/comments?post=9212"}],"version-history":[{"count":0,"href":"https:\/\/radardofuturo.com.br\/test\/wp-json\/wp\/v2\/posts\/9212\/revisions"}],"wp:featuredmedia":[{"embeddable":true,"href":"https:\/\/radardofuturo.com.br\/test\/wp-json\/wp\/v2\/media\/2956"}],"wp:attachment":[{"href":"https:\/\/radardofuturo.com.br\/test\/wp-json\/wp\/v2\/media?parent=9212"}],"wp:term":[{"taxonomy":"category","embeddable":true,"href":"https:\/\/radardofuturo.com.br\/test\/wp-json\/wp\/v2\/categories?post=9212"},{"taxonomy":"post_tag","embeddable":true,"href":"https:\/\/radardofuturo.com.br\/test\/wp-json\/wp\/v2\/tags?post=9212"}],"curies":[{"name":"wp","href":"https:\/\/api.w.org\/{rel}","templated":true}]}}