{"id":9174,"date":"2020-01-07T10:19:54","date_gmt":"2020-01-07T13:19:54","guid":{"rendered":"https:\/\/radardofuturo.com.br\/?p=9174"},"modified":"2020-01-07T10:19:54","modified_gmt":"2020-01-07T13:19:54","slug":"conheca-as-quatro-tendencias-para-profissionais-da-area-de-comex-em-2020","status":"publish","type":"post","link":"https:\/\/radardofuturo.com.br\/test\/conheca-as-quatro-tendencias-para-profissionais-da-area-de-comex-em-2020\/","title":{"rendered":"Conhe\u00e7a as quatro tend\u00eancias para profissionais da \u00e1rea de Comex em 2020"},"content":{"rendered":"<figure id=\"attachment_2027\" aria-describedby=\"caption-attachment-2027\" style=\"width: 960px\" class=\"wp-caption aligncenter\"><a href=\"https:\/\/radardofuturo.com.br\/test\/wp-content\/uploads\/2018\/08\/comercio-global-pexels-photo.jpg\"><img loading=\"lazy\" decoding=\"async\" class=\"wp-image-2027 size-full\" src=\"https:\/\/radardofuturo.com.br\/test\/wp-content\/uploads\/2018\/08\/comercio-global-pexels-photo.jpg\" alt=\"O profissional precisar&aacute; mudar e entrar em um n&iacute;vel de excel&ecirc;ncia que consiga participar de forma competitiva de mercado de trabalho.\" width=\"960\" height=\"640\" srcset=\"https:\/\/radardofuturo.com.br\/test\/wp-content\/uploads\/2018\/08\/comercio-global-pexels-photo.jpg 960w, https:\/\/radardofuturo.com.br\/test\/wp-content\/uploads\/2018\/08\/comercio-global-pexels-photo-300x200.jpg 300w, https:\/\/radardofuturo.com.br\/test\/wp-content\/uploads\/2018\/08\/comercio-global-pexels-photo-768x512.jpg 768w, https:\/\/radardofuturo.com.br\/test\/wp-content\/uploads\/2018\/08\/comercio-global-pexels-photo-480x320.jpg 480w\" sizes=\"auto, (max-width: 960px) 100vw, 960px\"><\/a><figcaption id=\"caption-attachment-2027\" class=\"wp-caption-text\">O profissional precisar&aacute; mudar e entrar em um n&iacute;vel de excel&ecirc;ncia que consiga participar de forma competitiva de mercado de trabalho.<\/figcaption><\/figure>\n<p><!--more-->Helmulth Hoffstater *<\/p>\n<p>Para se adequar as necessidades do atual mercado, &eacute; preciso que o profissional esteja preparado para ter resili&ecirc;ncia, flexibilidade, multidisciplinaridade, coragem, criatividade e percep&ccedil;&atilde;o , e al&eacute;m desses fatores, o com&eacute;rcio exterior est&aacute; em constante mudan&ccedil;a, e tudo indica que 2020 ser&aacute; o ano definitivo para o in&iacute;cio de uma estabiliza&ccedil;&atilde;o que visa a redu&ccedil;&atilde;o de burocracia e uma estrutura que permita menores custos nas opera&ccedil;&otilde;es log&iacute;sticas.<\/p>\n<p>Segundo o Presidente-executivo da Associa&ccedil;&atilde;o de Com&eacute;rcio Exterior do Brasil, 2021 ser&aacute; o ano do com&eacute;rcio exterior no Brasil. Ou seja, a profiss&atilde;o est&aacute; se valorizando cada vez mais, com isso, o profissional tamb&eacute;m precisar&aacute; mudar e entrar em um n&iacute;vel de excel&ecirc;ncia que consiga participar de forma competitiva de mercado de trabalho.<\/p>\n<p>&ldquo;O Brasil volta a ser um participante do mercado internacional efetivo e n&atilde;o apenas simb&oacute;lico, como &eacute; hoje&rdquo; &ndash; Presidente-executivo da Associa&ccedil;&atilde;o de Com&eacute;rcio Exterior do Brasil (AEB), Jos&eacute; Augusto de Castro.<\/p>\n<p>Com base nas seis caracter&iacute;sticas acima, podemos analisar algumas <a href=\"https:\/\/radardofuturo.com.br\/test\/ddof\/o-que-sao-tendencias\/\" target=\"_self\" title=\"Confira o que s&atilde;o tend&ecirc;ncias, os fatos ou fen&ocirc;menos que podem acontecer em algum momento adiante na hist&oacute;ria da sociedade, como um novo comportamento individual ou de um grupo\" class=\"encyclopedia\">tend&ecirc;ncias<\/a> para profissionais de com&eacute;rcio exterior nos pr&oacute;ximos anos, s&atilde;o elas:<\/p>\n<h2>1- Capacidade de interpretar e apresentar informa&ccedil;&otilde;es<\/h2>\n<p>O mercado espera do profissional de com&eacute;rcio exterior uma grande capacidade de analisar, interpretar e apresentar dados. Um software pode trazer muitas informa&ccedil;&otilde;es sobre os mais diferentes aspectos do comex, mas de nada adianta se por tr&aacute;s desse software n&atilde;o existir uma pessoa qualificada que o interpreta e consegue entender e transmitir essas informa&ccedil;&otilde;es.<\/p>\n<p>No com&eacute;rcio exterior o fluxo de informa&ccedil;&otilde;es &eacute; muito grande e a gest&atilde;o dessas informa&ccedil;&otilde;es deve ser impec&aacute;vel, sem isso, toda a opera&ccedil;&atilde;o log&iacute;stica pode ser afetada.<\/p>\n<p>Para entender e apresentar resultados para diferentes tipos de pessoas &eacute; necess&aacute;rio: Criatividade e Percep&ccedil;&atilde;o.<\/p>\n<h2>2- Intelig&ecirc;ncia emocional e trabalho com prop&oacute;sito<\/h2>\n<p>O ambiente de com&eacute;rcio exterior pode ser estressante, o profissional possui muitas responsabilidades e negocia o tempo todo. Sempre tenta ser cuidadoso para evitar erros e assim se manter dentro do t&atilde;o temido deadline.<\/p>\n<p>Algumas situa&ccedil;&otilde;es podem abalar o profissional, e &eacute; por esse motivo que a intelig&ecirc;ncia emocional &eacute; essencial. &Eacute; fundamental saber se relacionar com as adversidades e se comunicar com clientes e fornecedores. O relacionamento ser&aacute; uma grande estrat&eacute;gia para empresas nos pr&oacute;ximos anos.<\/p>\n<p>Para se manter motivado no mercado ou em qualquer &aacute;rea, &eacute; necess&aacute;rio trabalhar por um prop&oacute;sito, entender exatamente o que se faz e o porqu&ecirc;. A pior coisa que pode acontecer para uma pessoa &eacute; trabalhar apenas para pagar boletos.<\/p>\n<p>Para ter intelig&ecirc;ncia emocional &eacute; necess&aacute;rio: Resili&ecirc;ncia.<\/p>\n<h2>3- Colabora&ccedil;&atilde;o entre profissionais<\/h2>\n<p>A colabora&ccedil;&atilde;o entre profissionais de com&eacute;rcio exterior &eacute; essencial para conhecer novas habilidades e entender a opera&ccedil;&atilde;o como um todo. Eles devem entender que ajudar um colega de trabalho significa colaborar para concretizar um objetivo principal.<\/p>\n<p>Para a colabora&ccedil;&atilde;o entre profissionais &eacute; necess&aacute;rio: Flexibilidade.<\/p>\n<h2>4- Autogest&atilde;o<\/h2>\n<p>A autogest&atilde;o &eacute; um fator chave, porque apesar da tend&ecirc;ncia ser um ambiente colaborativo, ser&aacute; necess&aacute;rio saber se auto gerenciar, para isso &eacute; necess&aacute;rio que o profissional possua autoconhecimento em analisar as pr&oacute;prias habilidades, bem como conhecer suas fraquezas.<\/p>\n<p>Nesse modelo h&aacute; a igualdade de condi&ccedil;&otilde;es na empresa para tomadas de decis&atilde;o, porque a tend&ecirc;ncia &eacute; a hierarquia diminuir, e haver&aacute; uma estrutura mais horizontal.<\/p>\n<p>Para se auto gerenciar no ambiente de trabalho &eacute; necess&aacute;rio: coragem.<\/p>\n<p>O mercado exige que o profissional de comex possua conhecimento em diversas disciplinas diferentes, para isso &eacute; necess&aacute;rio participar de cursos, eventos e se interessar por outras &aacute;reas, se quiser garantir espa&ccedil;o no mercado de trabalho.<\/p>\n<p>Existem tr&ecirc;s &aacute;reas que o profissional de sucesso deve dominar e que n&atilde;o comp&otilde;em o escopo de sua profiss&atilde;o: Tecnologia e inova&ccedil;&atilde;o; Vendas e Negocia&ccedil;&atilde;o; Estrat&eacute;gias de marketing, incluindo personal branding. Para conhecer cada vez mais &eacute; necess&aacute;rio ter a capacidade da multidisciplinariedade.<\/p>\n<hr>\n<ul>\n<li><em>Helmuth Hofstatter &eacute; empreendedor apaixonado por tecnologia e inova&ccedil;&atilde;o, possui mais de 12 anos de experi&ecirc;ncia no segmento de log&iacute;stica internacional, fundador da LogComex, startup de big data, intelig&ecirc;ncia e automa&ccedil;&atilde;o para log&iacute;stica internacional. &Eacute; especialista em gest&atilde;o de produtos e nas mais diversas solu&ccedil;&otilde;es voltadas ao universo do com&eacute;rcio exterior.<\/em><\/li>\n<\/ul>\n","protected":false},"excerpt":{"rendered":"","protected":false},"author":1,"featured_media":2027,"comment_status":"open","ping_status":"open","sticky":false,"template":"","format":"standard","meta":{"tdm_status":"","tdm_grid_status":"","footnotes":"","jetpack_publicize_message":"","jetpack_publicize_feature_enabled":true,"jetpack_social_post_already_shared":true,"jetpack_social_options":{"image_generator_settings":{"template":"highway","enabled":false},"version":2}},"categories":[36,16],"tags":[1765,1766],"class_list":{"0":"post-9174","1":"post","2":"type-post","3":"status-publish","4":"format-standard","5":"has-post-thumbnail","7":"category-pensadores-futuro","8":"category-tendencias-setores","9":"tag-comercio-exterior","10":"tag-futuro-do-comercio-exterior"},"jetpack_publicize_connections":[],"jetpack_featured_media_url":"https:\/\/radardofuturo.com.br\/test\/wp-content\/uploads\/2018\/08\/comercio-global-pexels-photo.jpg","post_mailing_queue_ids":[],"_links":{"self":[{"href":"https:\/\/radardofuturo.com.br\/test\/wp-json\/wp\/v2\/posts\/9174","targetHints":{"allow":["GET"]}}],"collection":[{"href":"https:\/\/radardofuturo.com.br\/test\/wp-json\/wp\/v2\/posts"}],"about":[{"href":"https:\/\/radardofuturo.com.br\/test\/wp-json\/wp\/v2\/types\/post"}],"author":[{"embeddable":true,"href":"https:\/\/radardofuturo.com.br\/test\/wp-json\/wp\/v2\/users\/1"}],"replies":[{"embeddable":true,"href":"https:\/\/radardofuturo.com.br\/test\/wp-json\/wp\/v2\/comments?post=9174"}],"version-history":[{"count":0,"href":"https:\/\/radardofuturo.com.br\/test\/wp-json\/wp\/v2\/posts\/9174\/revisions"}],"wp:featuredmedia":[{"embeddable":true,"href":"https:\/\/radardofuturo.com.br\/test\/wp-json\/wp\/v2\/media\/2027"}],"wp:attachment":[{"href":"https:\/\/radardofuturo.com.br\/test\/wp-json\/wp\/v2\/media?parent=9174"}],"wp:term":[{"taxonomy":"category","embeddable":true,"href":"https:\/\/radardofuturo.com.br\/test\/wp-json\/wp\/v2\/categories?post=9174"},{"taxonomy":"post_tag","embeddable":true,"href":"https:\/\/radardofuturo.com.br\/test\/wp-json\/wp\/v2\/tags?post=9174"}],"curies":[{"name":"wp","href":"https:\/\/api.w.org\/{rel}","templated":true}]}}