{"id":9161,"date":"2020-01-07T08:04:19","date_gmt":"2020-01-07T11:04:19","guid":{"rendered":"https:\/\/radardofuturo.com.br\/?p=9161"},"modified":"2020-01-07T08:13:18","modified_gmt":"2020-01-07T11:13:18","slug":"o-impact-hub-bh-abre-inscricoes-para-iniciativas-e-negocios-sociais","status":"publish","type":"post","link":"https:\/\/radardofuturo.com.br\/test\/o-impact-hub-bh-abre-inscricoes-para-iniciativas-e-negocios-sociais\/","title":{"rendered":"O Impact Hub BH abre inscri\u00e7\u00f5es para Iniciativas e Neg\u00f3cios Sociais"},"content":{"rendered":"<p>Iniciativa apoiada pela Evo&eacute; e a Endeavor oferece mentorias especializadas coletivas e individuais e outros recursos e outras a&ccedil;&otilde;es de apoio a empreendedores.<\/p>\n<p><!--more-->O Impact Hub Belo Horizonte ir&aacute; selecionar at&eacute; cinco projetos e iniciativas que estejam relacionados aos Objetivos de Desenvolvimento Sustent&aacute;vel da ONU (ODS) e representam minorias e diversidade. A finalidade &eacute; apoiar e oferecer subs&iacute;dios durante seis meses para que eles se desenvolvam como neg&oacute;cio e aumentem seu impacto. As inscri&ccedil;&otilde;es para o Chamada de Impacto estar&atilde;o abertas at&eacute; o dia 10 de janeiro.<\/p>\n<p>Al&eacute;m de oferecer a sua estrutura de coworking e toda a riqueza de conte&uacute;dos e expertises da sua rede, o Impact Hub Belo Horizonte ter&aacute; o apoio da Evo&eacute; e da Endeavor para viabilizar mentorias especializadas coletivas e individuais, bancas de acompanhamento e avalia&ccedil;&atilde;o do projeto, al&eacute;m de todo apoio necess&aacute;rio para o desenvolvimento dos selecionados.<\/p>\n<p>Para participar do processo de sele&ccedil;&atilde;o os interessados dever&atilde;o acessar o link <a href=\"http:\/\/bit.ly\/chamadaHub\" target=\"_blank\" rel=\"noopener\">bit.ly\/chamadaHub<\/a> e preencher o formul&aacute;rio. Os projetos selecionados ser&atilde;o divulgados at&eacute; final de janeiro de 2020. O in&iacute;cio das atividades est&aacute; previsto para primeira quinzena de fevereiro.<\/p>\n<p>A comunidade Impact Hub acredita em um novo paradigma econ&ocirc;mico no qual neg&oacute;cios e pessoas agem conscientemente para criar um mundo justo e sustent&aacute;vel. Para n&oacute;s, sucesso &eacute; o impacto positivo que criamos por isso agimos de forma colaborativa para ampliar esse impacto e mudar o mundo.<\/p>\n<p>Construir comunidades inclusivas e diversas &eacute; um desafio que nos colocamos frequentemente.<\/p>\n<p>Entendemos que inova&ccedil;&atilde;o social &eacute; a resolu&ccedil;&atilde;o de problemas complexos do mundo e s&oacute; vamos conseguir endere&ccedil;ar estes problemas se construirmos times e comunidades diversas.<\/p>\n<p>Por isso, se voc&ecirc; conhece algu&eacute;m que tem uma ideia ou um projeto de impacto positivo, essa &eacute; a hora de divulgar a Chamada de Impacto!<\/p>\n<h2>Para mais informa&ccedil;&otilde;es:<\/h2>\n<p><a href=\"http:\/\/bit.ly\/chamadaHub\" target=\"_blank\" rel=\"noopener\">bit.ly\/chamadaHub<\/a><\/p>\n","protected":false},"excerpt":{"rendered":"<p>Iniciativa apoiada pela Evo&eacute; e a Endeavor oferece mentorias especializadas coletivas e individuais e outros recursos e outras a&ccedil;&otilde;es de apoio a empreendedores.<\/p>\n","protected":false},"author":1,"featured_media":0,"comment_status":"open","ping_status":"open","sticky":false,"template":"","format":"standard","meta":{"tdm_status":"","tdm_grid_status":"","footnotes":"","jetpack_publicize_message":"","jetpack_publicize_feature_enabled":true,"jetpack_social_post_already_shared":true,"jetpack_social_options":{"image_generator_settings":{"template":"highway","enabled":false},"version":2}},"categories":[18],"tags":[],"class_list":{"0":"post-9161","1":"post","2":"type-post","3":"status-publish","4":"format-standard","6":"category-eventos"},"jetpack_publicize_connections":[],"jetpack_featured_media_url":"","post_mailing_queue_ids":[],"_links":{"self":[{"href":"https:\/\/radardofuturo.com.br\/test\/wp-json\/wp\/v2\/posts\/9161","targetHints":{"allow":["GET"]}}],"collection":[{"href":"https:\/\/radardofuturo.com.br\/test\/wp-json\/wp\/v2\/posts"}],"about":[{"href":"https:\/\/radardofuturo.com.br\/test\/wp-json\/wp\/v2\/types\/post"}],"author":[{"embeddable":true,"href":"https:\/\/radardofuturo.com.br\/test\/wp-json\/wp\/v2\/users\/1"}],"replies":[{"embeddable":true,"href":"https:\/\/radardofuturo.com.br\/test\/wp-json\/wp\/v2\/comments?post=9161"}],"version-history":[{"count":0,"href":"https:\/\/radardofuturo.com.br\/test\/wp-json\/wp\/v2\/posts\/9161\/revisions"}],"wp:attachment":[{"href":"https:\/\/radardofuturo.com.br\/test\/wp-json\/wp\/v2\/media?parent=9161"}],"wp:term":[{"taxonomy":"category","embeddable":true,"href":"https:\/\/radardofuturo.com.br\/test\/wp-json\/wp\/v2\/categories?post=9161"},{"taxonomy":"post_tag","embeddable":true,"href":"https:\/\/radardofuturo.com.br\/test\/wp-json\/wp\/v2\/tags?post=9161"}],"curies":[{"name":"wp","href":"https:\/\/api.w.org\/{rel}","templated":true}]}}