{"id":87,"date":"2015-11-10T13:49:31","date_gmt":"2015-11-10T16:49:31","guid":{"rendered":"https:\/\/litebold.co\/~radardofuturo\/forca-crescente-do-el-nino-ameaca-a-vida-de-criancas-alerta-unicef\/"},"modified":"2015-11-10T13:49:31","modified_gmt":"2015-11-10T16:49:31","slug":"forca-crescente-do-el-nino-ameaca-a-vida-de-criancas-alerta-unicef","status":"publish","type":"post","link":"https:\/\/radardofuturo.com.br\/test\/forca-crescente-do-el-nino-ameaca-a-vida-de-criancas-alerta-unicef\/","title":{"rendered":"El Ni\u00f1o amea\u00e7a a vida de crian\u00e7as, alerta Unicef"},"content":{"rendered":"<header>\n<div><span style=\"font-size: 12.8px; line-height: 19.2px;\">Onze milh&otilde;es de crian&ccedil;as sofrem risco de fome, doen&ccedil;as e falta de &aacute;gua na &Aacute;frica<\/span><\/div>\n<p>  <!--more-->  <\/p>\n<div>&nbsp;<\/div>\n<div>Da Ag&ecirc;ncia Lusa<\/div>\n<\/header>\n<div>\n<p>O Fundo das Na&ccedil;&otilde;es Unidas para a Inf&acirc;ncia (Unicef) estima que 11 milh&otilde;es de crian&ccedil;as estejam em risco de fome, doen&ccedil;as e falta de &aacute;gua na &Aacute;frica Oriental e Austral em consequ&ecirc;ncia da for&ccedil;a crescente do fen&ocirc;meno meteorol&oacute;gico conhecido por El Ni&ntilde;o.<\/p>\n<p>Segundo o Unicef, o El Ni&ntilde;o tamb&eacute;m provoca secas e cheias em partes da &Aacute;sia, da regi&atilde;o do Pac&iacute;fico e da Am&eacute;rica Latina.<\/p>\n<p>O fen&ocirc;meno &eacute; um padr&atilde;o clim&aacute;tico ligado ao aquecimento das &aacute;guas de superf&iacute;cie do Oceano Pac&iacute;fico, que pode ter efeito profundo em todo o mundo.<\/p>\n<p>As manifesta&ccedil;&otilde;es do El Ni&ntilde;o tendem a ocorrer com uma periodicidade que varia entre dois e sete anos.<\/p>\n<p>&ldquo;As consequ&ecirc;ncias poder&atilde;o ter efeito cascata sobre v&aacute;rias gera&ccedil;&otilde;es, a menos que as comunidades afetadas recebam apoio para lidar com a quebra das colheitas e a falta de acesso &agrave; &aacute;gua pot&aacute;vel, que deixam as crian&ccedil;as malnutridas e em risco diante das doen&ccedil;as que matam&rdquo;, alertou o Unicef.<\/p>\n<p>De acordo com o fundo, o El Ni&ntilde;o pode levar a um aumento significativo de doen&ccedil;as como a mal&aacute;ria, a dengue, a diarreia e o c&oacute;lera &ndash; doen&ccedil;as que est&atilde;o entre as principais causas de morte infantil.<\/p>\n<p>&ldquo;Quando as condi&ccedil;&otilde;es meteorol&oacute;gicas extremas privam as comunidades do seu modo de vida, as crian&ccedil;as mais novas sofrem muitas vezes de subnutri&ccedil;&atilde;o, o que as deixa ainda mais expostas ao risco de adoecer, sofrer atrasos no desenvolvimento cognitivo e morrer prematuramente&rdquo;, diz a organiza&ccedil;&atilde;o.<\/p>\n<p>&ldquo;As crian&ccedil;as e as comunidades em que elas se inserem precisam da nossa ajuda para se recuperar do impacto do El Ni&ntilde;o e se preparar para os estragos que o fen&ocirc;meno pode desencadear,&rdquo; considerou o diretor executivo do Unicef, Anthony Lake. Ele lembrou que a intensidade e o potencial de destrui&ccedil;&atilde;o do El Ni&ntilde;o podem representar um alerta.<\/p>\n<p>&ldquo;Ao procederem &agrave; discuss&atilde;o de um acordo para limitar o aquecimento global, devem lembrar-se de que o futuro das crian&ccedil;as de hoje e o do planeta que elas v&atilde;o herdar est&aacute; em causa&rdquo;, destacou Lake.<\/p>\n<p>Os l&iacute;deres mundiais v&atilde;o se reunir em Paris na 21&ordf; Confer&ecirc;ncia das Na&ccedil;&otilde;es Unidas sobre o Clima, tamb&eacute;m conhecida como COP21, de 30 de novembro a 11 de dezembro pr&oacute;ximos.<\/p>\n<p>O objetivo do encontro &eacute; alcan&ccedil;ar um acordo para limitar o aquecimento global mediante a redu&ccedil;&atilde;o das emiss&otilde;es dos gases de efeito estufa.<\/p>\n<p>As ocorr&ecirc;ncias do El Ni&ntilde;o n&atilde;o s&atilde;o causadas pelas altera&ccedil;&otilde;es clim&aacute;ticas, mas os cientistas acreditam que elas est&atilde;o se tornando mais intensas em consequ&ecirc;ncia das altera&ccedil;&otilde;es clim&aacute;ticas.<\/p>\n<p>Muitos pa&iacute;ses que est&atilde;o agora sofrendo os efeitos do El Ni&ntilde;o s&atilde;o aqueles que enfrentam a mais grave amea&ccedil;a por causa das altera&ccedil;&otilde;es clim&aacute;ticas. Muitas das &aacute;reas afetadas t&ecirc;m tamb&eacute;m elevados n&iacute;veis de pobreza.<\/p>\n<p>Segundo especialistas, &eacute; prov&aacute;vel que o fen&ocirc;meno meteorol&oacute;gico, um dos mais fortes que tem sido registrado, venha a causar mais cheias e secas, a alimentar tuf&otilde;es e ciclones no Pac&iacute;fico e a afetar mais &aacute;reas se continuar a ganhar for&ccedil;a, como indicam as previs&otilde;es para os pr&oacute;ximos meses.<\/p>\n<p>A Som&aacute;lia, Eti&oacute;pia, Indon&eacute;sia, as na&ccedil;&otilde;es do Pac&iacute;fico, a Guatemala, Honduras, El Salvador, o Peru e o Equador s&atilde;o alguns dos pa&iacute;ses e regi&otilde;es afetados pelo El Ni&ntilde;o.<\/p>\n<\/div>\n","protected":false},"excerpt":{"rendered":"<p>Onze milh&otilde;es de crian&ccedil;as sofrem risco de fome, doen&ccedil;as e falta de &aacute;gua na &Aacute;frica<\/p>\n","protected":false},"author":1,"featured_media":0,"comment_status":"open","ping_status":"open","sticky":false,"template":"","format":"standard","meta":{"tdm_status":"","tdm_grid_status":"","footnotes":"","jetpack_publicize_message":"","jetpack_publicize_feature_enabled":true,"jetpack_social_post_already_shared":false,"jetpack_social_options":{"image_generator_settings":{"template":"highway","enabled":false},"version":2}},"categories":[20],"tags":[],"class_list":{"0":"post-87","1":"post","2":"type-post","3":"status-publish","4":"format-standard","6":"category-destaques"},"jetpack_publicize_connections":[],"jetpack_featured_media_url":"","post_mailing_queue_ids":[],"_links":{"self":[{"href":"https:\/\/radardofuturo.com.br\/test\/wp-json\/wp\/v2\/posts\/87","targetHints":{"allow":["GET"]}}],"collection":[{"href":"https:\/\/radardofuturo.com.br\/test\/wp-json\/wp\/v2\/posts"}],"about":[{"href":"https:\/\/radardofuturo.com.br\/test\/wp-json\/wp\/v2\/types\/post"}],"author":[{"embeddable":true,"href":"https:\/\/radardofuturo.com.br\/test\/wp-json\/wp\/v2\/users\/1"}],"replies":[{"embeddable":true,"href":"https:\/\/radardofuturo.com.br\/test\/wp-json\/wp\/v2\/comments?post=87"}],"version-history":[{"count":0,"href":"https:\/\/radardofuturo.com.br\/test\/wp-json\/wp\/v2\/posts\/87\/revisions"}],"wp:attachment":[{"href":"https:\/\/radardofuturo.com.br\/test\/wp-json\/wp\/v2\/media?parent=87"}],"wp:term":[{"taxonomy":"category","embeddable":true,"href":"https:\/\/radardofuturo.com.br\/test\/wp-json\/wp\/v2\/categories?post=87"},{"taxonomy":"post_tag","embeddable":true,"href":"https:\/\/radardofuturo.com.br\/test\/wp-json\/wp\/v2\/tags?post=87"}],"curies":[{"name":"wp","href":"https:\/\/api.w.org\/{rel}","templated":true}]}}