{"id":86,"date":"2015-11-09T17:47:56","date_gmt":"2015-11-09T20:47:56","guid":{"rendered":"https:\/\/litebold.co\/~radardofuturo\/construcao-civil-espera-continuidade-da-recessao\/"},"modified":"2020-10-07T20:14:00","modified_gmt":"2020-10-07T23:14:00","slug":"construcao-civil-espera-continuidade-da-recessao","status":"publish","type":"post","link":"https:\/\/radardofuturo.com.br\/test\/construcao-civil-espera-continuidade-da-recessao\/","title":{"rendered":"Constru\u00e7\u00e3o civil mant\u00e9m o pessimismo"},"content":{"rendered":"<p>Mercado vai entrar em 2016 com &iacute;ndices baixos de expectativas de recupera&ccedil;&atilde;o das obras<\/p>\n<p>  <!--more-->  <\/p>\n<p class=\"author\">Heraldo Leite<br>Radar do Futuro<\/p>\n<p><span style=\"font-size: 12.8px; line-height: 1.5;\">Considerado um dos grandes empregadores de m&atilde;o de obra &ndash; principalmente grandes contingentes de trabalhadores sem maiores qualifica&ccedil;&otilde;es &ndash; o setor da constru&ccedil;&atilde;o civil pode perder 556 mil postos de trabalho em 2015. Atualmente, o setor emprega 3 milh&otilde;es de pessoas no Brasil. No ano passado, o corte atingiu 163 mil pessoas.<\/span><\/p>\n<p>Os n&uacute;meros foram divulgados pelo Sindicato da Ind&uacute;stria da Constru&ccedil;&atilde;o Civil do Estado de S&atilde;o Paulo (Sinduscon-SP).&nbsp;&ldquo;Nunca tivemos um ano como este em que a ind&uacute;stria da constru&ccedil;&atilde;o realiza um volume t&atilde;o grande de demiss&otilde;es nos primeiros nove meses, per&iacute;odo em que normalmente o setor contrata. A falta de confian&ccedil;a dos investidores e das fam&iacute;lias, a escassez de lan&ccedil;amentos imobili&aacute;rios e a aus&ecirc;ncia de licita&ccedil;&otilde;es para novas obras de habita&ccedil;&atilde;o social e infraestrutura sinalizam que a recess&atilde;o se prolongar&aacute; no ano que vem&rdquo;, disse o presidente do Sinduscon-SP, Jos&eacute; Romeu Ferraz Neto.<\/p>\n<p>Retra&ccedil;&atilde;o<\/p>\n<p>Em setembro, o n&iacute;vel de emprego no setor recuou 1,76% na compara&ccedil;&atilde;o com o m&ecirc;s anterior. O percentual foi obtido com base em dados do Minist&eacute;rio do Trabalho e Emprego. A maior retra&ccedil;&atilde;o para o m&ecirc;s ocorreu no segmento imobili&aacute;rio (2,35%), seguido pelo de prepara&ccedil;&atilde;o de terrenos (2,04%).<\/p>\n<p>Foi a 19&ordf; queda consecutiva do indicador. Nos &uacute;ltimos 12 meses, o n&uacute;mero de demitidos em todo o pa&iacute;s somou&nbsp;<\/p>\n<p>&nbsp;<\/p>\n","protected":false},"excerpt":{"rendered":"<p>Mercado vai entrar em 2016 com &iacute;ndices baixos de expectativas de recupera&ccedil;&atilde;o das obras<\/p>\n","protected":false},"author":1,"featured_media":85,"comment_status":"open","ping_status":"open","sticky":false,"template":"","format":"standard","meta":{"tdm_status":"","tdm_grid_status":"","footnotes":"","jetpack_publicize_message":"","jetpack_publicize_feature_enabled":true,"jetpack_social_post_already_shared":false,"jetpack_social_options":{"image_generator_settings":{"template":"highway","enabled":false},"version":2}},"categories":[16],"tags":[],"class_list":{"0":"post-86","1":"post","2":"type-post","3":"status-publish","4":"format-standard","5":"has-post-thumbnail","7":"category-tendencias-setores"},"jetpack_publicize_connections":[],"jetpack_featured_media_url":"https:\/\/radardofuturo.com.br\/test\/wp-content\/uploads\/2015\/11\/construcaocivil1.jpg","post_mailing_queue_ids":[],"_links":{"self":[{"href":"https:\/\/radardofuturo.com.br\/test\/wp-json\/wp\/v2\/posts\/86","targetHints":{"allow":["GET"]}}],"collection":[{"href":"https:\/\/radardofuturo.com.br\/test\/wp-json\/wp\/v2\/posts"}],"about":[{"href":"https:\/\/radardofuturo.com.br\/test\/wp-json\/wp\/v2\/types\/post"}],"author":[{"embeddable":true,"href":"https:\/\/radardofuturo.com.br\/test\/wp-json\/wp\/v2\/users\/1"}],"replies":[{"embeddable":true,"href":"https:\/\/radardofuturo.com.br\/test\/wp-json\/wp\/v2\/comments?post=86"}],"version-history":[{"count":0,"href":"https:\/\/radardofuturo.com.br\/test\/wp-json\/wp\/v2\/posts\/86\/revisions"}],"wp:featuredmedia":[{"embeddable":true,"href":"https:\/\/radardofuturo.com.br\/test\/wp-json\/wp\/v2\/media\/85"}],"wp:attachment":[{"href":"https:\/\/radardofuturo.com.br\/test\/wp-json\/wp\/v2\/media?parent=86"}],"wp:term":[{"taxonomy":"category","embeddable":true,"href":"https:\/\/radardofuturo.com.br\/test\/wp-json\/wp\/v2\/categories?post=86"},{"taxonomy":"post_tag","embeddable":true,"href":"https:\/\/radardofuturo.com.br\/test\/wp-json\/wp\/v2\/tags?post=86"}],"curies":[{"name":"wp","href":"https:\/\/api.w.org\/{rel}","templated":true}]}}