{"id":8589,"date":"2019-11-27T09:10:56","date_gmt":"2019-11-27T12:10:56","guid":{"rendered":"https:\/\/radardofuturo.com.br\/?p=8589"},"modified":"2019-11-27T09:14:33","modified_gmt":"2019-11-27T12:14:33","slug":"nacoes-do-atlantico-sul-se-reunem-para-planejar-o-futuro-do-oceano","status":"publish","type":"post","link":"https:\/\/radardofuturo.com.br\/test\/nacoes-do-atlantico-sul-se-reunem-para-planejar-o-futuro-do-oceano\/","title":{"rendered":"Na\u00e7\u00f5es do Atl\u00e2ntico Sul se re\u00fanem para planejar o futuro do oceano"},"content":{"rendered":"<p>Funda&ccedil;&atilde;o Grupo Botic&aacute;rio lan&ccedil;a documento bilingue com recomenda&ccedil;&otilde;es e aprendizados identificados no evento Conex&atilde;o Oceano referentes &agrave; sensibiliza&ccedil;&atilde;o e ao engajamento da sociedade para a causa oce&acirc;nica.<\/p>\n<p><!--more--><\/p>\n<p>Como forma de integrar e preparar as na&ccedil;&otilde;es que t&ecirc;m suas zonas costeiras banhadas pelo Atl&acirc;ntico Sul para a D&eacute;cada do Oceano, declarada pelas Na&ccedil;&otilde;es Unidas para o per&iacute;odo de 2021 a 2030, o Brasil sedia, at&eacute; 27 de novembro, o Workshop Regional do Atl&acirc;ntico Sul, no Rio de Janeiro. Representantes de pa&iacute;ses da Am&eacute;rica do Sul e da &Aacute;frica, assim como participantes da universidade, sociedade civil, terceiro setor e iniciativa privada, est&atilde;o reunidos para identificar oportunidades e construir conjuntamente estrat&eacute;gias para o futuro do oceano.<\/p>\n<p>Ao longo do evento, a Funda&ccedil;&atilde;o Grupo Botic&aacute;rio de Prote&ccedil;&atilde;o &agrave; Natureza lan&ccedil;ar&aacute; um relat&oacute;rio bil&iacute;ngue &ndash; em ingl&ecirc;s e portugu&ecirc;s &ndash; com recomenda&ccedil;&otilde;es e aprendizados referentes &agrave; sensibiliza&ccedil;&atilde;o e ao engajamento para a causa oce&acirc;nica. O documento &eacute; fruto do evento Conex&atilde;o Oceano, promovido no in&iacute;cio de setembro, com o intuito de conscientizar e engajar comunicadores e a sociedade sobre a import&acirc;ncia dos mares. Voc&ecirc; pode ter acesso ao documento aqui (vers&atilde;o em portugu&ecirc;s | vers&atilde;o em ingl&ecirc;s).<\/p>\n<p>Os cerca de 120 participantes do Workshop Regional do Atl&acirc;ntico Sul foram selecionados para participar de grupos de trabalho tem&aacute;ticos que debater&atilde;o sobre o oceano de diversas perspectivas, como economia, sa&uacute;de, resili&ecirc;ncia, conserva&ccedil;&atilde;o e comunica&ccedil;&atilde;o. O evento &eacute; organizado pela Comiss&atilde;o Oce&acirc;nica Intergovernamental da Unesco (COI\/UNESCO); pelo Minist&eacute;rio da Ci&ecirc;ncia, Tecnologia, Inova&ccedil;&otilde;es e Comunica&ccedil;&otilde;es (MCTIC); pela Diretoria de Hidrografia e Navega&ccedil;&atilde;o da Marinha do Brasil (MB\/DHN) e pelo Minist&eacute;rio das Rela&ccedil;&otilde;es Exteriores (MRE). O workshop tamb&eacute;m conta com a participa&ccedil;&atilde;o da Funda&ccedil;&atilde;o Grupo Botic&aacute;rio.<\/p>\n<p>&ldquo;O oceano est&aacute; presente em nossas vidas de diversas maneiras. Al&eacute;m de ser a base para importantes atividades econ&ocirc;micas, contribuindo com 19% do PIB brasileiro, fornece alimento para grande parte da popula&ccedil;&atilde;o, traz benef&iacute;cios &agrave; sa&uacute;de e real&ccedil;a aspectos culturais de in&uacute;meras comunidades. &Eacute; extremamente importante reunir atores de diferentes segmentos da sociedade para pensarmos o oceano que precisamos para o nosso futuro&rdquo;, afirma o coordenador de Ci&ecirc;ncia e Conserva&ccedil;&atilde;o da Funda&ccedil;&atilde;o Grupo Botic&aacute;rio, Robson Capretz.<\/p>\n","protected":false},"excerpt":{"rendered":"<p>Funda&ccedil;&atilde;o Grupo Botic&aacute;rio lan&ccedil;a documento bilingue com recomenda&ccedil;&otilde;es e aprendizados identificados no evento Conex&atilde;o Oceano referentes &agrave; sensibiliza&ccedil;&atilde;o e ao engajamento da sociedade para a causa oce&acirc;nica.<\/p>\n","protected":false},"author":1,"featured_media":0,"comment_status":"open","ping_status":"open","sticky":false,"template":"","format":"standard","meta":{"tdm_status":"","tdm_grid_status":"","footnotes":"","jetpack_publicize_message":"","jetpack_publicize_feature_enabled":true,"jetpack_social_post_already_shared":true,"jetpack_social_options":{"image_generator_settings":{"template":"highway","enabled":false},"version":2}},"categories":[18],"tags":[],"class_list":{"0":"post-8589","1":"post","2":"type-post","3":"status-publish","4":"format-standard","6":"category-eventos"},"jetpack_publicize_connections":[],"jetpack_featured_media_url":"","post_mailing_queue_ids":[],"_links":{"self":[{"href":"https:\/\/radardofuturo.com.br\/test\/wp-json\/wp\/v2\/posts\/8589","targetHints":{"allow":["GET"]}}],"collection":[{"href":"https:\/\/radardofuturo.com.br\/test\/wp-json\/wp\/v2\/posts"}],"about":[{"href":"https:\/\/radardofuturo.com.br\/test\/wp-json\/wp\/v2\/types\/post"}],"author":[{"embeddable":true,"href":"https:\/\/radardofuturo.com.br\/test\/wp-json\/wp\/v2\/users\/1"}],"replies":[{"embeddable":true,"href":"https:\/\/radardofuturo.com.br\/test\/wp-json\/wp\/v2\/comments?post=8589"}],"version-history":[{"count":0,"href":"https:\/\/radardofuturo.com.br\/test\/wp-json\/wp\/v2\/posts\/8589\/revisions"}],"wp:attachment":[{"href":"https:\/\/radardofuturo.com.br\/test\/wp-json\/wp\/v2\/media?parent=8589"}],"wp:term":[{"taxonomy":"category","embeddable":true,"href":"https:\/\/radardofuturo.com.br\/test\/wp-json\/wp\/v2\/categories?post=8589"},{"taxonomy":"post_tag","embeddable":true,"href":"https:\/\/radardofuturo.com.br\/test\/wp-json\/wp\/v2\/tags?post=8589"}],"curies":[{"name":"wp","href":"https:\/\/api.w.org\/{rel}","templated":true}]}}