{"id":8581,"date":"2019-11-27T08:22:33","date_gmt":"2019-11-27T11:22:33","guid":{"rendered":"https:\/\/radardofuturo.com.br\/?p=8581"},"modified":"2019-11-27T08:23:08","modified_gmt":"2019-11-27T11:23:08","slug":"novo-alerta-da-onu-sobre-acoes-contra-a-crise-climatica","status":"publish","type":"post","link":"https:\/\/radardofuturo.com.br\/test\/novo-alerta-da-onu-sobre-acoes-contra-a-crise-climatica\/","title":{"rendered":"Novo alerta da ONU sobre a\u00e7\u00f5es contra a crise clim\u00e1tica"},"content":{"rendered":"<figure id=\"attachment_8582\" aria-describedby=\"caption-attachment-8582\" style=\"width: 765px\" class=\"wp-caption aligncenter\"><a href=\"https:\/\/radardofuturo.com.br\/test\/wp-content\/uploads\/2019\/11\/menina_inuite_-foto_-ONU.jpg\"><img loading=\"lazy\" decoding=\"async\" class=\"size-full wp-image-8582\" src=\"https:\/\/radardofuturo.com.br\/test\/wp-content\/uploads\/2019\/11\/menina_inuite_-foto_-ONU.jpg\" alt=\"Corte de emiss&otilde;es precisa ser mais dr&aacute;stico para limitar aumento de temperatura global a 1,5&ordm;C Foto: Unicef\" width=\"765\" height=\"510\" srcset=\"https:\/\/radardofuturo.com.br\/test\/wp-content\/uploads\/2019\/11\/menina_inuite_-foto_-ONU.jpg 765w, https:\/\/radardofuturo.com.br\/test\/wp-content\/uploads\/2019\/11\/menina_inuite_-foto_-ONU-300x200.jpg 300w, https:\/\/radardofuturo.com.br\/test\/wp-content\/uploads\/2019\/11\/menina_inuite_-foto_-ONU-696x464.jpg 696w\" sizes=\"auto, (max-width: 765px) 100vw, 765px\"><\/a><figcaption id=\"caption-attachment-8582\" class=\"wp-caption-text\">Corte de emiss&otilde;es precisa ser mais dr&aacute;stico para limitar aumento de temperatura global a 1,5&ordm;C Foto: Unicef<\/figcaption><\/figure>\n<p><!--more-->ONU<\/p>\n<p>Mesmo que todos os compromissos atuais sob o Acordo de Paris para o clima sejam implementados, as temperaturas dever&atilde;o subir 3,2&deg;C, trazendo impactos clim&aacute;ticos ainda maiores e mais destrutivos, segundo novo relat&oacute;rio do Programa das Na&ccedil;&otilde;es Unidas para o Meio Ambiente (PNUMA).<\/p>\n<p>Para alcan&ccedil;ar a meta de 1,5&deg;C, a ambi&ccedil;&atilde;o coletiva precisa aumentar em mais de cinco vezes em rela&ccedil;&atilde;o aos n&iacute;veis atuais para proporcionar os cortes necess&aacute;rios na pr&oacute;xima d&eacute;cada.<\/p>\n<h2>Novo alerta<\/h2>\n<p>&Agrave;s v&eacute;speras do ano em que as na&ccedil;&otilde;es dever&atilde;o fortalecer seus compromissos clim&aacute;ticos de Paris, um novo relat&oacute;rio lan&ccedil;ado pelo Programa das Na&ccedil;&otilde;es Unidas para o Meio Ambiente (PNUMA) faz um alerta.<\/p>\n<p>A menos que as emiss&otilde;es globais de gases de efeito estufa (GEEs) caiam 7,6% ao ano entre 2020 e 2030, o mundo perder&aacute; a oportunidade de entrar na trajet&oacute;ria rumo &agrave; meta do Acordo de Paris de limitar o aumento da temperatura em at&eacute; 1,5&deg;C.<\/p>\n<p>O Relat&oacute;rio sobre a Lacuna de Emiss&otilde;es 2019 (Emissions Gap Report, em ingl&ecirc;s) do PNUMA afirma que, mesmo que todos os compromissos atuais sob o Acordo de Paris sejam implementados, as temperaturas dever&atilde;o subir 3,2&deg;C, trazendo impactos clim&aacute;ticos ainda maiores e mais destrutivos.<\/p>\n<p>Para alcan&ccedil;ar a meta de 1,5&deg;C, a ambi&ccedil;&atilde;o coletiva precisa aumentar em mais de cinco vezes em rela&ccedil;&atilde;o aos n&iacute;veis atuais para proporcionar os cortes necess&aacute;rios na pr&oacute;xima d&eacute;cada.<\/p>\n<p>O ano de 2020 &eacute; um ano cr&iacute;tico para a a&ccedil;&atilde;o clim&aacute;tica. A confer&ecirc;ncia das Na&ccedil;&otilde;es Unidas sobre mudan&ccedil;a do clima, em Glasgow, objetiva determinar o curso futuro dos esfor&ccedil;os para evitar a crise. Nela, os pa&iacute;ses precisam intensificar significativamente seus compromissos clim&aacute;ticos.<\/p>\n<p>&ldquo;Por dez anos, o Relat&oacute;rio sobre a Lacuna de Emiss&otilde;es tem soado o alarme, e por dez anos o mundo s&oacute; aumentou suas emiss&otilde;es&rdquo;, disse o secret&aacute;rio-geral da ONU, Ant&oacute;nio Guterres.<\/p>\n<p>&ldquo;Nunca foi t&atilde;o importante dar ouvidos &agrave; ci&ecirc;ncia. A n&atilde;o observa&ccedil;&atilde;o desses avisos e tomar medidas dr&aacute;sticas para reverter as emiss&otilde;es implica que continuaremos a testemunhar ondas de calor mortais e tempestades e polui&ccedil;&atilde;o catastr&oacute;ficas.&rdquo;<\/p>\n<p>O Painel Intergovernamental sobre Mudan&ccedil;as Clim&aacute;ticas (IPCC) alertou que se a temperatura ultrapassar 1,5&deg;C a frequ&ecirc;ncia e a intensidade dos impactos clim&aacute;ticos, como as ondas de calor e tempestades testemunhadas em todo o mundo nos &uacute;ltimos anos, aumentar&atilde;o.<\/p>\n<p>&ldquo;Nosso fracasso coletivo em agir cedo e com firmeza com rela&ccedil;&atilde;o &agrave;s mudan&ccedil;as clim&aacute;ticas significa que agora precisamos realizar grandes cortes nas emiss&otilde;es, de mais de 7% ao ano, se forem distribu&iacute;dos uniformemente na pr&oacute;xima d&eacute;cada&rdquo;, afirmou Inger Andersen, diretora-executiva do PNUMA.<\/p>\n<p>&ldquo;Isso mostra que os pa&iacute;ses simplesmente n&atilde;o podem esperar at&eacute; o final de 2020, quando precisaremos de novos compromissos clim&aacute;ticos, para intensificar suas a&ccedil;&otilde;es. Eles e todas as cidades, regi&otilde;es, empresas e indiv&iacute;duos devem agir agora.&rdquo;<\/p>\n<p>&ldquo;Precisamos de vit&oacute;rias r&aacute;pidas para reduzir as emiss&otilde;es o m&aacute;ximo poss&iacute;vel em 2020, e Contribui&ccedil;&otilde;es Nacionalmente Determinadas (CNDs) mais fortes para iniciar as principais transforma&ccedil;&otilde;es em economias e sociedades. Precisamos compensar os anos em que procrastinamos&rdquo;, acrescentou. &ldquo;Se n&atilde;o fizermos isso, a meta de 1,5&deg;C estar&aacute; fora de alcance antes de 2030.&rdquo;<\/p>\n<p>Os pa&iacute;ses do G20 respondem coletivamente por 75% de todas as emiss&otilde;es, mas apenas cinco deles se comprometeram com uma meta de emiss&otilde;es zero a longo prazo.<\/p>\n<p>No curto prazo, os pa&iacute;ses desenvolvidos ter&atilde;o que reduzir suas emiss&otilde;es mais rapidamente que os pa&iacute;ses em desenvolvimento, por raz&otilde;es de justi&ccedil;a e equidade. No entanto, todos os pa&iacute;ses precisar&atilde;o contribuir mais para os efeitos coletivos.<\/p>\n<p>Os pa&iacute;ses em desenvolvimento podem aprender com os esfor&ccedil;os bem-sucedidos nos pa&iacute;ses desenvolvidos e podem at&eacute; ultrapass&aacute;-los e adotar tecnologias mais limpas em um ritmo mais r&aacute;pido.<\/p>\n<p>O relat&oacute;rio diz que todas as na&ccedil;&otilde;es precisam aumentar substancialmente a ambi&ccedil;&atilde;o em suas CNDs, como s&atilde;o conhecidos os compromissos de Paris, em 2020 e acompanhar pol&iacute;ticas e estrat&eacute;gias para implement&aacute;-las. Est&atilde;o dispon&iacute;veis solu&ccedil;&otilde;es para viabilizar o cumprimento das metas de Paris, mas elas n&atilde;o est&atilde;o sendo implantadas com rapidez suficiente ou em escala suficientemente grande.<\/p>\n<p>A cada ano, o relat&oacute;rio do PNUMA avalia a diferen&ccedil;a entre as emiss&otilde;es previstas para 2030 e os n&iacute;veis consistentes com as metas de 1,5&deg;C e de 2&deg;C do Acordo de Paris. O relat&oacute;rio constata que as emiss&otilde;es de GEE aumentaram 1,5% ao ano na &uacute;ltima d&eacute;cada. As emiss&otilde;es em 2018, incluindo as mudan&ccedil;as no uso da terra, como o desmatamento, atingiram uma nova alta de 55,3 gigatoneladas de CO2 equivalente.<\/p>\n<p>Para limitar o aumento das temperaturas, as emiss&otilde;es anuais em 2030 precisam ser 15 gigatoneladas de CO2 equivalente mais baixas do que as CNDs atuais para a meta de 2&deg;C e 32 gigatoneladas mais baixas para a meta de 1,5&deg;C. Em termos anuais, isso significa redu&ccedil;&otilde;es de 7,6% ao ano entre 2020 a 2030 para cumprir a meta de 1,5&deg;C e 2,7% ao ano para a meta de 2&deg;C.<\/p>\n<p>Para cumprir esses cortes, os n&iacute;veis de ambi&ccedil;&atilde;o nas CNDs precisam aumentar pelo menos cinco vezes para a meta de 1,5&deg;C e tr&ecirc;s vezes para os 2&deg;C.<\/p>\n<p>De acordo com o relat&oacute;rio, as mudan&ccedil;as do clima ainda podem ser limitadas a 1,5&deg;C. H&aacute; uma maior compreens&atilde;o dos benef&iacute;cios adicionais da a&ccedil;&atilde;o clim&aacute;tica, como ar limpo e o avan&ccedil;o dos Objetivos de Desenvolvimento Sustent&aacute;vel (ODS). Existem muitos esfor&ccedil;os ambiciosos de governos, cidades, empresas e investidores. As op&ccedil;&otilde;es de solu&ccedil;&otilde;es e a press&atilde;o e vontade de implement&aacute;-las s&atilde;o mais abundantes do que nunca, segundo o documento.<\/p>\n<p>Como ocorre todos os anos, o relat&oacute;rio concentra-se no potencial de setores espec&iacute;ficos para proporcionar cortes de emiss&otilde;es. Em 2019, ele analisa a transi&ccedil;&atilde;o energ&eacute;tica e o potencial de efici&ecirc;ncia no uso de materiais, o que pode ajudar bastante a diminuir o d&eacute;ficit de emiss&otilde;es.<\/p>\n<p><a href=\"https:\/\/www.unenvironment.org\/pt-br\/resources\/relatorio-sobre-lacuna-de-emissoes-2019\" target=\"_blank\" rel=\"noopener\">Clique aqui para acessar o Relat&oacute;rio sobre a Lacuna de Emiss&otilde;es 2019.<\/a><\/p>\n","protected":false},"excerpt":{"rendered":"","protected":false},"author":1,"featured_media":8582,"comment_status":"open","ping_status":"open","sticky":false,"template":"","format":"standard","meta":{"tdm_status":"","tdm_grid_status":"","footnotes":"","jetpack_publicize_message":"","jetpack_publicize_feature_enabled":true,"jetpack_social_post_already_shared":true,"jetpack_social_options":{"image_generator_settings":{"template":"highway","enabled":false},"version":2}},"categories":[20,1423],"tags":[452,898,899],"class_list":{"0":"post-8581","1":"post","2":"type-post","3":"status-publish","4":"format-standard","5":"has-post-thumbnail","7":"category-destaques","8":"category-sustentabilidade","9":"tag-crise-climatica","10":"tag-onu","11":"tag-onu-meio-ambiente"},"jetpack_publicize_connections":[],"jetpack_featured_media_url":"https:\/\/radardofuturo.com.br\/test\/wp-content\/uploads\/2019\/11\/menina_inuite_-foto_-ONU.jpg","post_mailing_queue_ids":[],"_links":{"self":[{"href":"https:\/\/radardofuturo.com.br\/test\/wp-json\/wp\/v2\/posts\/8581","targetHints":{"allow":["GET"]}}],"collection":[{"href":"https:\/\/radardofuturo.com.br\/test\/wp-json\/wp\/v2\/posts"}],"about":[{"href":"https:\/\/radardofuturo.com.br\/test\/wp-json\/wp\/v2\/types\/post"}],"author":[{"embeddable":true,"href":"https:\/\/radardofuturo.com.br\/test\/wp-json\/wp\/v2\/users\/1"}],"replies":[{"embeddable":true,"href":"https:\/\/radardofuturo.com.br\/test\/wp-json\/wp\/v2\/comments?post=8581"}],"version-history":[{"count":0,"href":"https:\/\/radardofuturo.com.br\/test\/wp-json\/wp\/v2\/posts\/8581\/revisions"}],"wp:featuredmedia":[{"embeddable":true,"href":"https:\/\/radardofuturo.com.br\/test\/wp-json\/wp\/v2\/media\/8582"}],"wp:attachment":[{"href":"https:\/\/radardofuturo.com.br\/test\/wp-json\/wp\/v2\/media?parent=8581"}],"wp:term":[{"taxonomy":"category","embeddable":true,"href":"https:\/\/radardofuturo.com.br\/test\/wp-json\/wp\/v2\/categories?post=8581"},{"taxonomy":"post_tag","embeddable":true,"href":"https:\/\/radardofuturo.com.br\/test\/wp-json\/wp\/v2\/tags?post=8581"}],"curies":[{"name":"wp","href":"https:\/\/api.w.org\/{rel}","templated":true}]}}