{"id":8470,"date":"2019-11-18T11:00:04","date_gmt":"2019-11-18T14:00:04","guid":{"rendered":"https:\/\/radardofuturo.com.br\/?p=8470"},"modified":"2019-11-18T11:02:27","modified_gmt":"2019-11-18T14:02:27","slug":"nasa-confirma-a-degradacao-causada-pelo-desmatamento-da-amazonia","status":"publish","type":"post","link":"https:\/\/radardofuturo.com.br\/test\/nasa-confirma-a-degradacao-causada-pelo-desmatamento-da-amazonia\/","title":{"rendered":"Nasa confirma a degrada\u00e7\u00e3o causada pelo desmatamento da Amaz\u00f4nia"},"content":{"rendered":"<figure id=\"attachment_8473\" aria-describedby=\"caption-attachment-8473\" style=\"width: 696px\" class=\"wp-caption aligncenter\"><a href=\"https:\/\/radardofuturo.com.br\/test\/wp-content\/uploads\/2019\/11\/desmatamento-na-amazonia-imagem-Ronan-Frias-Semas-fotos-publicas.jpg\"><img loading=\"lazy\" decoding=\"async\" class=\"wp-image-8473 size-large\" src=\"https:\/\/radardofuturo.com.br\/test\/wp-content\/uploads\/2019\/11\/desmatamento-na-amazonia-imagem-Ronan-Frias-Semas-fotos-publicas-1024x683.jpg\" alt=\"Mudan&ccedil;a na aridez atmosf&eacute;rica est&aacute; muito al&eacute;m do que seria esperado, segundo pesquisador. Foto: Fotos P&uacute;blicas\" width=\"696\" height=\"464\" srcset=\"https:\/\/radardofuturo.com.br\/test\/wp-content\/uploads\/2019\/11\/desmatamento-na-amazonia-imagem-Ronan-Frias-Semas-fotos-publicas-1024x683.jpg 1024w, https:\/\/radardofuturo.com.br\/test\/wp-content\/uploads\/2019\/11\/desmatamento-na-amazonia-imagem-Ronan-Frias-Semas-fotos-publicas-300x200.jpg 300w, https:\/\/radardofuturo.com.br\/test\/wp-content\/uploads\/2019\/11\/desmatamento-na-amazonia-imagem-Ronan-Frias-Semas-fotos-publicas-768x512.jpg 768w, https:\/\/radardofuturo.com.br\/test\/wp-content\/uploads\/2019\/11\/desmatamento-na-amazonia-imagem-Ronan-Frias-Semas-fotos-publicas-696x464.jpg 696w, https:\/\/radardofuturo.com.br\/test\/wp-content\/uploads\/2019\/11\/desmatamento-na-amazonia-imagem-Ronan-Frias-Semas-fotos-publicas-1392x928.jpg 1392w\" sizes=\"auto, (max-width: 696px) 100vw, 696px\"><\/a><figcaption id=\"caption-attachment-8473\" class=\"wp-caption-text\">Mudan&ccedil;a na aridez atmosf&eacute;rica est&aacute; muito al&eacute;m do que seria esperado, segundo pesquisador. Foto: Fotos P&uacute;blicas<\/figcaption><\/figure>\n<p><!--more--><\/p>\n<p>Radar do Futuro<\/p>\n<p>A atividade humana est&aacute; secando o ar acima da Amaz&ocirc;nia, de acordo com um novo estudo, aumentando os temores da maior e mais biodiversa floresta tropical do planeta em breve n&atilde;o conseguir se sustentar. O alerta foi emitido por pesquisadores do Laborat&oacute;rio de Propuls&atilde;o a Jato da NASA, na Calif&oacute;rnia, que monitoram os n&iacute;veis de umidade atmosf&eacute;rica na Amaz&ocirc;nia h&aacute; duas d&eacute;cadas. Eles descobriram uma queda significativa ao longo do tempo, com as &aacute;rvores da floresta exigindo mais &aacute;gua para esfriar &ndash; &aacute;gua que n&atilde;o pode ser fornecida pela atmosfera ou pelo solo da floresta.<\/p>\n<p>Segundo Johnny Wood, articulista do site do F&oacute;rum Econ&ocirc;mico Mundial, ao comparar essa tend&ecirc;ncia com dados de modelos que estimam a variabilidade clim&aacute;tica ao longo de milhares de anos, ficou evidente que a mudan&ccedil;a na aridez atmosf&eacute;rica est&aacute; muito al&eacute;m do que seria esperado da variabilidade natural do clima. Para Armineh Barkhordarian, principal autor do estudo &ndash; h&aacute; a indica&ccedil;&atilde;o de que os seres humanos s&atilde;o o catalisadores do problema.<\/p>\n<p>Florestas tropicais como a Amaz&ocirc;nia ajudam a diminuir os efeitos das mudan&ccedil;as clim&aacute;ticas, agindo como uma vasta esponja, absorvendo di&oacute;xido de carbono nocivo da atmosfera do planeta e, por sua vez, mantendo as temperaturas baixas e diminuindo o impacto das mudan&ccedil;as clim&aacute;ticas. Mas a capacidade da floresta de descarbonizar est&aacute; sendo prejudicada pelo desmatamento.<\/p>\n<h4>Desmatamento na Amaz&ocirc;nia Brasileira de 2004 a 2018<\/h4>\n<pre><img decoding=\"async\" src=\"https:\/\/assets.weforum.org\/editor\/Kh1t9Nf2s113qZZGor6ZZWHG8nC3c_5q-VNAPNijev0.png\" \/>\r\nImagem: Statista<\/pre>\n<h2>Responsabilidades<\/h2>\n<p>O articulista Johnny Wood ressalta que o Brasil &eacute; respons&aacute;vel por aproximadamente metade do desmatamento da Amaz&ocirc;nia e pelo aumento do processo atual, de acordo com dados do WWF. Pa&iacute;ses como Bol&iacute;via e Peru tamb&eacute;m est&atilde;o experimentando aumentos.<\/p>\n<p>As pol&iacute;ticas governamentais no Brasil, como a aplica&ccedil;&atilde;o mais rigorosa de leis que restringem a derrubada de florestas e o crescimento de iniciativas do setor privado, ajudaram a reduzir o aumento do desmatamento no in&iacute;cio dos anos 2000. No entanto, as restri&ccedil;&otilde;es foram relaxadas desde ent&atilde;o.<\/p>\n<p>A atividade madeireira humana e os inc&ecirc;ndios estabelecidos intencionalmente para limpar a terra para a cria&ccedil;&atilde;o de gado ou a agricultura tamb&eacute;m devastaram vastas extens&otilde;es de copa das &aacute;rvores da Amaz&ocirc;nia nas &uacute;ltimas d&eacute;cadas.<\/p>\n<h2>Pre&ccedil;o elevado<\/h2>\n<p>Quando as &aacute;rvores da floresta s&atilde;o derrubadas ou incendiadas, h&aacute; menos para absorver carbono da atmosfera. Enquanto isso, o carbono armazenado nas &aacute;rvores &eacute; liberado, exacerbando as mudan&ccedil;as clim&aacute;ticas. Com o tempo, esse processo transforma florestas de esponjas de carbono em emissores de CO2 .<\/p>\n<p>Com a perda de habitats animais e biodiversidade, o desmatamento vem com um alto pre&ccedil;o ambiental.&nbsp;O planeta perde cerca de 18,7 milh&otilde;es de acres de floresta a cada ano , o equivalente a 27 campos de futebol por minuto. Mas essa tend&ecirc;ncia pode ser revertida.<\/p>\n<p>Na Costa Rica, d&eacute;cadas de desmatamento viram quase dois ter&ccedil;os da cobertura florestal do pa&iacute;s desaparecer e, em 1983, apenas 26% permaneciam.&nbsp;Desde ent&atilde;o, grandes mudan&ccedil;as pol&iacute;ticas trouxeram de volta as florestas do pa&iacute;s. Iniciativas governamentais foram implementadas para restringir as licen&ccedil;as de explora&ccedil;&atilde;o madeireira, pagar propriet&aacute;rios de terras que conservam suas terras e incentivam o investimento estrangeiro em ecoturismo. Hoje, as florestas cobrem mais da metade do pa&iacute;s, que se comprometeu a descarbonizar completamente at&eacute; 2050.<\/p>\n<p>Falando na Reuni&atilde;o Anual dos Conselhos Futuros Globais do F&oacute;rum Econ&ocirc;mico Mundial em Dubai, Carlos Manuel Rodr&iacute;guez, Ministro do Meio Ambiente e Energia da Costa Rica, revelou que sua arma secreta para combater as mudan&ccedil;as clim&aacute;ticas s&atilde;o as &aacute;rvores.&nbsp;O planeta usou esse recurso natural para regular a atmosfera por mil&ecirc;nios, ent&atilde;o h&aacute; esperan&ccedil;a para nossas florestas tropicais.<\/p>\n","protected":false},"excerpt":{"rendered":"","protected":false},"author":1,"featured_media":8473,"comment_status":"open","ping_status":"open","sticky":false,"template":"","format":"standard","meta":{"tdm_status":"","tdm_grid_status":"","footnotes":"","jetpack_publicize_message":"","jetpack_publicize_feature_enabled":true,"jetpack_social_post_already_shared":true,"jetpack_social_options":{"image_generator_settings":{"template":"highway","enabled":false},"version":2}},"categories":[20,1423],"tags":[1636,452,1444,1458],"class_list":{"0":"post-8470","1":"post","2":"type-post","3":"status-publish","4":"format-standard","5":"has-post-thumbnail","7":"category-destaques","8":"category-sustentabilidade","9":"tag-amazonia","10":"tag-crise-climatica","11":"tag-devastacao-da-amazonia","12":"tag-futuro-do-clima"},"jetpack_publicize_connections":[],"jetpack_featured_media_url":"https:\/\/radardofuturo.com.br\/test\/wp-content\/uploads\/2019\/11\/desmatamento-na-amazonia-imagem-Ronan-Frias-Semas-fotos-publicas.jpg","post_mailing_queue_ids":[],"_links":{"self":[{"href":"https:\/\/radardofuturo.com.br\/test\/wp-json\/wp\/v2\/posts\/8470","targetHints":{"allow":["GET"]}}],"collection":[{"href":"https:\/\/radardofuturo.com.br\/test\/wp-json\/wp\/v2\/posts"}],"about":[{"href":"https:\/\/radardofuturo.com.br\/test\/wp-json\/wp\/v2\/types\/post"}],"author":[{"embeddable":true,"href":"https:\/\/radardofuturo.com.br\/test\/wp-json\/wp\/v2\/users\/1"}],"replies":[{"embeddable":true,"href":"https:\/\/radardofuturo.com.br\/test\/wp-json\/wp\/v2\/comments?post=8470"}],"version-history":[{"count":0,"href":"https:\/\/radardofuturo.com.br\/test\/wp-json\/wp\/v2\/posts\/8470\/revisions"}],"wp:featuredmedia":[{"embeddable":true,"href":"https:\/\/radardofuturo.com.br\/test\/wp-json\/wp\/v2\/media\/8473"}],"wp:attachment":[{"href":"https:\/\/radardofuturo.com.br\/test\/wp-json\/wp\/v2\/media?parent=8470"}],"wp:term":[{"taxonomy":"category","embeddable":true,"href":"https:\/\/radardofuturo.com.br\/test\/wp-json\/wp\/v2\/categories?post=8470"},{"taxonomy":"post_tag","embeddable":true,"href":"https:\/\/radardofuturo.com.br\/test\/wp-json\/wp\/v2\/tags?post=8470"}],"curies":[{"name":"wp","href":"https:\/\/api.w.org\/{rel}","templated":true}]}}