{"id":8170,"date":"2019-10-31T12:14:30","date_gmt":"2019-10-31T15:14:30","guid":{"rendered":"https:\/\/radardofuturo.com.br\/?p=8170"},"modified":"2019-10-31T12:14:30","modified_gmt":"2019-10-31T15:14:30","slug":"onu-propoe-debate-sobre-desafios-da-urbanizacao-global","status":"publish","type":"post","link":"https:\/\/radardofuturo.com.br\/test\/onu-propoe-debate-sobre-desafios-da-urbanizacao-global\/","title":{"rendered":"ONU prop\u00f5e debate sobre desafios da urbaniza\u00e7\u00e3o global"},"content":{"rendered":"<figure id=\"attachment_8171\" aria-describedby=\"caption-attachment-8171\" style=\"width: 960px\" class=\"wp-caption aligncenter\"><a href=\"https:\/\/radardofuturo.com.br\/test\/wp-content\/uploads\/2019\/10\/tokyo-tower-fica-no-japao-foto-pixabay.jpg\"><img loading=\"lazy\" decoding=\"async\" class=\"size-full wp-image-8171\" src=\"https:\/\/radardofuturo.com.br\/test\/wp-content\/uploads\/2019\/10\/tokyo-tower-fica-no-japao-foto-pixabay.jpg\" alt=\"Centros urbanos &ldquo;s&atilde;o onde a batalha clim&aacute;tica ser&aacute; amplamente vencida ou perdida&rdquo;, diz o secret&aacute;rio-geral das Na&ccedil;&otilde;es Unidas, Ant&oacute;nio Guterres. Foto: Pixabay\" width=\"960\" height=\"717\" srcset=\"https:\/\/radardofuturo.com.br\/test\/wp-content\/uploads\/2019\/10\/tokyo-tower-fica-no-japao-foto-pixabay.jpg 960w, https:\/\/radardofuturo.com.br\/test\/wp-content\/uploads\/2019\/10\/tokyo-tower-fica-no-japao-foto-pixabay-300x224.jpg 300w, https:\/\/radardofuturo.com.br\/test\/wp-content\/uploads\/2019\/10\/tokyo-tower-fica-no-japao-foto-pixabay-768x574.jpg 768w, https:\/\/radardofuturo.com.br\/test\/wp-content\/uploads\/2019\/10\/tokyo-tower-fica-no-japao-foto-pixabay-80x60.jpg 80w, https:\/\/radardofuturo.com.br\/test\/wp-content\/uploads\/2019\/10\/tokyo-tower-fica-no-japao-foto-pixabay-160x120.jpg 160w, https:\/\/radardofuturo.com.br\/test\/wp-content\/uploads\/2019\/10\/tokyo-tower-fica-no-japao-foto-pixabay-265x198.jpg 265w, https:\/\/radardofuturo.com.br\/test\/wp-content\/uploads\/2019\/10\/tokyo-tower-fica-no-japao-foto-pixabay-530x396.jpg 530w, https:\/\/radardofuturo.com.br\/test\/wp-content\/uploads\/2019\/10\/tokyo-tower-fica-no-japao-foto-pixabay-696x520.jpg 696w\" sizes=\"auto, (max-width: 960px) 100vw, 960px\"><\/a><figcaption id=\"caption-attachment-8171\" class=\"wp-caption-text\">Centros urbanos &ldquo;s&atilde;o onde a batalha clim&aacute;tica ser&aacute; amplamente vencida ou perdida&rdquo;, diz o secret&aacute;rio-geral das Na&ccedil;&otilde;es Unidas, Ant&oacute;nio Guterres. Foto: Pixabay<\/figcaption><\/figure>\n<p><!--more--><em>ONU<\/em><\/p>\n<p>No Dia Mundial das Cidades, celebrado em 31 de outubro, a Organiza&ccedil;&atilde;o das Na&ccedil;&otilde;es Unidas refor&ccedil;a a inten&ccedil;&atilde;o de promover os acertos e ajudar a enfrentar os desafios espec&iacute;ficos da urbaniza&ccedil;&atilde;o. De acordo com o Departamento de Assuntos Econ&ocirc;micos e Sociais das entidade (UN Desa), em 2018, 55% da popula&ccedil;&atilde;o mundial (ou 4,2 bilh&otilde;es de pessoas) viviam em centro urbanos.<\/p>\n<p>At&eacute; 2050, mais 2,5 bilh&otilde;es de cidad&atilde;os ter&atilde;o escolhido uma cidade para fixar resid&ecirc;ncia. Neste ano, a cidade escolhida para concentrar as celebra&ccedil;&otilde;es do Dia Mundial das Cidades foi Ecaterimburgo, na R&uacute;ssia.<\/p>\n<h2>Novas cidades, novas solu&ccedil;&otilde;es<\/h2>\n<p>Em mensagem sobre o dia, o secret&aacute;rio-geral da ONU, Ant&oacute;nio Guterres, alertou que &ldquo;muito do que ser&aacute; necess&aacute;rio para abrigar e servir a esse mundo, cada vez mais urbano, ainda n&atilde;o foi constru&iacute;do, e at&eacute; mesmo algumas novas cidades precisar&atilde;o surgir&rdquo;.<\/p>\n<p>Para ele, &ldquo;isso traz enormes oportunidades para desenvolver e implementar solu&ccedil;&otilde;es que podem enfrentar a crise clim&aacute;tica e abrir caminho para um futuro sustent&aacute;vel&rdquo;. Guterres tamb&eacute;m lembrou que &ldquo;as cidades consomem mais de dois ter&ccedil;os da energia do mundo e respondem por mais de 70% das emiss&otilde;es globais de di&oacute;xido de carbono&rdquo;.<\/p>\n<p>O chefe da ONU acredita que &ldquo;as escolhas que ser&atilde;o feitas na infraestrutura urbana nas pr&oacute;ximas d&eacute;cadas, em planejamento urbano, efici&ecirc;ncia energ&eacute;tica, gera&ccedil;&atilde;o de energia e transporte, ter&atilde;o influ&ecirc;ncia decisiva na curva de emiss&otilde;es&rdquo;.&nbsp;Ele aponta ainda que &ldquo;as cidades s&atilde;o onde a batalha clim&aacute;tica ser&aacute; amplamente vencida ou perdida&rdquo;.<\/p>\n<p>Escolhido pelas Na&ccedil;&otilde;es Unidas, o tema norteador do Dia Mundial das Cidades deste ano &eacute; &ldquo;Mudando o mundo: inova&ccedil;&otilde;es e uma vida melhor para as gera&ccedil;&otilde;es futuras&rdquo;. O intuito &eacute; aproveitar a data comemorativa para discutir como a urbaniza&ccedil;&atilde;o pode ser usada para alcan&ccedil;ar o desenvolvimento sustent&aacute;vel.<\/p>\n<p>Os debates visam promover o interesse da comunidade internacional na implementa&ccedil;&atilde;o global da Nova Agenda Urbana, adotada em outubro de 2016, e no aprimoramento da coopera&ccedil;&atilde;o entre os pa&iacute;ses para encontrar oportunidades e enfrentar os desafios da urbaniza&ccedil;&atilde;o nas cidades.<\/p>\n<p>A ONU destaca que a urbaniza&ccedil;&atilde;o apresenta v&aacute;rios desafios de sustentabilidade relacionados &agrave; habita&ccedil;&atilde;o, meio ambiente, mudan&ccedil;as clim&aacute;ticas, infraestrutura, servi&ccedil;os b&aacute;sicos, seguran&ccedil;a alimentar, sa&uacute;de, educa&ccedil;&atilde;o, empregos decentes, seguran&ccedil;a e recursos naturais.<\/p>\n<p>Ao mesmo tempo, ela tamb&eacute;m pode produzir grandes oportunidades, al&eacute;m de ser uma ferramenta cr&iacute;tica para o desenvolvimento sustent&aacute;vel, se aplicada da maneira correta.&nbsp;Guterres enfatizou que &ldquo;as cidades geram mais de 80% do Produto Interno Bruto (PIB) global e, como centros de educa&ccedil;&atilde;o e empreendedorismo, s&atilde;o p&oacute;los de inova&ccedil;&atilde;o e criatividade, com os jovens muitas vezes assumindo a lideran&ccedil;a&rdquo;.&nbsp;O secret&aacute;rio-geral tamb&eacute;m lan&ccedil;ou o seu apelo: &ldquo;agora &eacute; a hora de uma a&ccedil;&atilde;o ambiciosa&rdquo;.<\/p>\n<p>Celebra&ccedil;&otilde;es nas cidades do mundo<\/p>\n<p>A ONU acredita que &eacute; poss&iacute;vel usar a urbaniza&ccedil;&atilde;o para alcan&ccedil;ar o desenvolvimento sustent&aacute;vel, adaptando a maneira como as cidades s&atilde;o planejadas, projetadas, financiadas, desenvolvidas, governadas e gerenciadas.&nbsp;Segundo as Na&ccedil;&otilde;es Unidas, a inova&ccedil;&atilde;o tamb&eacute;m pode contribuir para o fim da desigualdade e precisa ser acompanhada de pol&iacute;ticas regulat&oacute;rias econ&ocirc;micas e sociais apropriadas.<\/p>\n<h2>Desenvolvimento sustent&aacute;vel<\/h2>\n<p>O Objetivo de Desenvolvimento Sustent&aacute;vel (ODS) 11, foca na ambi&ccedil;&atilde;o de tornar cidades e assentamentos humanos inclusivos, seguros, resilientes e sustent&aacute;veis.&nbsp;Segundo a ONU, &#8203;&#8203;as desigualdades nas cidades est&atilde;o crescendo desde 1980. As maiores cidades do mundo tamb&eacute;m s&atilde;o as mais desiguais.<\/p>\n<p>As maiores cidades, por n&uacute;mero de habitante, s&atilde;o T&oacute;quio com 37 milh&otilde;es de pessoas. Em segundo lugar, aparece Nova D&eacute;lhi com 29 milh&otilde;es de habitantes.&nbsp;A expectativa do UNDesa &eacute; que a cidade de Nova D&eacute;lhi ultrapasse T&oacute;quio no ranking. A capital da &Iacute;ndia deve ser tornar a mais populosa do mundo por volta de 2028.<\/p>\n","protected":false},"excerpt":{"rendered":"","protected":false},"author":1,"featured_media":8171,"comment_status":"open","ping_status":"open","sticky":false,"template":"","format":"standard","meta":{"tdm_status":"","tdm_grid_status":"","footnotes":"","jetpack_publicize_message":"","jetpack_publicize_feature_enabled":true,"jetpack_social_post_already_shared":true,"jetpack_social_options":{"image_generator_settings":{"template":"highway","enabled":false},"version":2}},"categories":[19],"tags":[576,305,1609,1235,898],"class_list":{"0":"post-8170","1":"post","2":"type-post","3":"status-publish","4":"format-standard","5":"has-post-thumbnail","7":"category-insights","8":"tag-cidades-do-futuro","9":"tag-futuro-das-cidades","10":"tag-futuro-das-metropoles","11":"tag-ods","12":"tag-onu"},"jetpack_publicize_connections":[],"jetpack_featured_media_url":"https:\/\/radardofuturo.com.br\/test\/wp-content\/uploads\/2019\/10\/tokyo-tower-fica-no-japao-foto-pixabay.jpg","post_mailing_queue_ids":[],"_links":{"self":[{"href":"https:\/\/radardofuturo.com.br\/test\/wp-json\/wp\/v2\/posts\/8170","targetHints":{"allow":["GET"]}}],"collection":[{"href":"https:\/\/radardofuturo.com.br\/test\/wp-json\/wp\/v2\/posts"}],"about":[{"href":"https:\/\/radardofuturo.com.br\/test\/wp-json\/wp\/v2\/types\/post"}],"author":[{"embeddable":true,"href":"https:\/\/radardofuturo.com.br\/test\/wp-json\/wp\/v2\/users\/1"}],"replies":[{"embeddable":true,"href":"https:\/\/radardofuturo.com.br\/test\/wp-json\/wp\/v2\/comments?post=8170"}],"version-history":[{"count":0,"href":"https:\/\/radardofuturo.com.br\/test\/wp-json\/wp\/v2\/posts\/8170\/revisions"}],"wp:featuredmedia":[{"embeddable":true,"href":"https:\/\/radardofuturo.com.br\/test\/wp-json\/wp\/v2\/media\/8171"}],"wp:attachment":[{"href":"https:\/\/radardofuturo.com.br\/test\/wp-json\/wp\/v2\/media?parent=8170"}],"wp:term":[{"taxonomy":"category","embeddable":true,"href":"https:\/\/radardofuturo.com.br\/test\/wp-json\/wp\/v2\/categories?post=8170"},{"taxonomy":"post_tag","embeddable":true,"href":"https:\/\/radardofuturo.com.br\/test\/wp-json\/wp\/v2\/tags?post=8170"}],"curies":[{"name":"wp","href":"https:\/\/api.w.org\/{rel}","templated":true}]}}