{"id":8007,"date":"2019-10-24T08:28:19","date_gmt":"2019-10-24T11:28:19","guid":{"rendered":"https:\/\/radardofuturo.com.br\/?p=8007"},"modified":"2019-10-24T08:32:23","modified_gmt":"2019-10-24T11:32:23","slug":"aposentados-lamentam-aprovacao-de-reforma-da-previdencia","status":"publish","type":"post","link":"https:\/\/radardofuturo.com.br\/test\/aposentados-lamentam-aprovacao-de-reforma-da-previdencia\/","title":{"rendered":"Aposentados lamentam aprova\u00e7\u00e3o de reforma da Previd\u00eancia"},"content":{"rendered":"<figure id=\"attachment_2346\" aria-describedby=\"caption-attachment-2346\" style=\"width: 960px\" class=\"wp-caption aligncenter\"><a href=\"https:\/\/radardofuturo.com.br\/test\/wp-content\/uploads\/2018\/12\/mercado-de-cuidadores-de-idosos-registra-crescimento-foto-pixabay.jpg\"><img loading=\"lazy\" decoding=\"async\" class=\"wp-image-2346 size-full\" src=\"https:\/\/radardofuturo.com.br\/test\/wp-content\/uploads\/2018\/12\/mercado-de-cuidadores-de-idosos-registra-crescimento-foto-pixabay.jpg\" alt=\"A reforma dever&aacute; atingir 72 milh&otilde;es de pessoas, entre trabalhadores da iniciativa privada e servidores p&uacute;blicos. Foto: Pixabay\" width=\"960\" height=\"640\" srcset=\"https:\/\/radardofuturo.com.br\/test\/wp-content\/uploads\/2018\/12\/mercado-de-cuidadores-de-idosos-registra-crescimento-foto-pixabay.jpg 960w, https:\/\/radardofuturo.com.br\/test\/wp-content\/uploads\/2018\/12\/mercado-de-cuidadores-de-idosos-registra-crescimento-foto-pixabay-300x200.jpg 300w, https:\/\/radardofuturo.com.br\/test\/wp-content\/uploads\/2018\/12\/mercado-de-cuidadores-de-idosos-registra-crescimento-foto-pixabay-768x512.jpg 768w, https:\/\/radardofuturo.com.br\/test\/wp-content\/uploads\/2018\/12\/mercado-de-cuidadores-de-idosos-registra-crescimento-foto-pixabay-480x320.jpg 480w\" sizes=\"auto, (max-width: 960px) 100vw, 960px\"><\/a><figcaption id=\"caption-attachment-2346\" class=\"wp-caption-text\">A reforma dever&aacute; atingir 72 milh&otilde;es de pessoas, entre trabalhadores da iniciativa privada e servidores p&uacute;blicos. Foto: Pixabay<\/figcaption><\/figure>\n<p><!--more--><em>Heraldo Leite<\/em><br>\n<em>Jornalista I Riaam<\/em><\/p>\n<p>A aprova&ccedil;&atilde;o da reforma da Previd&ecirc;ncia foi avaliada como &ldquo;lament&aacute;vel&rdquo; e &ldquo;preocupante&rdquo; por representantes de movimentos de defesa de aposentados e pensionistas. O projeto, tido como um dos principais do governo Jair Bolsonaro, foi aprovado no Senado, na ter&ccedil;a 22 de outubro, por 60 votos a favor e 19 contra. A entrada em vigor das novas medidas &ndash; assista ao v&iacute;deo abaixo &ndash; depende da promulga&ccedil;&atilde;o da legisla&ccedil;&atilde;o que altera a Constitui&ccedil;&atilde;o, o que dever&aacute; ocorrer j&aacute; em novembro.<\/p>\n<h3 class=\"wp-block-image\"><img decoding=\"async\" class=\"wp-image-1038 alignleft\" src=\"https:\/\/riaambrasil.org.br\/wp-content\/uploads\/2019\/10\/Maria_Machado_ALES-300x203.jpg\" sizes=\"(max-width: 300px) 100vw, 300px\" srcset=\"https:\/\/riaambrasil.org.br\/wp-content\/uploads\/2019\/10\/Maria_Machado_ALES-300x203.jpg 300w, https:\/\/riaambrasil.org.br\/wp-content\/uploads\/2019\/10\/Maria_Machado_ALES-768x518.jpg 768w, https:\/\/riaambrasil.org.br\/wp-content\/uploads\/2019\/10\/Maria_Machado_ALES-1024x691.jpg 1024w, https:\/\/riaambrasil.org.br\/wp-content\/uploads\/2019\/10\/Maria_Machado_ALES.jpg 1200w\" alt=\"reforma_da_previdencia_Maria_Machado_Cota_RIAAM-Brasil\">Maria Machado Cota, RIAAM-Brasil<\/h3>\n<p>&ldquo;O que foi destru&iacute;do, e levou pelo menos 100 anos para ser constru&iacute;do, vai demorar muitos anos para ser recuperado&rdquo;, avalia a presidente da Rede Ibero-Americana de Associa&ccedil;&otilde;es de Idosos do Brasil (RIAAM-Brasil), Maria Machado Cota. &ldquo;Isso quando as pessoas se derem conta da queda vertiginosa a que os trabalhadores foram submetidos.<\/p>\n<div class=\"wp-block-image\">\n<figure class=\"alignright\"><img decoding=\"async\" class=\"wp-image-1039\" src=\"https:\/\/riaambrasil.org.br\/wp-content\/uploads\/2019\/10\/DSCN8104-300x225.jpg\" sizes=\"(max-width: 300px) 100vw, 300px\" srcset=\"https:\/\/riaambrasil.org.br\/wp-content\/uploads\/2019\/10\/DSCN8104-300x225.jpg 300w, https:\/\/riaambrasil.org.br\/wp-content\/uploads\/2019\/10\/DSCN8104-768x576.jpg 768w, https:\/\/riaambrasil.org.br\/wp-content\/uploads\/2019\/10\/DSCN8104-1024x768.jpg 1024w, https:\/\/riaambrasil.org.br\/wp-content\/uploads\/2019\/10\/DSCN8104.jpg 1600w\" alt=\"reforma_da_previdencia_Afonso_Bicalho_Aseapprevs\"><figcaption>Afonso Bicalho, Aseapprevs<\/figcaption><\/figure>\n<\/div>\n<p>Para o presidente da Associa&ccedil;&atilde;o Ecl&eacute;tica de Aposentados, Pensionistas da Previd&ecirc;ncia Social do Estado de Minas Gerais (Aseapprevs), Afonso Dolabela Bicalho Filho, vai haver uma &ldquo;corrida aos pedidos de aposentadoria, mas muitos ser&atilde;o recusados. E muitos v&atilde;o despertar para a realidade de que ficou muito mais dif&iacute;cil se aposentar&rdquo;.<\/p>\n<p>A preocupa&ccedil;&atilde;o do presidente da Rede Ibero-Americana de Associa&ccedil;&otilde;es de Idosos do Estado de Minas Gerais, RIAAM-Minas, Jorge Viera Lara, &eacute; com o per&iacute;odo de transi&ccedil;&atilde;o. &ldquo;Parece que n&atilde;o est&atilde;o respeitando o princ&iacute;pio do direito adquirido. Trabalhadores que est&atilde;o pr&oacute;ximo de se aposentarem &ndash; quatro ou cinco anos &ndash; foram muito prejudicados. Estavam na expectativa da t&atilde;o sonhada aposentadoria e agora, pelo jeito, v&atilde;o ter de trabalhar mais&rdquo;, aponta.<\/p>\n<figure class=\"wp-block-image\"><img decoding=\"async\" class=\"wp-image-1040 alignright\" src=\"https:\/\/riaambrasil.org.br\/wp-content\/uploads\/2019\/10\/Jorge-Lara-RIAAM-Minas-225x300.jpg\" sizes=\"(max-width: 225px) 100vw, 225px\" srcset=\"https:\/\/riaambrasil.org.br\/wp-content\/uploads\/2019\/10\/Jorge-Lara-RIAAM-Minas-225x300.jpg 225w, https:\/\/riaambrasil.org.br\/wp-content\/uploads\/2019\/10\/Jorge-Lara-RIAAM-Minas-768x1024.jpg 768w, https:\/\/riaambrasil.org.br\/wp-content\/uploads\/2019\/10\/Jorge-Lara-RIAAM-Minas.jpg 1200w\" alt=\"Reforma_da_previdencia_Jorge_Lara_RIAAM-Minas\"><figcaption>Jorge Lara, RIAAM-Minas<\/figcaption><\/figure>\n<hr class=\"wp-block-separator\">\n<blockquote class=\"wp-block-quote is-style-large\"><p>&ldquo;O que foi destru&iacute;do, e levou pelo menos 100 anos para ser constru&iacute;do, vai demorar muitos anos para ser recuperado&rdquo;<\/p>\n<p><cite>Maria Machado, RIAAM-Brasil<\/cite><\/p><\/blockquote>\n<hr class=\"wp-block-separator\">\n<h3>Assista ao v&iacute;deo da TV Senado e entenda as principais mudan&ccedil;as<\/h3>\n<figure class=\"wp-block-embed-youtube wp-block-embed is-type-video is-provider-youtube wp-embed-aspect-16-9 wp-has-aspect-ratio\">\n<div class=\"wp-block-embed__wrapper\"><iframe loading=\"lazy\" title=\"Reforma da Previd&ecirc;ncia: confira os principais pontos aprovados pelo Senado\" src=\"https:\/\/www.youtube.com\/embed\/yhneCwLCdSk?feature=oembed\" width=\"500\" height=\"281\" frameborder=\"0\" allowfullscreen=\"allowfullscreen\" data-mce-fragment=\"1\"><\/iframe><\/div>\n<\/figure>\n<h3>O que muda com a reforma da Previd&ecirc;ncia<\/h3>\n<p>A principal medida da reforma da Previd&ecirc;ncia &eacute; a fixa&ccedil;&atilde;o de uma idade m&iacute;nima (65 anos para homens e 62 anos para mulheres) para a aposentadoria, extinguindo a aposentadoria por tempo de contribui&ccedil;&atilde;o. O texto tamb&eacute;m estabelece o valor da aposentadoria a partir da m&eacute;dia de todos os sal&aacute;rios (em vez de permitir a exclus&atilde;o das 20% menores contribui&ccedil;&otilde;es), eleva al&iacute;quotas de contribui&ccedil;&atilde;o para quem ganha acima do teto do INSS (hoje em R$ 5.839,00) e estabelece regras de transi&ccedil;&atilde;o para os trabalhadores em atividade.<\/p>\n<p>A reforma dever&aacute; atingir 72 milh&otilde;es de pessoas, entre trabalhadores da iniciativa privada e servidores p&uacute;blicos. Apesar das concess&otilde;es feitas durante a tramita&ccedil;&atilde;o do projeto nas duas casas do Congresso (C&acirc;mara e Senado) os principais objetivos foram mantidos.<\/p>\n<p>A presidente da RIAAM-Brasil chama a aten&ccedil;&atilde;o para mais altera&ccedil;&otilde;es no atual sistema Previdenci&aacute;rio e que v&atilde;o trazer mais preju&iacute;zos &agrave; classe trabalhadora e aos j&aacute; aposentados e pensionistas. &ldquo;&Eacute; preciso ficar atento &agrave; chamada PEC paralela, que trata da implanta&ccedil;&atilde;o do regime de Capitaliza&ccedil;&atilde;o&rdquo;, destaca Maria Machado Cota.<\/p>\n<figure class=\"wp-block-embed-wordpress wp-block-embed is-type-wp-embed is-provider-riaam-brasil\">\n<div class=\"wp-block-embed__wrapper\"><iframe loading=\"lazy\" class=\"wp-embedded-content\" title=\"&ldquo;Capitaliza&ccedil;&atilde;o: um mau neg&oacute;cio&rdquo; &mdash; RIAAM Brasil\" src=\"https:\/\/riaambrasil.org.br\/capitalizacao-um-mau-negocio\/embed\/#?secret=xgfNJ9vTaN\" width=\"500\" height=\"278\" frameborder=\"0\" marginwidth=\"0\" marginheight=\"0\" scrolling=\"no\" sandbox=\"allow-scripts\" data-secret=\"xgfNJ9vTaN\" data-mce-fragment=\"1\"><\/iframe><\/div>\n<\/figure>\n<h3>Aten&ccedil;&otilde;es se voltam para a capitaliza&ccedil;&atilde;o<\/h3>\n<p>Segundo ela, atr&aacute;s do discurso de &ldquo;inefici&ecirc;ncia de Estado&rdquo; vem a entrega de patrim&ocirc;nio constru&iacute;do pelos trabalhadores para as m&atilde;os da iniciativa privada. &ldquo;As grandes empresas v&atilde;o dilapidar ainda mais o patrim&ocirc;nio que era p&uacute;blico para atender seus interesses. E s&oacute; v&atilde;o at&eacute; a&iacute;, ignorando completamente qualquer preocupa&ccedil;&atilde;o social&rdquo;.<\/p>\n<p>Para Afonso Bicalho, da Aseapprevs, a propaganda maci&ccedil;a &eacute; colocada como se a reforma da Previd&ecirc;ncia &ldquo;venha para combater privil&eacute;gios. Mas, na verdade, as medidas n&atilde;o mexem com militares, parlamentares e altos funcion&aacute;rios da Justi&ccedil;a. Os &lsquo;amigos do rei&rsquo; continuam intocados&rdquo;, questiona.<\/p>\n<p>Presidente da RIAAM-Minas, Jorge Lara &eacute; de opini&atilde;o que uma reforma teria de ser feita &ldquo;mais cedo ou mais tarde&rdquo;. Mas tamb&eacute;m lamenta: &ldquo;o resultado final foi muito prejudicial ao trabalhador. Dezenas de sugest&otilde;es feitas pelas nossas entidades nem sequer foram levadas em conta&rdquo;, afirma.<\/p>\n<p class=\"has-medium-font-size\"><strong>(* Com informa&ccedil;&otilde;es da Ag&ecirc;ncia Senado &ndash; Acompanhe pelo <a href=\"https:\/\/www12.senado.leg.br\/noticias\/materias\/2019\/10\/23\/senado-aprova-ultimo-destaque-ao-texto-da-reforma-da-previdencia?utm_source=hpsenado&amp;utm_medium=carousel_0&amp;utm_campaign=carousel\" target=\"_blank\" rel=\"noopener\">link)<\/a><\/strong><\/p>\n<p>&nbsp;<\/p>\n","protected":false},"excerpt":{"rendered":"","protected":false},"author":1,"featured_media":3914,"comment_status":"open","ping_status":"open","sticky":false,"template":"","format":"standard","meta":{"tdm_status":"","tdm_grid_status":"","footnotes":"","jetpack_publicize_message":"","jetpack_publicize_feature_enabled":true,"jetpack_social_post_already_shared":true,"jetpack_social_options":{"image_generator_settings":{"template":"highway","enabled":false},"version":2}},"categories":[20,19],"tags":[542,543,1597],"class_list":{"0":"post-8007","1":"post","2":"type-post","3":"status-publish","4":"format-standard","5":"has-post-thumbnail","7":"category-destaques","8":"category-insights","9":"tag-aposentadoria","10":"tag-futuro-da-aposentadoria","11":"tag-futuro-dos-aposentados"},"jetpack_publicize_connections":[],"jetpack_featured_media_url":"https:\/\/radardofuturo.com.br\/test\/wp-content\/uploads\/2019\/05\/angustia-desemprego-falta-de-trabalho.jpg","post_mailing_queue_ids":[],"_links":{"self":[{"href":"https:\/\/radardofuturo.com.br\/test\/wp-json\/wp\/v2\/posts\/8007","targetHints":{"allow":["GET"]}}],"collection":[{"href":"https:\/\/radardofuturo.com.br\/test\/wp-json\/wp\/v2\/posts"}],"about":[{"href":"https:\/\/radardofuturo.com.br\/test\/wp-json\/wp\/v2\/types\/post"}],"author":[{"embeddable":true,"href":"https:\/\/radardofuturo.com.br\/test\/wp-json\/wp\/v2\/users\/1"}],"replies":[{"embeddable":true,"href":"https:\/\/radardofuturo.com.br\/test\/wp-json\/wp\/v2\/comments?post=8007"}],"version-history":[{"count":0,"href":"https:\/\/radardofuturo.com.br\/test\/wp-json\/wp\/v2\/posts\/8007\/revisions"}],"wp:featuredmedia":[{"embeddable":true,"href":"https:\/\/radardofuturo.com.br\/test\/wp-json\/wp\/v2\/media\/3914"}],"wp:attachment":[{"href":"https:\/\/radardofuturo.com.br\/test\/wp-json\/wp\/v2\/media?parent=8007"}],"wp:term":[{"taxonomy":"category","embeddable":true,"href":"https:\/\/radardofuturo.com.br\/test\/wp-json\/wp\/v2\/categories?post=8007"},{"taxonomy":"post_tag","embeddable":true,"href":"https:\/\/radardofuturo.com.br\/test\/wp-json\/wp\/v2\/tags?post=8007"}],"curies":[{"name":"wp","href":"https:\/\/api.w.org\/{rel}","templated":true}]}}