{"id":7960,"date":"2019-10-22T11:51:27","date_gmt":"2019-10-22T14:51:27","guid":{"rendered":"https:\/\/radardofuturo.com.br\/?p=7960"},"modified":"2019-10-22T11:51:49","modified_gmt":"2019-10-22T14:51:49","slug":"oit-onda-de-nacionalismos-tem-raizes-nas-frustracoes-com-trabalho","status":"publish","type":"post","link":"https:\/\/radardofuturo.com.br\/test\/oit-onda-de-nacionalismos-tem-raizes-nas-frustracoes-com-trabalho\/","title":{"rendered":"OIT: onda de nacionalismos tem ra\u00edzes nas frustra\u00e7\u00f5es com trabalho"},"content":{"rendered":"<figure id=\"attachment_7961\" aria-describedby=\"caption-attachment-7961\" style=\"width: 960px\" class=\"wp-caption aligncenter\"><a href=\"https:\/\/radardofuturo.com.br\/test\/wp-content\/uploads\/2019\/10\/operario-trabalhador-condicoes-de-trabalho-foto-pixabay.jpg\"><img loading=\"lazy\" decoding=\"async\" class=\"size-full wp-image-7961\" src=\"https:\/\/radardofuturo.com.br\/test\/wp-content\/uploads\/2019\/10\/operario-trabalhador-condicoes-de-trabalho-foto-pixabay.jpg\" alt=\"Para diretor Guy Ryder, globalmente h&aacute; grandes desafios do mundo do trabalho que estimulam os radicalismos. Foto: Pixabay\" width=\"960\" height=\"586\" srcset=\"https:\/\/radardofuturo.com.br\/test\/wp-content\/uploads\/2019\/10\/operario-trabalhador-condicoes-de-trabalho-foto-pixabay.jpg 960w, https:\/\/radardofuturo.com.br\/test\/wp-content\/uploads\/2019\/10\/operario-trabalhador-condicoes-de-trabalho-foto-pixabay-300x183.jpg 300w, https:\/\/radardofuturo.com.br\/test\/wp-content\/uploads\/2019\/10\/operario-trabalhador-condicoes-de-trabalho-foto-pixabay-768x469.jpg 768w, https:\/\/radardofuturo.com.br\/test\/wp-content\/uploads\/2019\/10\/operario-trabalhador-condicoes-de-trabalho-foto-pixabay-696x425.jpg 696w\" sizes=\"auto, (max-width: 960px) 100vw, 960px\"><\/a><figcaption id=\"caption-attachment-7961\" class=\"wp-caption-text\">Para diretor Guy Ryder, globalmente h&aacute; grandes desafios do mundo do trabalho que estimulam os radicalismos. Foto: Pixabay<\/figcaption><\/figure>\n<p><!--more-->Radar do Futuro<\/p>\n<p>Atento &agrave;s mobiliza&ccedil;&otilde;es e protestos em pa&iacute;ses da Am&eacute;rica do Sul e &agrave; expans&atilde;o dos grupos de extrema-direita no mundo, o diretor-geral da Organiza&ccedil;&atilde;o Internacional do Trabalho (OIT), Guy Ryder, defendeu, nesta ter&ccedil;a-feira, em Portugal, que a ascens&atilde;o de nacionalismos e populismos em v&aacute;rios pa&iacute;ses tem as suas ra&iacute;zes nas frustra&ccedil;&otilde;es dos cidad&atilde;os em rela&ccedil;&atilde;o &agrave;s condi&ccedil;&otilde;es de trabalho. Guy Ryder foi um dos oradores convidados no congresso anual da CIP &ndash; Confedera&ccedil;&atilde;o Empresarial de Portugal, no Centro de Congressos do Estoril, e a sua interven&ccedil;&atilde;o teve como tema &ldquo;O Futuro do Trabalho e o Papel das Empresas&rdquo;.<\/p>\n<p>&ldquo;Globalmente, estamos enfrentando fortes desafios. Em v&aacute;rios pa&iacute;ses vemos um crescimento de populismo e nacionalismo&rdquo;, disse o diretor-geral da OIT, acrescentando que, isso tem, &ldquo;em grande medida, ra&iacute;zes no mundo do trabalho&rdquo;. Para o executivo da OIT, as expectativas da vida de trabalho n&atilde;o est&atilde;o sendo atingidas por uma grande parte da popula&ccedil;&atilde;o mundial e isso leva-as a procurar uma alternativa, &ldquo;uma solu&ccedil;&atilde;o simples, mas enganosa [&hellip;] que tem pouco que ver com os objetivos da OIT&rdquo; de toler&acirc;ncia e justi&ccedil;a social.<\/p>\n<p>Citando dados de um relat&oacute;rio da OIT divulgado em janeiro, Guy Ryder lembrou que dois em cada 10 trabalhadores, em todo o mundo, vive na pobreza, apesar de ter emprego, e que h&aacute; 25 milh&otilde;es de pessoas v&iacute;timas de trabalho for&ccedil;ado.<\/p>\n<p>Guy Ryder destacou ainda as mudan&ccedil;as que o mundo do trabalho, devido aos avan&ccedil;os tecnol&oacute;gicos, &agrave;s mudan&ccedil;as demogr&aacute;ficas e clim&aacute;ticas e &agrave; globaliza&ccedil;&atilde;o, mas sublinhou que &eacute; preciso ter cuidado para n&atilde;o se cair na &ldquo;armadilha&rdquo; de ter medo que a chamada &ldquo;quarta revolu&ccedil;&atilde;o industrial&rdquo; destrua mais postos de trabalho do que os que est&aacute; a criar.<\/p>\n<p>&ldquo;Podemos e devemos moldar o futuro [do mundo de trabalho] que todos queremos&rdquo;, reiterou, acrescentando que nunca acreditou que os objetivos das corpora&ccedil;&otilde;es existam em contradi&ccedil;&atilde;o com as condi&ccedil;&otilde;es das pessoas que nelas trabalham.<br>\nPara o futuro, o respons&aacute;vel da OIT defendeu que &eacute; necess&aacute;rio investir no refor&ccedil;o da prote&ccedil;&atilde;o social, nos empregos sustent&aacute;veis que contribuam para uma economia neutra em carbono e tamb&eacute;m nas leis e regulamentos que asseguram resultados acordados em sede de concerta&ccedil;&atilde;o social.<\/p>\n<p>Para tal, defendeu que a Organiza&ccedil;&atilde;o Internacional do Trabalho precisa melhorar a resposta &agrave; realidade dos neg&oacute;cios, dando como exemplo a import&acirc;ncia que o setor privado teve na recupera&ccedil;&atilde;o da economia portuguesa, depois da crise que come&ccedil;ou em 2008. &ldquo;Portugal demonstrou o sucesso de pol&iacute;ticas que resultam de parcerias e di&aacute;logos. O exemplo de Portugal e os seus valores t&ecirc;m uma grande import&acirc;ncia no mundo&rdquo;, concluiu.<\/p>\n<hr>\n<ul>\n<li><em>Com informa&ccedil;&otilde;es do site JN.PT, de Portugal<\/em><\/li>\n<\/ul>\n","protected":false},"excerpt":{"rendered":"","protected":false},"author":1,"featured_media":7961,"comment_status":"open","ping_status":"open","sticky":false,"template":"","format":"standard","meta":{"tdm_status":"","tdm_grid_status":"","footnotes":"","jetpack_publicize_message":"","jetpack_publicize_feature_enabled":true,"jetpack_social_post_already_shared":true,"jetpack_social_options":{"image_generator_settings":{"template":"highway","enabled":false},"version":2}},"categories":[20,19,14],"tags":[154,1572,1573,1571],"class_list":{"0":"post-7960","1":"post","2":"type-post","3":"status-publish","4":"format-standard","5":"has-post-thumbnail","7":"category-destaques","8":"category-insights","9":"category-mercado-de-trabalho","10":"tag-futuro-do-trabalho","11":"tag-nacionalismo","12":"tag-onda-de-revoltas","13":"tag-radicalismo"},"jetpack_publicize_connections":[],"jetpack_featured_media_url":"https:\/\/radardofuturo.com.br\/test\/wp-content\/uploads\/2019\/10\/operario-trabalhador-condicoes-de-trabalho-foto-pixabay.jpg","post_mailing_queue_ids":[],"_links":{"self":[{"href":"https:\/\/radardofuturo.com.br\/test\/wp-json\/wp\/v2\/posts\/7960","targetHints":{"allow":["GET"]}}],"collection":[{"href":"https:\/\/radardofuturo.com.br\/test\/wp-json\/wp\/v2\/posts"}],"about":[{"href":"https:\/\/radardofuturo.com.br\/test\/wp-json\/wp\/v2\/types\/post"}],"author":[{"embeddable":true,"href":"https:\/\/radardofuturo.com.br\/test\/wp-json\/wp\/v2\/users\/1"}],"replies":[{"embeddable":true,"href":"https:\/\/radardofuturo.com.br\/test\/wp-json\/wp\/v2\/comments?post=7960"}],"version-history":[{"count":0,"href":"https:\/\/radardofuturo.com.br\/test\/wp-json\/wp\/v2\/posts\/7960\/revisions"}],"wp:featuredmedia":[{"embeddable":true,"href":"https:\/\/radardofuturo.com.br\/test\/wp-json\/wp\/v2\/media\/7961"}],"wp:attachment":[{"href":"https:\/\/radardofuturo.com.br\/test\/wp-json\/wp\/v2\/media?parent=7960"}],"wp:term":[{"taxonomy":"category","embeddable":true,"href":"https:\/\/radardofuturo.com.br\/test\/wp-json\/wp\/v2\/categories?post=7960"},{"taxonomy":"post_tag","embeddable":true,"href":"https:\/\/radardofuturo.com.br\/test\/wp-json\/wp\/v2\/tags?post=7960"}],"curies":[{"name":"wp","href":"https:\/\/api.w.org\/{rel}","templated":true}]}}