{"id":7793,"date":"2019-10-15T19:29:06","date_gmt":"2019-10-15T22:29:06","guid":{"rendered":"https:\/\/radardofuturo.com.br\/?p=7793"},"modified":"2019-11-01T09:19:18","modified_gmt":"2019-11-01T12:19:18","slug":"novas-regras-para-geracao-distribuida","status":"publish","type":"post","link":"https:\/\/radardofuturo.com.br\/test\/novas-regras-para-geracao-distribuida\/","title":{"rendered":"Novas regras para gera\u00e7\u00e3o distribu\u00edda"},"content":{"rendered":"<figure id=\"attachment_7795\" aria-describedby=\"caption-attachment-7795\" style=\"width: 696px\" class=\"wp-caption alignnone\"><img loading=\"lazy\" decoding=\"async\" class=\"size-large wp-image-7795\" src=\"https:\/\/radardofuturo.com.br\/test\/wp-content\/uploads\/2019\/10\/aneel-energia-solar-1024x630.jpg\" alt=\"Aneel vai abrir consulta p&uacute;blica para discutir o tema\" width=\"696\" height=\"428\" srcset=\"https:\/\/radardofuturo.com.br\/test\/wp-content\/uploads\/2019\/10\/aneel-energia-solar-1024x630.jpg 1024w, https:\/\/radardofuturo.com.br\/test\/wp-content\/uploads\/2019\/10\/aneel-energia-solar-300x184.jpg 300w, https:\/\/radardofuturo.com.br\/test\/wp-content\/uploads\/2019\/10\/aneel-energia-solar-768x472.jpg 768w, https:\/\/radardofuturo.com.br\/test\/wp-content\/uploads\/2019\/10\/aneel-energia-solar-356x220.jpg 356w, https:\/\/radardofuturo.com.br\/test\/wp-content\/uploads\/2019\/10\/aneel-energia-solar-696x428.jpg 696w, https:\/\/radardofuturo.com.br\/test\/wp-content\/uploads\/2019\/10\/aneel-energia-solar.jpg 1280w\" sizes=\"auto, (max-width: 696px) 100vw, 696px\"><figcaption id=\"caption-attachment-7795\" class=\"wp-caption-text\">Aneel vai abrir consulta p&uacute;blica para discutir o tema<\/figcaption><\/figure>\n<p><!--more--><\/p>\n<p>Publicado em 15\/10\/2019 &ndash; 16:30<br>\nPor Luciano Nascimento &ndash; Rep&oacute;rter da Ag&ecirc;ncia Brasil Bras&iacute;lia<\/p>\n<p>A Ag&ecirc;ncia Nacional de Energia El&eacute;trica (Aneel) decidiu hoje (15) abrir uma consulta p&uacute;blica para rever as regras que tratam da chamada gera&ccedil;&atilde;o distribu&iacute;da, modalidade na qual os consumidores tamb&eacute;m podem gerar a pr&oacute;pria energia el&eacute;trica em suas resid&ecirc;ncias, geralmente por meio de pain&eacute;is solares ou outra solu&ccedil;&atilde;o com fontes renov&aacute;veis. As contribui&ccedil;&otilde;es poder&atilde;o ser recebidas entre 17 de outubro e 30 de novembro. Est&aacute; prevista tamb&eacute;m a realiza&ccedil;&atilde;o de uma audi&ecirc;ncia p&uacute;blica em Bras&iacute;lia para manifesta&ccedil;&otilde;es presenciais no dia 7 do m&ecirc;s que vem.<\/p>\n<p>Elaborada em 2012, a resolu&ccedil;&atilde;o que trata da micro e minigera&ccedil;&atilde;o de energia distribu&iacute;da diz que o consumidor pode tanto consumir quanto injetar na rede de distribui&ccedil;&atilde;o a energia produzida. Esse excedente fica como cr&eacute;dito e pode ser usado para o abatimento de uma ou mais contas de luz do mesmo titular.<\/p>\n<p>Al&eacute;m disso, a resolu&ccedil;&atilde;o estabelece subs&iacute;dios para incentivar esse tipo de pr&aacute;tica, como a isen&ccedil;&atilde;o do pagamento de tarifas pelo uso da rede el&eacute;trica e tamb&eacute;m do pagamento de outros componentes da conta de energia, como os encargos setoriais (que geram receita para subsidiar a tarifa social, por exemplo).<\/p>\n<p>Por&eacute;m, esses incentivos s&atilde;o cobrados de todos os consumidores, inclusive dos usu&aacute;rios &ldquo;comuns&rdquo; que recebem a energia somente da distribuidora. Com a revis&atilde;o da norma, a inten&ccedil;&atilde;o da ag&ecirc;ncia reguladora &eacute; reduzir gradualmente esses subs&iacute;dios. Na avalia&ccedil;&atilde;o da Aneel, atualmente a produ&ccedil;&atilde;o desse tipo de energia j&aacute; tem um custo vi&aacute;vel, diferentemente de quando a medida foi implantada.<\/p>\n<p>Placas fotovoltaicas usadas para transformar energia solar em el&eacute;trica instalada em resid&ecirc;ncia de Bras&iacute;lia &ndash; Antonio Cruz\/ Ag&ecirc;ncia Brasil<br>\nPer&iacute;odo de transi&ccedil;&atilde;o<\/p>\n<p>A proposta que a Aneel vai colocar em consulta prev&ecirc; um per&iacute;odo de transi&ccedil;&atilde;o para as altera&ccedil;&otilde;es nas regras. Quem possui o sistema vai permanecer com as regras atuais em vigor at&eacute; o ano de 2030. Os consumidores que realizarem o pedido da instala&ccedil;&atilde;o de gera&ccedil;&atilde;o distribu&iacute;da ap&oacute;s a publica&ccedil;&atilde;o da norma (prevista para 2020), passam a pagar o custo da rede.<\/p>\n<p>Em 2030, ou quando atingido uma quantidade de gera&ccedil;&atilde;o distribu&iacute;da pr&eacute;-determinada em cada distribuidora, esses consumidores passam a compensar a componente de energia da Tarifa de Energia (TE) e pagam, al&eacute;m dos custos de rede, os encargos setoriais.<\/p>\n<p>No caso da gera&ccedil;&atilde;o remota, quando o consumidor instala seu sistema gerador em local diferente do local de consumo, desde que ambos estejam em sua titularidade e dentro da &aacute;rea de concess&atilde;o da mesma distribuidora, a proposta prev&ecirc; dois cen&aacute;rios. Segundo a ag&ecirc;ncia, quem j&aacute; possui a gera&ccedil;&atilde;o distribu&iacute;da continua com as regras atualmente vigentes at&eacute; o final de 2030. J&aacute; os novos pedidos de acesso ap&oacute;s a publica&ccedil;&atilde;o da norma passam a pagar custos de rede e encargos.<\/p>\n<p>&ldquo;As altera&ccedil;&otilde;es ao sistema de compensa&ccedil;&atilde;o propostas equilibram a regra para que os custos referentes ao uso da rede de distribui&ccedil;&atilde;o e os encargos sejam pagos pelos consumidores que possuem gera&ccedil;&atilde;o distribu&iacute;da. Isso vai permitir que a modalidade se desenvolva ainda mais e de forma sustent&aacute;vel, sem impactar a tarifa de energia dos consumidores que n&atilde;o possuem o sistema&rdquo;, disse a ag&ecirc;ncia.<br>\nAvan&ccedil;o da modalidade<\/p>\n<p>De acordo com o relator do processo e diretor da Aneel, Rodrigo Limp, as altera&ccedil;&otilde;es na regra proporcionar&atilde;o um &ldquo;avan&ccedil;o respons&aacute;vel da modalidade&rdquo;. &ldquo;A proposta em consulta reconhece que a gera&ccedil;&atilde;o distribu&iacute;da veio para ficar, que a modalidade est&aacute; crescendo exponencialmente e alcan&ccedil;ou a maturidade, portanto, &eacute; tempo de revisarmos o normativo para mais adiante n&atilde;o termos um efeito colateral negativo ao sistema el&eacute;trico&rdquo;, disse.<\/p>\n<p>De acordo com a Associa&ccedil;&atilde;o Brasileira de Distribuidores de Energia El&eacute;trica (Abradee), a resolu&ccedil;&atilde;o trouxe condi&ccedil;&otilde;es mais favor&aacute;veis para a gera&ccedil;&atilde;o distribu&iacute;da em um per&iacute;odo no qual o custo das placas fotovoltaicas era muito elevado, mas, com a diminui&ccedil;&atilde;o dos valores, a medida est&aacute; impactando o caixa das distribuidoras. Com isso, as empresas acabam solicitando a compensa&ccedil;&atilde;o por meio das tarifas.<\/p>\n<p>A associa&ccedil;&atilde;o calcula que atualmente em cerca de 120 mil o n&uacute;mero de consumidores beneficiados pela gera&ccedil;&atilde;o distribu&iacute;da. A Abradee estima em cerca de R$ 650 milh&otilde;es por ano o valor pago pelos demais consumidores com os subs&iacute;dios para este tipo de gera&ccedil;&atilde;o.<\/p>\n<p>&ldquo;Pela regulamenta&ccedil;&atilde;o atual, os consumidores que usam a gera&ccedil;&atilde;o distribu&iacute;da acabam pagando menos pelos servi&ccedil;os das distribuidoras, embora continuem usando suas redes. Isso significa que os demais consumidores v&atilde;o pagar pela diferen&ccedil;a&rdquo;, disse a associa&ccedil;&atilde;o.<\/p>\n<p>Segundo o presidente da Abradee, Marcos Madureira, pela regulamenta&ccedil;&atilde;o atual, os consumidores que usam a gera&ccedil;&atilde;o distribu&iacute;da acabam pagando menos pelos servi&ccedil;os das distribuidoras, embora continuem usando as redes. &ldquo;Al&eacute;m disso, esses usu&aacute;rios ficam desonerados de outras componentes da conta de energia, como os encargos setoriais -que geram receita para subsidiar a tarifa social, por exemplo- e, dessa forma, a diferen&ccedil;a &eacute; arcada pelos demais consumidores&rdquo;.<\/p>\n","protected":false},"excerpt":{"rendered":"","protected":false},"author":1,"featured_media":6888,"comment_status":"open","ping_status":"open","sticky":false,"template":"","format":"standard","meta":{"tdm_status":"","tdm_grid_status":"","footnotes":"","jetpack_publicize_message":"","jetpack_publicize_feature_enabled":true,"jetpack_social_post_already_shared":true,"jetpack_social_options":{"image_generator_settings":{"template":"highway","enabled":false},"version":2}},"categories":[20,16],"tags":[1556,1552,1558,1559,1557,162,1555,1554,1553],"class_list":{"0":"post-7793","1":"post","2":"type-post","3":"status-publish","4":"format-standard","5":"has-post-thumbnail","7":"category-destaques","8":"category-tendencias-setores","9":"tag-agencia-reguladora","10":"tag-aneel","11":"tag-consulta-publica","12":"tag-custo-viavel","13":"tag-encargos-setoriais","14":"tag-energia-solar","15":"tag-geracao-remota","16":"tag-tarifa","17":"tag-transicao"},"jetpack_publicize_connections":[],"jetpack_featured_media_url":"https:\/\/radardofuturo.com.br\/test\/wp-content\/uploads\/2019\/08\/solar-system-2939551_1920.jpg","post_mailing_queue_ids":[],"_links":{"self":[{"href":"https:\/\/radardofuturo.com.br\/test\/wp-json\/wp\/v2\/posts\/7793","targetHints":{"allow":["GET"]}}],"collection":[{"href":"https:\/\/radardofuturo.com.br\/test\/wp-json\/wp\/v2\/posts"}],"about":[{"href":"https:\/\/radardofuturo.com.br\/test\/wp-json\/wp\/v2\/types\/post"}],"author":[{"embeddable":true,"href":"https:\/\/radardofuturo.com.br\/test\/wp-json\/wp\/v2\/users\/1"}],"replies":[{"embeddable":true,"href":"https:\/\/radardofuturo.com.br\/test\/wp-json\/wp\/v2\/comments?post=7793"}],"version-history":[{"count":0,"href":"https:\/\/radardofuturo.com.br\/test\/wp-json\/wp\/v2\/posts\/7793\/revisions"}],"wp:featuredmedia":[{"embeddable":true,"href":"https:\/\/radardofuturo.com.br\/test\/wp-json\/wp\/v2\/media\/6888"}],"wp:attachment":[{"href":"https:\/\/radardofuturo.com.br\/test\/wp-json\/wp\/v2\/media?parent=7793"}],"wp:term":[{"taxonomy":"category","embeddable":true,"href":"https:\/\/radardofuturo.com.br\/test\/wp-json\/wp\/v2\/categories?post=7793"},{"taxonomy":"post_tag","embeddable":true,"href":"https:\/\/radardofuturo.com.br\/test\/wp-json\/wp\/v2\/tags?post=7793"}],"curies":[{"name":"wp","href":"https:\/\/api.w.org\/{rel}","templated":true}]}}