{"id":7599,"date":"2019-10-07T10:24:24","date_gmt":"2019-10-07T13:24:24","guid":{"rendered":"https:\/\/radardofuturo.com.br\/?p=7599"},"modified":"2019-10-07T10:24:24","modified_gmt":"2019-10-07T13:24:24","slug":"congresso-de-inovacao-debate-relacao-da-inteligencia-artificial-com-o-ser-humano","status":"publish","type":"post","link":"https:\/\/radardofuturo.com.br\/test\/congresso-de-inovacao-debate-relacao-da-inteligencia-artificial-com-o-ser-humano\/","title":{"rendered":"Congresso de Inova\u00e7\u00e3o debate rela\u00e7\u00e3o da intelig\u00eancia artificial com o ser humano"},"content":{"rendered":"<p>Organizado pelo Centro Universit&aacute;rio FEI, o evento reunir&aacute; executivos de grandes multinacionais da &aacute;rea de tecnologia para debater mega<a href=\"https:\/\/radardofuturo.com.br\/test\/ddof\/o-que-sao-tendencias\/\" target=\"_self\" title=\"Confira o que s&atilde;o tend&ecirc;ncias, os fatos ou fen&ocirc;menos que podem acontecer em algum momento adiante na hist&oacute;ria da sociedade, como um novo comportamento individual ou de um grupo\" class=\"encyclopedia\">tend&ecirc;ncias<\/a> para 2050<\/p>\n<p><!--more--><\/p>\n<p>Em 2050 seremos 10 bilh&otilde;es de habitantes e a Intelig&ecirc;ncia Artificial ter&aacute; papel fundamental frente aos desafios que surgir&atilde;o. Mas ser&aacute; que esta tecnologia deve ser vista como complementariedade ou competitividade para o ser humano?<\/p>\n<p>Para responder essa e outras perguntas relacionadas aos principais desafios do futuro, o Centro Universit&aacute;rio FEI promove em 15, 16 e 17 de outubro a 4&ordf; edi&ccedil;&atilde;o do Congresso FEI de Inova&ccedil;&atilde;o e Mega<a href=\"https:\/\/radardofuturo.com.br\/test\/ddof\/o-que-sao-tendencias\/\" target=\"_self\" title=\"Confira o que s&atilde;o tend&ecirc;ncias, os fatos ou fen&ocirc;menos que podem acontecer em algum momento adiante na hist&oacute;ria da sociedade, como um novo comportamento individual ou de um grupo\" class=\"encyclopedia\">tend&ecirc;ncias<\/a> 2050, que abordar&aacute; o tema &ldquo;Intelig&ecirc;ncia Artificial e o SER do Humano &ndash; Complementariedade ou Competitividade para Aprender, Inovar e Viver?&rdquo;<\/p>\n<p>Realizado no campus da Institui&ccedil;&atilde;o, em S&atilde;o Bernardo do Campo (SP), das 9h &agrave;s 18h, o evento contar&aacute; com pain&eacute;is, debates e a participa&ccedil;&atilde;o de CEOs, presidentes, membros do Governo, acad&ecirc;micos selecionados de grande destaque, jornalistas e profissionais de diferentes companhias, e ser&aacute; transmitido online para o p&uacute;blico externo.<\/p>\n<p>Considerado um dos maiores eventos sobre inova&ccedil;&atilde;o do Pa&iacute;s, o Congresso deve reunir mais de 2.000 pessoas e mais de 4.000 internautas em seus tr&ecirc;s dias, que ir&atilde;o interagir por meio das transmiss&otilde;es ao vivo.<\/p>\n<p>&ldquo;O Centro Universit&aacute;rio FEI tem a miss&atilde;o de formar profissionais inovadores e atentos &agrave;s <a href=\"https:\/\/radardofuturo.com.br\/test\/ddof\/o-que-sao-tendencias\/\" target=\"_self\" title=\"Confira o que s&atilde;o tend&ecirc;ncias, os fatos ou fen&ocirc;menos que podem acontecer em algum momento adiante na hist&oacute;ria da sociedade, como um novo comportamento individual ou de um grupo\" class=\"encyclopedia\">tend&ecirc;ncias<\/a> da sociedade e do mercado. Em um mundo de inova&ccedil;&otilde;es disruptivas, queremos que os nossos alunos estejam preparados para proporem solu&ccedil;&otilde;es aos novos desafios que este cen&aacute;rio imp&otilde;e. Nesse contexto, o Congresso anual de inova&ccedil;&atilde;o torna-se um importante espa&ccedil;o de di&aacute;logo de nossa comunidade com importantes players do mercado e mant&eacute;m as mega<a href=\"https:\/\/radardofuturo.com.br\/test\/ddof\/o-que-sao-tendencias\/\" target=\"_self\" title=\"Confira o que s&atilde;o tend&ecirc;ncias, os fatos ou fen&ocirc;menos que podem acontecer em algum momento adiante na hist&oacute;ria da sociedade, como um novo comportamento individual ou de um grupo\" class=\"encyclopedia\">tend&ecirc;ncias<\/a> mundiais em pauta permanente em nossos f&oacute;runs de discuss&atilde;o e temas de estudo e de pesquisa&rdquo;, afirma F&aacute;bio do Prado, reitor do Centro Universit&aacute;rio FEI.<\/p>\n<h2>Programa&ccedil;&atilde;o<\/h2>\n<p>Diferentes programa&ccedil;&otilde;es unem tr&ecirc;s &aacute;reas-chave: qualidade de vida, educa&ccedil;&atilde;o e &eacute;tica.&nbsp;Com diferentes pain&eacute;is e debates, o evento dedica o primeiro dia (15) a discutir como a Intelig&ecirc;ncia Artificial impactar&aacute; no dia a dia da sociedade, e contar&aacute; com nomes renomados, entre eles Tonny Martins, General Manager da IBM Brasil, e Jo&atilde;o Hermann, Head of Corporate Strategy da Volkswagen Caminh&otilde;es e &Ocirc;nibus.<\/p>\n<p>O segundo dia (16) &eacute; focado no viver e aprender, abordando a evolu&ccedil;&atilde;o da intelig&ecirc;ncia humana &agrave; luz da IA. Os debates, pain&eacute;is e atividades contar&atilde;o com profissionais de empresas conceituadas, como Jos&eacute; Em&iacute;lio Ambr&oacute;sio, Diretor de Opera&ccedil;&otilde;es e Esportes do Grupo Bandeirantes de Comunica&ccedil;&atilde;o, e Edvaldo Santos, Diretor de P&amp;D&amp;I na Ericsson L.A.<\/p>\n<p>Por fim, o terceiro dia (17) abordar&aacute; os limites da I.A. para o ser humano. Jayme Garfinkel, Presidente do Conselho da Porto Seguro; e Christian Lohbauer, Cientista Pol&iacute;tico s&atilde;o alguns dos nomes confirmados para debater ideias e participar das atividades.<\/p>\n<h2>Transmiss&atilde;o<\/h2>\n<p>O Congresso FEI de Inova&ccedil;&atilde;o e Mega<a href=\"https:\/\/radardofuturo.com.br\/test\/ddof\/o-que-sao-tendencias\/\" target=\"_self\" title=\"Confira o que s&atilde;o tend&ecirc;ncias, os fatos ou fen&ocirc;menos que podem acontecer em algum momento adiante na hist&oacute;ria da sociedade, como um novo comportamento individual ou de um grupo\" class=\"encyclopedia\">tend&ecirc;ncias<\/a> 2050 &eacute; restrito aos alunos, docentes, lideran&ccedil;as acad&ecirc;micas da Institui&ccedil;&atilde;o, convidados e jornalistas, mas poder&aacute; ser assistido online. Em 2018 foram cerca de 5.000 visualiza&ccedil;&otilde;es ao vivo pelas redes digitais, alcan&ccedil;ando 6 pa&iacute;ses das Am&eacute;ricas, Europa e &Aacute;sia.<\/p>\n<p>Para saber mais sobre a programa&ccedil;&atilde;o do Congresso, como assistir online e outras informa&ccedil;&otilde;es, acesse: <a href=\"http:\/\/www.fei.edu.br\/congressodeinovacao\" target=\"_blank\" rel=\"noopener\">www.fei.edu.br\/congressodeinovacao\/ <\/a>ou siga a Institui&ccedil;&atilde;o nas redes sociais em fei.edu.br\/redes<\/p>\n","protected":false},"excerpt":{"rendered":"<p>Organizado pelo Centro Universit&aacute;rio FEI, o evento reunir&aacute; executivos de grandes multinacionais da &aacute;rea de tecnologia para debater mega<a href=\"https:\/\/radardofuturo.com.br\/test\/ddof\/o-que-sao-tendencias\/\" target=\"_self\" title=\"Confira o que s&atilde;o tend&ecirc;ncias, os fatos ou fen&ocirc;menos que podem acontecer em algum momento adiante na hist&oacute;ria da sociedade, como um novo comportamento individual ou de um grupo\" class=\"encyclopedia\">tend&ecirc;ncias<\/a> para 2050<\/p>\n","protected":false},"author":1,"featured_media":0,"comment_status":"open","ping_status":"open","sticky":false,"template":"","format":"standard","meta":{"tdm_status":"","tdm_grid_status":"","footnotes":"","jetpack_publicize_message":"","jetpack_publicize_feature_enabled":true,"jetpack_social_post_already_shared":true,"jetpack_social_options":{"image_generator_settings":{"template":"highway","enabled":false},"version":2}},"categories":[18],"tags":[1514,1516,1515],"class_list":{"0":"post-7599","1":"post","2":"type-post","3":"status-publish","4":"format-standard","6":"category-eventos","7":"tag-1514","8":"tag-eventos-sobre-ia","9":"tag-o-mundo-em-2050"},"jetpack_publicize_connections":[],"jetpack_featured_media_url":"","post_mailing_queue_ids":[],"_links":{"self":[{"href":"https:\/\/radardofuturo.com.br\/test\/wp-json\/wp\/v2\/posts\/7599","targetHints":{"allow":["GET"]}}],"collection":[{"href":"https:\/\/radardofuturo.com.br\/test\/wp-json\/wp\/v2\/posts"}],"about":[{"href":"https:\/\/radardofuturo.com.br\/test\/wp-json\/wp\/v2\/types\/post"}],"author":[{"embeddable":true,"href":"https:\/\/radardofuturo.com.br\/test\/wp-json\/wp\/v2\/users\/1"}],"replies":[{"embeddable":true,"href":"https:\/\/radardofuturo.com.br\/test\/wp-json\/wp\/v2\/comments?post=7599"}],"version-history":[{"count":0,"href":"https:\/\/radardofuturo.com.br\/test\/wp-json\/wp\/v2\/posts\/7599\/revisions"}],"wp:attachment":[{"href":"https:\/\/radardofuturo.com.br\/test\/wp-json\/wp\/v2\/media?parent=7599"}],"wp:term":[{"taxonomy":"category","embeddable":true,"href":"https:\/\/radardofuturo.com.br\/test\/wp-json\/wp\/v2\/categories?post=7599"},{"taxonomy":"post_tag","embeddable":true,"href":"https:\/\/radardofuturo.com.br\/test\/wp-json\/wp\/v2\/tags?post=7599"}],"curies":[{"name":"wp","href":"https:\/\/api.w.org\/{rel}","templated":true}]}}