{"id":7502,"date":"2019-09-30T11:07:00","date_gmt":"2019-09-30T14:07:00","guid":{"rendered":"https:\/\/radardofuturo.com.br\/?p=7502"},"modified":"2019-09-30T11:11:47","modified_gmt":"2019-09-30T14:11:47","slug":"7502-2","status":"publish","type":"post","link":"https:\/\/radardofuturo.com.br\/test\/7502-2\/","title":{"rendered":"Projeto da UFMG vai levar o mundo nanom\u00e9trico \u00e0s escolas b\u00e1sicas"},"content":{"rendered":"<figure id=\"attachment_7503\" aria-describedby=\"caption-attachment-7503\" style=\"width: 712px\" class=\"wp-caption alignnone\"><img loading=\"lazy\" decoding=\"async\" class=\"alignnone size-full wp-image-7503\" src=\"https:\/\/radardofuturo.com.br\/test\/wp-content\/uploads\/2019\/09\/projeto-de-disseminacao-da-nanotecnologia-foto-ufmg.jpg\" alt=\"L&iacute;dia Andrade, Felipe Reis e Polyane Reis com modelos tridimensionais das estruturas nanom&eacute;tricas. Foto: acervo UFMG\" width=\"712\" height=\"474\" srcset=\"https:\/\/radardofuturo.com.br\/test\/wp-content\/uploads\/2019\/09\/projeto-de-disseminacao-da-nanotecnologia-foto-ufmg.jpg 712w, https:\/\/radardofuturo.com.br\/test\/wp-content\/uploads\/2019\/09\/projeto-de-disseminacao-da-nanotecnologia-foto-ufmg-300x200.jpg 300w, https:\/\/radardofuturo.com.br\/test\/wp-content\/uploads\/2019\/09\/projeto-de-disseminacao-da-nanotecnologia-foto-ufmg-696x463.jpg 696w\" sizes=\"auto, (max-width: 712px) 100vw, 712px\"><figcaption id=\"caption-attachment-7503\" class=\"wp-caption-text\">L&iacute;dia Andrade, Felipe Reis e Polyane Reis com modelos tridimensionais das estruturas nanom&eacute;tricas. Foto: acervo UFMG<\/figcaption><\/figure>\n<p><!--more--><em>Maria Gabriela Lara<\/em><br>\n<em>UFMG<\/em><\/p>\n<p>A nanotecnologia est&aacute; cada dia mais presente no cotidiano, mas pouca gente sabe disso. Muito mais reais do que parecem nos filmes da Marvel, os nanomateriais est&atilde;o presentes nos pneus e at&eacute; na cardiologia. Explicar as vastas aplica&ccedil;&otilde;es desse campo &eacute; o principal objetivo do projeto Nanoeducar: enxergando o invis&iacute;vel. Desenvolvido por equipe interdisciplinar, o projeto tomou forma ao ser contemplado em edital da Apubh que selecionou propostas de divulga&ccedil;&atilde;o cient&iacute;fica na UFMG.<\/p>\n<p>Segundo a pesquisadora L&iacute;dia Maria de Andrade, do Departamento de F&iacute;sica, uma das respons&aacute;veis pelo projeto, a nanotecnologia tem alterado drasticamente as propriedades f&iacute;sicas, &oacute;ticas e os modos de uso dos materiais conhecidos. Al&eacute;m disso, essa tecnologia, que s&oacute; come&ccedil;ou a ser estudada na segunda metade do s&eacute;culo 20, tem possibilitado at&eacute; mesmo o desenvolvimento de novos materiais. Isso tudo porque a nanotecnologia trabalha com materiais em dimens&otilde;es quase at&ocirc;micas &ndash; o nan&ocirc;metro, sua medida-base, equivale a um bilion&eacute;simo de metro &ndash;, o que favorece o processamento de altera&ccedil;&otilde;es profundas e precisas nesses materiais.<\/p>\n<p>Entre a crescente import&acirc;ncia da nanotecnologia nas nossas vidas e a pouca informa&ccedil;&atilde;o sobre as pesquisas realizadas no Brasil, surgiu a proposta do Nanoeducar. O projeto se baseia na produ&ccedil;&atilde;o de material educativo sobre a nanotecnologia, na forma de revistinhas, anima&ccedil;&otilde;es com o mascote Fara&oacute; Tutacanano e modelos tridimensionais das estruturas nanom&eacute;tricas. Tamb&eacute;m investe no incentivo &agrave;s crian&ccedil;as para que interpretem as informa&ccedil;&otilde;es usando massinhas e recicl&aacute;veis, comparando com o aprendizado obtido por meio do material do Nanoeducar.<\/p>\n<p>&ldquo;N&oacute;s come&ccedil;amos a trabalhar com nanobiotecnologia e vimos que est&aacute;vamos desenvolvendo materiais, que as pesquisas avan&ccedil;avam, mas sent&iacute;amos que era preciso contribuir mais com a sociedade, mostrando n&atilde;o s&oacute; o que a gente faz, mas tamb&eacute;m a import&acirc;ncia dessa produ&ccedil;&atilde;o&rdquo;, afirma L&iacute;dia Andrade.<\/p>\n<p>A necessidade de fazer divulga&ccedil;&atilde;o cient&iacute;fica n&atilde;o &eacute; recente, mas, no Brasil, as discuss&otilde;es sobre o tema se aqueceram de 2018 para c&aacute;, com o crescente processo de desmonte e de descredibiliza&ccedil;&atilde;o da ci&ecirc;ncia. &ldquo;Esse &eacute; um momento crucial&rdquo;, afirma a pesquisadora. &ldquo;A grande maioria [da comunidade externa] n&atilde;o faz a menor ideia de que existe ci&ecirc;ncia, tecnologia e inova&ccedil;&atilde;o dentro da universidade, que n&oacute;s trabalhamos com pesquisa de ponta.&rdquo;<\/p>\n<h2>Acess&iacute;veis<\/h2>\n<p>O projeto nasceu da uni&atilde;o de pesquisadores interessados em se tornarem propagadores de seu trabalho e tem reunido estudantes da UFMG e do Centro de Desenvolvimento da Tecnologia Nuclear (CDTN). A estudante de licenciatura em Ci&ecirc;ncias Biol&oacute;gicas Polyane Reis dos Santos, por exemplo, vem trabalhando na tradu&ccedil;&atilde;o de um conte&uacute;do t&eacute;cnico-cient&iacute;fico para uma linguagem acess&iacute;vel a crian&ccedil;as em idade escolar. &ldquo;Os adolescentes e as crian&ccedil;as nem sempre associam o que eles aprendem na escola com o conhecimento cotidiano&rdquo;, afirma Polyane.<\/p>\n<p>O Nanoeducar tamb&eacute;m atua numa perspectiva inclusiva. Para isso, conta com a parceria do N&uacute;cleo de Acessibilidade e Inclus&atilde;o (NAI\/UFMG) e a colabora&ccedil;&atilde;o do doutorando em F&iacute;sica Felipe Braz, que &eacute; deficiente visual. Felipe assumiu a tradu&ccedil;&atilde;o dos materiais impressos para braille, e o NAI tem cuidado da impress&atilde;o desses materiais. Al&eacute;m disso, as anima&ccedil;&otilde;es produzidas pelo estudante de Cinema de Anima&ccedil;&atilde;o Edson Germino contam com audiodescri&ccedil;&atilde;o para estudantes com defici&ecirc;ncias visuais e tamb&eacute;m foram elaboradas para serem compreendidas sem &aacute;udio, incluindo, assim, pessoas com defici&ecirc;ncia auditiva. Segundo Felipe, os modelos das estruturas nanom&eacute;tricas s&atilde;o outro elemento importante de acessibilidade, j&aacute; que facilitam a identifica&ccedil;&atilde;o dessas estruturas por meio do tato, possibilitando que as crian&ccedil;as com defici&ecirc;ncia tamb&eacute;m explorem o conte&uacute;do que as demais ver&atilde;o ilustrado em suas revistinhas.<\/p>\n<h2>Nanoeducar: Lan&ccedil;amento<\/h2>\n<p>O Nanoeducar ser&aacute; lan&ccedil;ado no Dia das Crian&ccedil;as, 12 de outubro, no Museu das Minas e do Metal Gerdau, localizado na Pra&ccedil;a da Liberdade. L&aacute; o p&uacute;blico vai conhecer, em primeira m&atilde;o, os materiais produzidos. O projeto ser&aacute; levado &agrave; rede de ensino por meio de um grupo de pesquisadores da UFMG que j&aacute; atua em escolas p&uacute;blicas.<\/p>\n<p>A equipe do Nanoeducar &eacute; formada ainda pelos professores Luiz Orlando Ladeira e Rodrigo Lavall e pelos pesquisadores Gisele Bruch, Alice Versiani, S&eacute;rgio Scalzo e Estef&acirc;nia Martins (CDTN).<\/p>\n<p>Maria Gabriela Lara<\/p>\n","protected":false},"excerpt":{"rendered":"","protected":false},"author":1,"featured_media":7503,"comment_status":"open","ping_status":"open","sticky":false,"template":"","format":"standard","meta":{"tdm_status":"","tdm_grid_status":"","footnotes":"","jetpack_publicize_message":"","jetpack_publicize_feature_enabled":true,"jetpack_social_post_already_shared":true,"jetpack_social_options":{"image_generator_settings":{"template":"highway","enabled":false},"version":2}},"categories":[1419,19],"tags":[1481,718],"class_list":{"0":"post-7502","1":"post","2":"type-post","3":"status-publish","4":"format-standard","5":"has-post-thumbnail","7":"category-inovacoes-inovadores","8":"category-insights","9":"tag-educacao-tecnologica","10":"tag-nanotecnologia"},"jetpack_publicize_connections":[],"jetpack_featured_media_url":"https:\/\/radardofuturo.com.br\/test\/wp-content\/uploads\/2019\/09\/projeto-de-disseminacao-da-nanotecnologia-foto-ufmg.jpg","post_mailing_queue_ids":[],"_links":{"self":[{"href":"https:\/\/radardofuturo.com.br\/test\/wp-json\/wp\/v2\/posts\/7502","targetHints":{"allow":["GET"]}}],"collection":[{"href":"https:\/\/radardofuturo.com.br\/test\/wp-json\/wp\/v2\/posts"}],"about":[{"href":"https:\/\/radardofuturo.com.br\/test\/wp-json\/wp\/v2\/types\/post"}],"author":[{"embeddable":true,"href":"https:\/\/radardofuturo.com.br\/test\/wp-json\/wp\/v2\/users\/1"}],"replies":[{"embeddable":true,"href":"https:\/\/radardofuturo.com.br\/test\/wp-json\/wp\/v2\/comments?post=7502"}],"version-history":[{"count":0,"href":"https:\/\/radardofuturo.com.br\/test\/wp-json\/wp\/v2\/posts\/7502\/revisions"}],"wp:featuredmedia":[{"embeddable":true,"href":"https:\/\/radardofuturo.com.br\/test\/wp-json\/wp\/v2\/media\/7503"}],"wp:attachment":[{"href":"https:\/\/radardofuturo.com.br\/test\/wp-json\/wp\/v2\/media?parent=7502"}],"wp:term":[{"taxonomy":"category","embeddable":true,"href":"https:\/\/radardofuturo.com.br\/test\/wp-json\/wp\/v2\/categories?post=7502"},{"taxonomy":"post_tag","embeddable":true,"href":"https:\/\/radardofuturo.com.br\/test\/wp-json\/wp\/v2\/tags?post=7502"}],"curies":[{"name":"wp","href":"https:\/\/api.w.org\/{rel}","templated":true}]}}