{"id":7353,"date":"2019-09-23T14:37:09","date_gmt":"2019-09-23T17:37:09","guid":{"rendered":"https:\/\/radardofuturo.com.br\/?p=7353"},"modified":"2019-09-23T16:48:09","modified_gmt":"2019-09-23T19:48:09","slug":"nos-proximos-tres-anos-7-milhoes-de-brasileiros-precisarao-de-recapacitacao-profissional","status":"publish","type":"post","link":"https:\/\/radardofuturo.com.br\/test\/nos-proximos-tres-anos-7-milhoes-de-brasileiros-precisarao-de-recapacitacao-profissional\/","title":{"rendered":"7 milh\u00f5es de brasileiros precisar\u00e3o de recapacita\u00e7\u00e3o profissional"},"content":{"rendered":"<figure id=\"attachment_7354\" aria-describedby=\"caption-attachment-7354\" style=\"width: 1280px\" class=\"wp-caption alignnone\"><img loading=\"lazy\" decoding=\"async\" class=\"wp-image-7354 size-full\" src=\"https:\/\/radardofuturo.com.br\/test\/wp-content\/uploads\/2019\/09\/Estudo-IBM.jpg\" alt=\"Enquanto novas aptid&otilde;es surgem, outras tornam-se obsoletas. Foto: Pixabay.\" width=\"1280\" height=\"675\" srcset=\"https:\/\/radardofuturo.com.br\/test\/wp-content\/uploads\/2019\/09\/Estudo-IBM.jpg 1280w, https:\/\/radardofuturo.com.br\/test\/wp-content\/uploads\/2019\/09\/Estudo-IBM-300x158.jpg 300w, https:\/\/radardofuturo.com.br\/test\/wp-content\/uploads\/2019\/09\/Estudo-IBM-768x405.jpg 768w, https:\/\/radardofuturo.com.br\/test\/wp-content\/uploads\/2019\/09\/Estudo-IBM-1024x540.jpg 1024w, https:\/\/radardofuturo.com.br\/test\/wp-content\/uploads\/2019\/09\/Estudo-IBM-696x367.jpg 696w\" sizes=\"auto, (max-width: 1280px) 100vw, 1280px\"><figcaption id=\"caption-attachment-7354\" class=\"wp-caption-text\">Enquanto novas aptid&otilde;es surgem, outras tornam-se obsoletas. Foto: Pixabay.<\/figcaption><\/figure>\n<p><!--more--><\/p>\n<p>Alessandra Grisolia<\/p>\n<p>Estudo recente da IBM revela que 7 milh&otilde;es de brasileiros precisar&atilde;o de recapacita&ccedil;&atilde;o profissional nos pr&oacute;ximos tr&ecirc;s anos. A pesquisa mostra que 120 milh&otilde;es de trabalhadores nas 10 maiores economias mundiais ter&atilde;o de se atualizar em fun&ccedil;&atilde;o da Intelig&ecirc;ncia Artificial e da Automa&ccedil;&atilde;o Inteligente no mercado de trabalho.<\/p>\n<p>A pesquisa global do Institute for Business Value (IBV) da IBM, realizada com 5.670 CEOs de 48 pa&iacute;ses, indica que apenas 41% deles contam com profissionais com habilidades e recursos necess&aacute;rios para executar suas estrat&eacute;gias de neg&oacute;cios. O estudo ressalta que cerca da metade dos entrevistados n&atilde;o desenvolveu um plano de desenvolvimento de habilidades para reverter a situa&ccedil;&atilde;o.<\/p>\n<h2>Panorama brasileiro<\/h2>\n<p>De acordo com o estudo, no Brasil, 7,2 milh&otilde;es de profissionais ter&atilde;o de ser treinados em novas habilidades. No Pa&iacute;s, o tempo de treinamento necess&aacute;rio era de quatro dias em 2014; em 2018, o tempo gasto foi de 40 dias, sendo que o tempo investido para capacitar profissionais em uma nova habilidade aumentou 10 vezes em apenas quatro anos.<\/p>\n<p>Segundo a pesquisa, enquanto novas aptid&otilde;es surgem rapidamente, outras est&atilde;o se tornando obsoletas. Em 2016, os executivos citaram como habilidades cr&iacute;ticas para o Brasil, &ldquo;capacidade de se comunicar efetivamente em um contexto de neg&oacute;cios&rdquo; e &ldquo;Recursos T&eacute;cnicos CTEM (Ci&ecirc;ncia, Tecnologia, Engenharia e Matem&aacute;tica)&rdquo;. Em 2018, as duas habilidades procuradas foram as comportamentais, tamb&eacute;m denominadas soft skills, &ldquo;gerenciamento de tempo e capacidade de priorizar&rdquo; e &ldquo;disposi&ccedil;&atilde;o de ser flex&iacute;vel, &aacute;gil e adapt&aacute;vel &agrave;s mudan&ccedil;as&rdquo;.<\/p>\n<p>&ldquo;Todos os principais avan&ccedil;os tecnol&oacute;gicos mudaram a maneira como as pessoas trabalham e o mercado profissional&rdquo;, explica Christiane Berlinck, diretora de Recursos Humanos da IBM Brasil. &ldquo;Por isso, o desenvolvimento de habilidades, tanto t&eacute;cnicas quanto comportamentais, precisa estar alinhado &agrave;s decis&otilde;es de neg&oacute;cios da alta lideran&ccedil;a&rdquo;, acrescenta. &ldquo;Acreditamos que formar uma for&ccedil;a de trabalho para competir na era da intelig&ecirc;ncia artificial &eacute; uma discuss&atilde;o tanto sobre cultura quanto sobre tecnologia&rdquo;, completa a profissional.<\/p>\n<p>O estudo do IBV revela um passo a passo da estrat&eacute;gia que as empresas devem seguir para promover talentos e reduzir a lacuna de habilidades, como adotar uma abordagem hol&iacute;stica voltada para a qualifica&ccedil;&atilde;o da for&ccedil;a de trabalho por meio de um desenvolvimento multimodal, personalizado e baseado em dados. Em outras palavras, isso significa criar jornadas educacionais para os funcion&aacute;rios, conforme n&iacute;vel de experi&ecirc;ncia atual, habilidades, fun&ccedil;&atilde;o e aspira&ccedil;&otilde;es de carreira.<\/p>\n<p>A pesquisa mostra a necessidade de adi&ccedil;&atilde;o de capacidade de an&aacute;lise e intelig&ecirc;ncia artificial, com a finalidade de prever e inferir habilidades dispon&iacute;veis na organiza&ccedil;&atilde;o e compartilhamento dessas informa&ccedil;&otilde;es de forma transparente com os funcion&aacute;rios para impulsionar uma cultura de aprendizado cont&iacute;nuo.<\/p>\n<p>O estudo indica, ainda, que, para impulsionar essas jornadas, as empresas devem aproveitar um ecossistema de parceiros para expandir seu acesso ao conte&uacute;do, alavancar tecnologias inovadoras de aprendizado, e tamb&eacute;m compartilhar talentos qualificados al&eacute;m das fronteiras organizacionais. Os dados ressaltam a import&acirc;ncia do aprendizado experiencial, em parceria com equipes &aacute;geis e com habilidades heterog&ecirc;neas, atividades pr&aacute;ticas, sala de aula tradicional e aprendizado online.<\/p>\n<p>&ldquo;Apesar de reconhecerem o problema de escassez de habilidades, metade dos l&iacute;deres pesquisados ainda n&atilde;o tem uma estrat&eacute;gia para endere&ccedil;&aacute;-lo. Hoje, temos novas formas de recrutar, reter e desenvolver nossos talentos gra&ccedil;as a tecnologias emergentes como analytics e intelig&ecirc;ncia artificial. A &aacute;rea de Recursos Humanos precisa estar conectada a essas <a href=\"https:\/\/radardofuturo.com.br\/test\/ddof\/o-que-sao-tendencias\/\" target=\"_self\" title=\"Confira o que s&atilde;o tend&ecirc;ncias, os fatos ou fen&ocirc;menos que podem acontecer em algum momento adiante na hist&oacute;ria da sociedade, como um novo comportamento individual ou de um grupo\" class=\"encyclopedia\">tend&ecirc;ncias<\/a> e recorrer cada vez mais a elas para ser um agente de transforma&ccedil;&atilde;o para os neg&oacute;cios da empresa&rdquo;, finaliza Christiane Berlinck.<\/p>\n<p>Confira o estudo completo, em ingl&ecirc;s, por meio do link: <a href=\"https:\/\/www.ibm.com\/thought-leadership\/institute-business-value\/report\/closing-skills-gap\" target=\"_blank\" rel=\"noopener noreferrer\">The enterprise guide to closing the skills gap<\/a> .<\/p>\n<p>Com informa&ccedil;&otilde;es da IBM Brasil.<\/p>\n","protected":false},"excerpt":{"rendered":"","protected":false},"author":1,"featured_media":7354,"comment_status":"open","ping_status":"open","sticky":false,"template":"","format":"standard","meta":{"tdm_status":"","tdm_grid_status":"","footnotes":"","jetpack_publicize_message":"","jetpack_publicize_feature_enabled":true,"jetpack_social_post_already_shared":true,"jetpack_social_options":{"image_generator_settings":{"template":"highway","enabled":false},"version":2}},"categories":[22,14],"tags":[1462,988,232,1461,154,73],"class_list":{"0":"post-7353","1":"post","2":"type-post","3":"status-publish","4":"format-standard","5":"has-post-thumbnail","7":"category-indicadores","8":"category-mercado-de-trabalho","9":"tag-capacitacao-para-o-futuro","10":"tag-foresight","11":"tag-formacao-profissional","12":"tag-futuro-da-formacao","13":"tag-futuro-do-trabalho","14":"tag-mercado-de-trabalho"},"jetpack_publicize_connections":[],"jetpack_featured_media_url":"https:\/\/radardofuturo.com.br\/test\/wp-content\/uploads\/2019\/09\/Estudo-IBM.jpg","post_mailing_queue_ids":[],"_links":{"self":[{"href":"https:\/\/radardofuturo.com.br\/test\/wp-json\/wp\/v2\/posts\/7353","targetHints":{"allow":["GET"]}}],"collection":[{"href":"https:\/\/radardofuturo.com.br\/test\/wp-json\/wp\/v2\/posts"}],"about":[{"href":"https:\/\/radardofuturo.com.br\/test\/wp-json\/wp\/v2\/types\/post"}],"author":[{"embeddable":true,"href":"https:\/\/radardofuturo.com.br\/test\/wp-json\/wp\/v2\/users\/1"}],"replies":[{"embeddable":true,"href":"https:\/\/radardofuturo.com.br\/test\/wp-json\/wp\/v2\/comments?post=7353"}],"version-history":[{"count":0,"href":"https:\/\/radardofuturo.com.br\/test\/wp-json\/wp\/v2\/posts\/7353\/revisions"}],"wp:featuredmedia":[{"embeddable":true,"href":"https:\/\/radardofuturo.com.br\/test\/wp-json\/wp\/v2\/media\/7354"}],"wp:attachment":[{"href":"https:\/\/radardofuturo.com.br\/test\/wp-json\/wp\/v2\/media?parent=7353"}],"wp:term":[{"taxonomy":"category","embeddable":true,"href":"https:\/\/radardofuturo.com.br\/test\/wp-json\/wp\/v2\/categories?post=7353"},{"taxonomy":"post_tag","embeddable":true,"href":"https:\/\/radardofuturo.com.br\/test\/wp-json\/wp\/v2\/tags?post=7353"}],"curies":[{"name":"wp","href":"https:\/\/api.w.org\/{rel}","templated":true}]}}