{"id":7293,"date":"2019-09-18T10:25:29","date_gmt":"2019-09-18T13:25:29","guid":{"rendered":"https:\/\/radardofuturo.com.br\/?p=7293"},"modified":"2019-09-18T10:54:40","modified_gmt":"2019-09-18T13:54:40","slug":"conexao-a-internet-alcanca-quase-90-das-criancas-e-adolescentes","status":"publish","type":"post","link":"https:\/\/radardofuturo.com.br\/test\/conexao-a-internet-alcanca-quase-90-das-criancas-e-adolescentes\/","title":{"rendered":"Conex\u00e3o \u00e0 internet alcan\u00e7a quase 90% das crian\u00e7as e adolescentes"},"content":{"rendered":"<p>Em 2018, ano passado, 3,8 milh&otilde;es de crian&ccedil;as e adolescentes n&atilde;o tinham acesso &agrave; internet por falta, por exemplo, de acesso &agrave; rede em casa (8%) ou pela impossibilidade de usar a internet na escola (5%).<br>\n<!--more--><\/p>\n<p>Ag&ecirc;ncia Brasil<\/p>\n<p>Cerca de 24,3 milh&otilde;es de crian&ccedil;as e adolescentes, com idade entre 9 e 17 anos, s&atilde;o usu&aacute;rios de internet no Brasil, o que corresponde a cerca de 86% do total de pessoas dessa faixa et&aacute;ria no pa&iacute;s. A informa&ccedil;&atilde;o consta na pesquisa TIC Kids Online Brasil 2018, divulgada hoje (17) pelo Comit&ecirc; Gestor da Internet no Brasil (CGI.br), por meio do Centro Regional de Estudos para o Desenvolvimento da Sociedade da Informa&ccedil;&atilde;o (Cetic.br) do N&uacute;cleo de Informa&ccedil;&atilde;o e Coordena&ccedil;&atilde;o do Ponto BR (NIC.br).<\/p>\n<p>&ldquo;Este percentual &eacute; mais alto do que a m&eacute;dia da popula&ccedil;&atilde;o em geral [conectada], que est&aacute; em torno de 70%. Isso mostra que crian&ccedil;as e adolescentes s&atilde;o um p&uacute;blico bastante conectado &agrave; rede&rdquo;, disse Fabio Senne, coordenador de projetos de pesquisas do Cetic.br. Segundo ele, h&aacute; tr&ecirc;s anos o uso da internet por esse p&uacute;blico era 79%. &ldquo;H&aacute; um incremento constante no percentual de usu&aacute;rios. E isso tem a ver tamb&eacute;m com as faixas et&aacute;rias. Quando se chega na faixa entre 15 e 17 anos, esse percentual &eacute; ainda maior que os 86%&rdquo;.<\/p>\n<p>A pesquisa apontou tamb&eacute;m que, no ano passado, 3,8 milh&otilde;es de crian&ccedil;as e adolescentes n&atilde;o tinham acesso &agrave; internet por falta, por exemplo, de acesso &agrave; rede em casa (8%) ou pela impossibilidade de usar a internet na escola (5%). Segundo Fabio Senne, as regi&otilde;es Norte e Nordeste s&atilde;o as que menos usam internet no pa&iacute;s (75%), enquanto a Regi&atilde;o Sul (95%) &eacute; o local onde crian&ccedil;as e adolescentes est&atilde;o mais conectadas.<\/p>\n<p>&ldquo;A pesquisa estima que cerca de 3,8 milh&otilde;es de crian&ccedil;as e adolescentes n&atilde;o usaram a internet nos &uacute;ltimos tr&ecirc;s meses. E elas est&atilde;o concentradas nas parcelas mais vulner&aacute;veis da popula&ccedil;&atilde;o, especialmente nas classes D e E e uma quantidade grande tamb&eacute;m [est&aacute;] presente na Regi&atilde;o Nordeste do pa&iacute;s, o que mostra que &eacute; preciso pol&iacute;ticas espec&iacute;ficas de inclus&atilde;o mais focalizadas nesses p&uacute;blicos&rdquo;, disse.<\/p>\n<p>Multim&iacute;dia<br>\nSegundo a pesquisa, oito em cada dez crian&ccedil;as e adolescentes do pa&iacute;s assistem a v&iacute;deos, programas, filmes ou s&eacute;ries na internet. O estudo revelou que o uso da internet para atividades multim&iacute;dia por crian&ccedil;as e adolescentes (83% do total dos entrevistados) &eacute; maior que a utiliza&ccedil;&atilde;o da internet para o envio de mensagens instant&acirc;neas (77%), que o h&aacute;bito de jogar sem conex&atilde;o com outros jogadores (60%) ou conectados com outros jogadores (55%) e pouco maior que o uso da internet para escutar m&uacute;sica (82%).<\/p>\n<p>A internet &eacute; mais usada por meio de telefone (93%). Desde 2014, o uso de telefone celular ultrapassou o uso de computadores e Senne acredita que isso deve ainda aumentar. Tamb&eacute;m vem crescendo o uso de internet por meio da televis&atilde;o (chegando a 32%, quando em 2014 era acessada por 5% dos entrevistados). A pesquisa apontou que em setores mais vulner&aacute;veis da popula&ccedil;&atilde;o, as pessoas tendem a usar a internet exclusivamente por celular, como no caso das classes D e E, em que esse tipo de uso exclusivo foi apontada por 71% das pessoas.<\/p>\n<p>Educa&ccedil;&atilde;o<br>\nCerca de 74% das crian&ccedil;as e adolescentes utilizam a internet para pesquisa em trabalhos escolares. Pouco mais da metade ( 53%) usa a internet para ler ou assistir a not&iacute;cias, enquanto 66% diz que costuma fazer pesquisas na internet por curiosidade ou vontade pr&oacute;pria.<\/p>\n<p>No entanto, o uso de internet dentro das escolas atinge em torno de 40% das crian&ccedil;as e adolescentes do pa&iacute;s. &ldquo;Isso mostra que, apesar do uso j&aacute; atingir 86% das crian&ccedil;as e adolescentes, quando vamos olhar para a escola, a escola n&atilde;o est&aacute; sendo um espa&ccedil;o priorit&aacute;rio de uso da rede&rdquo;, disse Senne.<\/p>\n<p>Redes sociais<br>\nDe acordo com a pesquisa, cerca de 82% das crian&ccedil;as e adolescentes usu&aacute;rias de internet relatam usar e ter perfil nas redes sociais, o que corresponde a cerca de 22 milh&otilde;es de usu&aacute;rios dessa faixa et&aacute;ria no pa&iacute;s. &ldquo;Ela [a pesquisa] traz uma tend&ecirc;ncia bastante marcante de crian&ccedil;as e adolescentes nesses ambientes. Se a gente olha esse dado por faixa et&aacute;ria, temos quase 97% de crian&ccedil;as e adolescentes usu&aacute;rios de internet, entre 15 e 17 anos, que possuem perfil na rede social, o que &eacute; bastante expressivo&rdquo;, disse a coordenadora da pesquisa Lu&iacute;sa Adib.<\/p>\n<p>Pela primeira vez na pesquisa, o n&uacute;mero de crian&ccedil;as e adolescentes com contas no WhatsApp superou o n&uacute;mero de perfis no Facebook. Tamb&eacute;m cresceu o n&uacute;mero de usu&aacute;rios dessa faixa et&aacute;ria no Instagram, que &eacute; a terceira plataforma em n&uacute;mero de uso entre esse p&uacute;blico.<\/p>\n<p>Apesar dos benef&iacute;cios, Luisa disse que o uso da internet por crian&ccedil;as e adolescentes tamb&eacute;m envolve riscos, como o contato com estranhos, embora n&atilde;o necessariamente, segundo ela, isso possa incorrer em um problema. Tamb&eacute;m pode haver a exposi&ccedil;&atilde;o a conte&uacute;dos sens&iacute;veis e a pr&oacute;pria conduta da crian&ccedil;a e do adolescente poder ser considerada ofensiva para seus pr&oacute;prios pares.<\/p>\n<p>Luisa alerta que atividades de media&ccedil;&atilde;o entre pais e seus filhos e o acompanhamento no uso da internet podem ajudar na preven&ccedil;&atilde;o desses riscos. &ldquo;O que a gente observa &eacute; que as medidas mais ativas e participativas s&atilde;o as que tendem a trazer melhores resultados do que aquelas que s&atilde;o restritivas. A restri&ccedil;&atilde;o pode inibir o uso, mas tamb&eacute;m n&atilde;o prepara para o uso. Ent&atilde;o, &eacute; o acompanhamento [dos pais] que possibilita que a crian&ccedil;a crie mecanismos e desenvolva habilidades necess&aacute;rias para a presen&ccedil;a nesse ambiente&rdquo;.<\/p>\n<p>Fonte: Ag&ecirc;ncia Brasil<\/p>\n","protected":false},"excerpt":{"rendered":"<p>Em 2018, ano passado, 3,8 milh&otilde;es de crian&ccedil;as e adolescentes n&atilde;o tinham acesso &agrave; internet por falta, por exemplo, de acesso &agrave; rede em casa (8%) ou pela impossibilidade de usar a internet na escola (5%).<\/p>\n","protected":false},"author":1,"featured_media":0,"comment_status":"open","ping_status":"open","sticky":false,"template":"","format":"standard","meta":{"tdm_status":"","tdm_grid_status":"","footnotes":"","jetpack_publicize_message":"","jetpack_publicize_feature_enabled":true,"jetpack_social_post_already_shared":true,"jetpack_social_options":{"image_generator_settings":{"template":"highway","enabled":false},"version":2}},"categories":[22],"tags":[],"class_list":{"0":"post-7293","1":"post","2":"type-post","3":"status-publish","4":"format-standard","6":"category-indicadores"},"jetpack_publicize_connections":[],"jetpack_featured_media_url":"","post_mailing_queue_ids":[],"_links":{"self":[{"href":"https:\/\/radardofuturo.com.br\/test\/wp-json\/wp\/v2\/posts\/7293","targetHints":{"allow":["GET"]}}],"collection":[{"href":"https:\/\/radardofuturo.com.br\/test\/wp-json\/wp\/v2\/posts"}],"about":[{"href":"https:\/\/radardofuturo.com.br\/test\/wp-json\/wp\/v2\/types\/post"}],"author":[{"embeddable":true,"href":"https:\/\/radardofuturo.com.br\/test\/wp-json\/wp\/v2\/users\/1"}],"replies":[{"embeddable":true,"href":"https:\/\/radardofuturo.com.br\/test\/wp-json\/wp\/v2\/comments?post=7293"}],"version-history":[{"count":0,"href":"https:\/\/radardofuturo.com.br\/test\/wp-json\/wp\/v2\/posts\/7293\/revisions"}],"wp:attachment":[{"href":"https:\/\/radardofuturo.com.br\/test\/wp-json\/wp\/v2\/media?parent=7293"}],"wp:term":[{"taxonomy":"category","embeddable":true,"href":"https:\/\/radardofuturo.com.br\/test\/wp-json\/wp\/v2\/categories?post=7293"},{"taxonomy":"post_tag","embeddable":true,"href":"https:\/\/radardofuturo.com.br\/test\/wp-json\/wp\/v2\/tags?post=7293"}],"curies":[{"name":"wp","href":"https:\/\/api.w.org\/{rel}","templated":true}]}}