{"id":7248,"date":"2019-09-17T08:27:44","date_gmt":"2019-09-17T11:27:44","guid":{"rendered":"https:\/\/radardofuturo.com.br\/?p=7248"},"modified":"2019-09-17T08:27:44","modified_gmt":"2019-09-17T11:27:44","slug":"mestrado-em-estudos-da-condicao-humana-recebe-inscricoes","status":"publish","type":"post","link":"https:\/\/radardofuturo.com.br\/test\/mestrado-em-estudos-da-condicao-humana-recebe-inscricoes\/","title":{"rendered":"Mestrado em Estudos da Condi\u00e7\u00e3o Humana recebe inscri\u00e7\u00f5es"},"content":{"rendered":"<p>Programa de P&oacute;s-Gradua&ccedil;&atilde;o em Estudos da Condi&ccedil;&atilde;o Humana do Campus Sorocaba da UFSCar realiza sele&ccedil;&atilde;o para mestrado. Inscri&ccedil;&otilde;es podem ser feitas at&eacute; o dia 20 de setembro.<\/p>\n<p><!--more--><\/p>\n<p>O Programa de P&oacute;s-Gradua&ccedil;&atilde;o em Estudos da Condi&ccedil;&atilde;o Humana (PPGECH-So) do Campus Sorocaba da Universidade Federal de S&atilde;o Carlos (UFSCar) recebe, at&eacute; o dia 20 de setembro, inscri&ccedil;&otilde;es para o processo seletivo da primeira turma de mestrado acad&ecirc;mico, com ingresso em 2020.<\/p>\n<p>S&atilde;o ofertadas 12 vagas. De car&aacute;ter interdisciplinar, o Programa tem como &aacute;rea de concentra&ccedil;&atilde;o a Condi&ccedil;&atilde;o Humana na Contemporaneidade, em duas linhas de pesquisa: Sujeitos de discursos, narrativas e mobilidades e Desigualdades e diferen&ccedil;as no contempor&acirc;neo.<\/p>\n<p>O PPGECH-So enfoca o contexto contempor&acirc;neo para produzir conhecimento sobre a condi&ccedil;&atilde;o humana frente ao avan&ccedil;o cient&iacute;fico, o desenvolvimento tecnol&oacute;gico, a economia neoliberal e o capitalismo global. Nesse universo s&atilde;o contempladas pesquisas sobre os problemas clim&aacute;ticos e ambientais, a migra&ccedil;&atilde;o e a mobilidade, as novas formas de cultura e a conserva&ccedil;&atilde;o das comunidades tradicionais, as diferen&ccedil;as inter e intrageracionais, &eacute;tnico-raciais e de g&ecirc;nero, a educa&ccedil;&atilde;o, a arte e as culturas populares, as desigualdades oriundas de explora&ccedil;&otilde;es seculares, o engajamento nas novas formas de comunica&ccedil;&atilde;o, entre outros assuntos.<\/p>\n<p>O processo seletivo &eacute; composto por tr&ecirc;s etapas, todas eliminat&oacute;rias: prova escrita, an&aacute;lise do projeto de pesquisa e exame oral centrado no curr&iacute;culo, hist&oacute;rico e projeto do candidato. As inscri&ccedil;&otilde;es podem ser feitas via Correios ou presencialmente, conforme as orienta&ccedil;&otilde;es presentes no edital dispon&iacute;vel no site <a href=\"http:\/\/www.ppgech.ufscar.br\" target=\"_blank\" rel=\"noopener\">www.ppgech.ufscar.br<\/a>.<\/p>\n","protected":false},"excerpt":{"rendered":"<p>Programa de P&oacute;s-Gradua&ccedil;&atilde;o em Estudos da Condi&ccedil;&atilde;o Humana do Campus Sorocaba da UFSCar realiza sele&ccedil;&atilde;o para mestrado. Inscri&ccedil;&otilde;es podem ser feitas at&eacute; o dia 20 de setembro.<\/p>\n","protected":false},"author":1,"featured_media":0,"comment_status":"open","ping_status":"open","sticky":false,"template":"","format":"standard","meta":{"tdm_status":"","tdm_grid_status":"","footnotes":"","jetpack_publicize_message":"","jetpack_publicize_feature_enabled":true,"jetpack_social_post_already_shared":true,"jetpack_social_options":{"image_generator_settings":{"template":"highway","enabled":false},"version":2}},"categories":[18],"tags":[],"class_list":{"0":"post-7248","1":"post","2":"type-post","3":"status-publish","4":"format-standard","6":"category-eventos"},"jetpack_publicize_connections":[],"jetpack_featured_media_url":"","post_mailing_queue_ids":[],"_links":{"self":[{"href":"https:\/\/radardofuturo.com.br\/test\/wp-json\/wp\/v2\/posts\/7248","targetHints":{"allow":["GET"]}}],"collection":[{"href":"https:\/\/radardofuturo.com.br\/test\/wp-json\/wp\/v2\/posts"}],"about":[{"href":"https:\/\/radardofuturo.com.br\/test\/wp-json\/wp\/v2\/types\/post"}],"author":[{"embeddable":true,"href":"https:\/\/radardofuturo.com.br\/test\/wp-json\/wp\/v2\/users\/1"}],"replies":[{"embeddable":true,"href":"https:\/\/radardofuturo.com.br\/test\/wp-json\/wp\/v2\/comments?post=7248"}],"version-history":[{"count":0,"href":"https:\/\/radardofuturo.com.br\/test\/wp-json\/wp\/v2\/posts\/7248\/revisions"}],"wp:attachment":[{"href":"https:\/\/radardofuturo.com.br\/test\/wp-json\/wp\/v2\/media?parent=7248"}],"wp:term":[{"taxonomy":"category","embeddable":true,"href":"https:\/\/radardofuturo.com.br\/test\/wp-json\/wp\/v2\/categories?post=7248"},{"taxonomy":"post_tag","embeddable":true,"href":"https:\/\/radardofuturo.com.br\/test\/wp-json\/wp\/v2\/tags?post=7248"}],"curies":[{"name":"wp","href":"https:\/\/api.w.org\/{rel}","templated":true}]}}