{"id":7132,"date":"2019-09-13T08:14:34","date_gmt":"2019-09-13T11:14:34","guid":{"rendered":"https:\/\/radardofuturo.com.br\/?p=7132"},"modified":"2019-09-13T08:14:34","modified_gmt":"2019-09-13T11:14:34","slug":"curso-sobre-futurismo-da-aerolito-tera-ultima-edicao-do-ano-em-sp","status":"publish","type":"post","link":"https:\/\/radardofuturo.com.br\/test\/curso-sobre-futurismo-da-aerolito-tera-ultima-edicao-do-ano-em-sp\/","title":{"rendered":"Curso sobre futurismo da Aerolito ter\u00e1 \u00faltima edi\u00e7\u00e3o do ano em SP"},"content":{"rendered":"<p>Ser&atilde;o 30 horas de conte&uacute;do sobre revolu&ccedil;&otilde;es p&oacute;s-digitais, digital first, futuro do trabalho e tecnologias emergentes.<!--more--><\/p>\n<p>A Aerolito, laborat&oacute;rio de explora&ccedil;&atilde;o de cen&aacute;rios futuros, realiza entre os dias 30 de setembro a 04 de outubro, em S&atilde;o Paulo, o programa presencial Friends of Tomorrow, plataforma educacional que funciona como uma imers&atilde;o para estudar o futuro em diversos mercados.<\/p>\n<p>Nessa edi&ccedil;&atilde;o, o laborat&oacute;rio traz uma nova metodologia na grade do curso, o &ldquo;Mapa de Concorr&ecirc;ncia Digital e P&oacute;s-Digital&rdquo;, que aborda um novo olhar para empresas tradicionais que trabalham em frentes de inova&ccedil;&atilde;o, conex&atilde;o com startups e implementa&ccedil;&atilde;o de novas tecnologias.<\/p>\n<p>&ldquo;O curso &eacute; um espa&ccedil;o que coloca os participantes em contato com ideias verdadeiramente novas. Muito al&eacute;m de Uber e Airbnb, de bitcoin e dos &uacute;ltimos cases de intelig&ecirc;ncia artificial e realidade virtual. &Eacute; uma experi&ecirc;ncia que se prop&otilde;e a reconfigurar a forma de pensar&rdquo;, afirma Tiago Mattos, s&oacute;cio-fundador da Aerolito.<\/p>\n<p>O evento ter&aacute; a presen&ccedil;a de s&oacute;cios da Aerolito e convidados, que conduzir&atilde;o 30 horas de conte&uacute;do sobre lentes do futuro, revolu&ccedil;&otilde;es p&oacute;s-digitais e suas aplica&ccedil;&otilde;es, digital first, mapas de concorr&ecirc;ncia digitais, tecnologias emergentes, impacto positivo, entre outros.<\/p>\n<p>&ldquo;Aerolito &eacute; uma empresa que tem na ess&ecirc;ncia a experimenta&ccedil;&atilde;o e a explora&ccedil;&atilde;o de cen&aacute;rios futuros. Por isso, estamos sempre nos atualizando, buscando novas fontes de inspira&ccedil;&atilde;o e construindo teses autorais&rdquo;, conta Santiago Andreuzza, s&oacute;cio-fundador do laborat&oacute;rio.<\/p>\n<p>Dentre os condutores do programa est&atilde;o Tiago Mattos, considerado um dos principais nomes do <a href=\"https:\/\/radardofuturo.com.br\/test\/ddof\/futurismo\/\" target=\"_self\" title=\"Como movimento art&iacute;stico e liter&aacute;rio O&nbsp;futurismo&nbsp;&eacute; um&nbsp;movimento art&iacute;stico&nbsp;e&nbsp;liter&aacute;rio&nbsp;que surgiu oficialmente em 20 de fevereiro de 1909 com a publica&ccedil;&atilde;o do&nbsp;Manifesto Futurista, pelo poeta italiano&nbsp;Filippo Marinetti, no jornal franc&ecirc;s&nbsp;Le Figaro. Os adeptos do movimento rejeitavam o moralismo e o passado, e suas obras baseavam-se fortemente na velocidade e nos desenvolvimentos tecnol&oacute;gicos do final do&nbsp;s&eacute;culo XIX. Os&hellip;\" class=\"encyclopedia\">futurismo<\/a> no Brasil e co-fundador da Aerolito, Santiago Andreuzza, s&oacute;cio-fundador da Aerolito, TedX Speaker e professor nas &aacute;reas de computa&ccedil;&atilde;o cognitiva, intelig&ecirc;ncia artificial e blockchain, Edgard Morya, conhecido pelo pioneirismo de seu trabalho na recupera&ccedil;&atilde;o da mobilidade do corpo de pacientes severamente paralisados, Lidia Zuin, jornalista, futur&oacute;loga, mestre em semi&oacute;tica e doutoranda em artes visuais pela Unicamp e Juliana Oliveira, publicit&aacute;ria e l&iacute;der de iniciativas voltadas para a diversidade na tecnologia.<\/p>\n<h2>Servi&ccedil;o:<\/h2>\n<ul>\n<li>Friends of Tomorrow<\/li>\n<li>Data: de 30 de setembro a 04 de outubro<\/li>\n<li>Hor&aacute;rio: das 14 &agrave;s 20h<\/li>\n<li>Local: Studio Boop<\/li>\n<li>Endere&ccedil;o: Rua Xavier Kraus, 117 &ndash; Vila Leopoldina &ndash; S&atilde;o Paulo, SP<\/li>\n<\/ul>\n<p>&nbsp;<\/p>\n","protected":false},"excerpt":{"rendered":"<p>Ser&atilde;o 30 horas de conte&uacute;do sobre revolu&ccedil;&otilde;es p&oacute;s-digitais, digital first, futuro do trabalho e tecnologias emergentes.<\/p>\n","protected":false},"author":1,"featured_media":0,"comment_status":"open","ping_status":"open","sticky":false,"template":"","format":"standard","meta":{"tdm_status":"","tdm_grid_status":"","footnotes":"","jetpack_publicize_message":"","jetpack_publicize_feature_enabled":true,"jetpack_social_post_already_shared":true,"jetpack_social_options":{"image_generator_settings":{"template":"highway","enabled":false},"version":2}},"categories":[18],"tags":[],"class_list":{"0":"post-7132","1":"post","2":"type-post","3":"status-publish","4":"format-standard","6":"category-eventos"},"jetpack_publicize_connections":[],"jetpack_featured_media_url":"","post_mailing_queue_ids":[],"_links":{"self":[{"href":"https:\/\/radardofuturo.com.br\/test\/wp-json\/wp\/v2\/posts\/7132","targetHints":{"allow":["GET"]}}],"collection":[{"href":"https:\/\/radardofuturo.com.br\/test\/wp-json\/wp\/v2\/posts"}],"about":[{"href":"https:\/\/radardofuturo.com.br\/test\/wp-json\/wp\/v2\/types\/post"}],"author":[{"embeddable":true,"href":"https:\/\/radardofuturo.com.br\/test\/wp-json\/wp\/v2\/users\/1"}],"replies":[{"embeddable":true,"href":"https:\/\/radardofuturo.com.br\/test\/wp-json\/wp\/v2\/comments?post=7132"}],"version-history":[{"count":0,"href":"https:\/\/radardofuturo.com.br\/test\/wp-json\/wp\/v2\/posts\/7132\/revisions"}],"wp:attachment":[{"href":"https:\/\/radardofuturo.com.br\/test\/wp-json\/wp\/v2\/media?parent=7132"}],"wp:term":[{"taxonomy":"category","embeddable":true,"href":"https:\/\/radardofuturo.com.br\/test\/wp-json\/wp\/v2\/categories?post=7132"},{"taxonomy":"post_tag","embeddable":true,"href":"https:\/\/radardofuturo.com.br\/test\/wp-json\/wp\/v2\/tags?post=7132"}],"curies":[{"name":"wp","href":"https:\/\/api.w.org\/{rel}","templated":true}]}}