{"id":7109,"date":"2019-09-12T11:42:56","date_gmt":"2019-09-12T14:42:56","guid":{"rendered":"https:\/\/radardofuturo.com.br\/?p=7109"},"modified":"2019-09-12T11:43:42","modified_gmt":"2019-09-12T14:43:42","slug":"senai-recebe-inscricoes-para-cursos-de-formacao-profissional","status":"publish","type":"post","link":"https:\/\/radardofuturo.com.br\/test\/senai-recebe-inscricoes-para-cursos-de-formacao-profissional\/","title":{"rendered":"SENAI recebe inscri\u00e7\u00f5es para cursos de forma\u00e7\u00e3o profissional"},"content":{"rendered":"<p><em>Podem se inscrever jovens de entre 14 e 24 anos, que estejam estudando a partir do 9&deg; ano do Ensino Fundamental, EJA ou ter conclu&iacute;do o Ensino M&eacute;dio.<\/em><!--more--><\/p>\n<p>O SENAI est&aacute; com inscri&ccedil;&otilde;es abertas para mais de 7 mil vagas, em 49 cidades de Minas Gerais. S&atilde;o oportunidades em cursos como Alvenaria e Acabamento, Corte de Cal&ccedil;ados e Bolsas, Confec&ccedil;&atilde;o e Moda, Redes de Telecomunica&ccedil;&otilde;es, Panifica&ccedil;&atilde;o, Manuten&ccedil;&atilde;o Mec&acirc;nica Industrial, Manuten&ccedil;&atilde;o Eletroeletr&ocirc;nica e Instala&ccedil;&atilde;o El&eacute;trica Industrial, entre outros.<\/p>\n<p>Os cursos t&ecirc;m dura&ccedil;&atilde;o entre seis meses e um ano e meio e para entrar em um deles &eacute; preciso passar pelo processo seletivo, composto por prova m&uacute;ltipla escolha de Matem&aacute;tica e Portugu&ecirc;s. Para o in&iacute;cio de sua experi&ecirc;ncia profissional, os jovens t&ecirc;m a possibilidade de assinar um contrato de at&eacute; dois anos, com carteira assinada, com as ind&uacute;strias que buscam os aprendizes no SENAI.<\/p>\n<p>Podem se inscrever jovens de entre 14 e 24 anos, que estejam estudando a partir do 9&deg; ano do Ensino Fundamental, EJA ou ter conclu&iacute;do o Ensino M&eacute;dio. As inscri&ccedil;&otilde;es est&atilde;o abertas at&eacute; dia 30 de setembro.<\/p>\n<p>As inscri&ccedil;&otilde;es podem ser feitas no site www.senaimg.com.br\/aprendizagem<\/p>\n","protected":false},"excerpt":{"rendered":"<p>Podem se inscrever jovens de entre 14 e 24 anos, que estejam estudando a partir do 9&deg; ano do Ensino Fundamental, EJA ou ter conclu&iacute;do o Ensino M&eacute;dio.<\/p>\n","protected":false},"author":1,"featured_media":0,"comment_status":"open","ping_status":"open","sticky":false,"template":"","format":"standard","meta":{"tdm_status":"","tdm_grid_status":"","footnotes":"","jetpack_publicize_message":"","jetpack_publicize_feature_enabled":true,"jetpack_social_post_already_shared":true,"jetpack_social_options":{"image_generator_settings":{"template":"highway","enabled":false},"version":2}},"categories":[18],"tags":[],"class_list":{"0":"post-7109","1":"post","2":"type-post","3":"status-publish","4":"format-standard","6":"category-eventos"},"jetpack_publicize_connections":[],"jetpack_featured_media_url":"","post_mailing_queue_ids":[],"_links":{"self":[{"href":"https:\/\/radardofuturo.com.br\/test\/wp-json\/wp\/v2\/posts\/7109","targetHints":{"allow":["GET"]}}],"collection":[{"href":"https:\/\/radardofuturo.com.br\/test\/wp-json\/wp\/v2\/posts"}],"about":[{"href":"https:\/\/radardofuturo.com.br\/test\/wp-json\/wp\/v2\/types\/post"}],"author":[{"embeddable":true,"href":"https:\/\/radardofuturo.com.br\/test\/wp-json\/wp\/v2\/users\/1"}],"replies":[{"embeddable":true,"href":"https:\/\/radardofuturo.com.br\/test\/wp-json\/wp\/v2\/comments?post=7109"}],"version-history":[{"count":0,"href":"https:\/\/radardofuturo.com.br\/test\/wp-json\/wp\/v2\/posts\/7109\/revisions"}],"wp:attachment":[{"href":"https:\/\/radardofuturo.com.br\/test\/wp-json\/wp\/v2\/media?parent=7109"}],"wp:term":[{"taxonomy":"category","embeddable":true,"href":"https:\/\/radardofuturo.com.br\/test\/wp-json\/wp\/v2\/categories?post=7109"},{"taxonomy":"post_tag","embeddable":true,"href":"https:\/\/radardofuturo.com.br\/test\/wp-json\/wp\/v2\/tags?post=7109"}],"curies":[{"name":"wp","href":"https:\/\/api.w.org\/{rel}","templated":true}]}}