{"id":6771,"date":"2019-08-23T19:19:45","date_gmt":"2019-08-23T22:19:45","guid":{"rendered":"https:\/\/radardofuturo.com.br\/?p=6771"},"modified":"2019-08-23T19:19:45","modified_gmt":"2019-08-23T22:19:45","slug":"dispositivo-baseado-em-iot-permitira-monitoramento-de-variaveis-agroclimaticas","status":"publish","type":"post","link":"https:\/\/radardofuturo.com.br\/test\/dispositivo-baseado-em-iot-permitira-monitoramento-de-variaveis-agroclimaticas\/","title":{"rendered":"Dispositivo baseado em IoT permitir\u00e1 monitoramento de vari\u00e1veis agroclim\u00e1ticas"},"content":{"rendered":"<p><figure id=\"attachment_6772\" aria-describedby=\"caption-attachment-6772\" style=\"width: 1024px\" class=\"wp-caption alignnone\"><img loading=\"lazy\" decoding=\"async\" src=\"https:\/\/radardofuturo.com.br\/test\/wp-content\/uploads\/2019\/08\/planta%C3%A7%C3%A3o-de-caf%C3%A9-1024x683.jpg\" alt=\"Ferramenta &eacute; solu&ccedil;&atilde;o integral para pequenos e m&eacute;dios produtores. Foto: Pixabay.\" width=\"1024\" height=\"683\" class=\"size-large wp-image-6772\" srcset=\"https:\/\/radardofuturo.com.br\/test\/wp-content\/uploads\/2019\/08\/planta&ccedil;&atilde;o-de-caf&eacute;-1024x683.jpg 1024w, https:\/\/radardofuturo.com.br\/test\/wp-content\/uploads\/2019\/08\/planta&ccedil;&atilde;o-de-caf&eacute;-300x200.jpg 300w, https:\/\/radardofuturo.com.br\/test\/wp-content\/uploads\/2019\/08\/planta&ccedil;&atilde;o-de-caf&eacute;-768x512.jpg 768w, https:\/\/radardofuturo.com.br\/test\/wp-content\/uploads\/2019\/08\/planta&ccedil;&atilde;o-de-caf&eacute;-480x320.jpg 480w, https:\/\/radardofuturo.com.br\/test\/wp-content\/uploads\/2019\/08\/planta&ccedil;&atilde;o-de-caf&eacute;.jpg 1920w\" sizes=\"auto, (max-width: 1024px) 100vw, 1024px\"><figcaption id=\"caption-attachment-6772\" class=\"wp-caption-text\">Ferramenta &eacute; solu&ccedil;&atilde;o integral para pequenos e m&eacute;dios produtores. Foto: Pixabay.<\/figcaption><\/figure><br>\n<!--more--><\/p>\n<p>Os produtores rurais podem contar com mais um aliado no campo:  o primeiro prot&oacute;tipo de uma esta&ccedil;&atilde;o espacial baseado na Internet das Coisas (IoT), que permitir&aacute; o monitoramento das vari&aacute;veis agroclim&aacute;ticas. A ferramenta tecnol&oacute;gica facilitar&aacute; a tomada de decis&otilde;es do homem do campo na hora de manejar as unidades produtivas, gerenciar, planejar a&ccedil;&otilde;es e melhorar rendimentos.<\/p>\n<p>Desenvolvido pela Microsoft em parceria com a Lantern Technologies e o Instituto Interamericano de Coopera&ccedil;&atilde;o para a Agricultura (IICA), o dispositivo &eacute; equipado com sensores que registram, em tempo real, dados de vari&aacute;veis como solo e umidade ambiental, temperatura, precipita&ccedil;&atilde;o, orvalho, dire&ccedil;&atilde;o do vento, umidade, luminosidade, entre outras. Dessa forma, os produtores ter&atilde;o como criar alertas e notifica&ccedil;&otilde;es sobre vari&aacute;veis espec&iacute;ficas, que chegar&atilde;o em seus dispositivos m&oacute;veis ou por e-mail.<\/p>\n<p>Abastecidos por baterias convencionais com autonomia de at&eacute; dois anos, os sensores se conectam com uma nuvem por meio de rede de radiofrequ&ecirc;ncia de baixa largura de banda e custo moderado. &uml;&Eacute; solu&ccedil;&atilde;o integral para os pequenos e m&eacute;dios produtores que se pode escalar&uml;, afirma o gerente de Tecnologias de Informa&ccedil;&atilde;o, Comunica&ccedil;&atilde;o e Agricultura Digital do IICA, Emmanuel Picado.<\/p>\n<p>Picado acrescenta que &uml;o prot&oacute;tipo da esta&ccedil;&atilde;o clim&aacute;tica &eacute; parte dos esfor&ccedil;os do IICA para a transforma&ccedil;&atilde;o e a &lsquo;<a href=\"https:\/\/radardofuturo.com.br\/test\/ddof\/digitalizacao\/\" target=\"_self\" title=\"Digitaliza&ccedil;&atilde;o &eacute; o processo que transforma coisas anal&oacute;gicas, ou seja, algo com exist&ecirc;ncia f&iacute;sica, como um documento, uma foto, um disco de vinil ou seu ambiente de trabalho, em sistemas ou recursos acess&iacute;veis por computador.\" class=\"encyclopedia\">digitaliza&ccedil;&atilde;o<\/a>&rsquo; da agricultura, que procura reduzir a desigualdade digital, fornece acesso a ferramentas tecnol&oacute;gicas para os produtores e que estes tenham seguran&ccedil;a e confian&ccedil;a neste tipo de solu&ccedil;&atilde;o&rdquo;.<\/p>\n<p>Financiada pela Uni&atilde;o Europeia, inicialmente,  a esta&ccedil;&atilde;o clim&aacute;tica ser&aacute; usada no campo por meio do Programa Centro-americano de Gest&atilde;o Integral da Ferrugem do Caf&eacute; (PROCAGICA), que oferece assist&ecirc;ncia t&eacute;cnica a cafeicultores  da Guatemala, El Salvador, Honduras, Nicar&aacute;gua, Costa Rica, Panam&aacute; e Rep&uacute;blica Dominicana, com enfoque produtivo, social e comercial os problemas relacionados com a ferrugem. <\/p>\n<p>&ldquo;A necessidade de informa&ccedil;&atilde;o sobre o clima est&aacute; cada vez maior, dada &agrave; complexidade dos cen&aacute;rios produtivos e a maior vulnerabilidade clim&aacute;tica com impacto sobre os rendimentos e os pre&ccedil;os do cultivo&rdquo;, assegura o coordenador do PROCAGICA, Harold Gamboa.<\/p>\n<p>O IICA ir&aacute; capacitar, assessorar e acompanhar os produtores para a utiliza&ccedil;&atilde;o do dispositivo. O instituto ir&aacute; interpretar os dados e a informa&ccedil;&atilde;o coletada, para possibilitar a aplica&ccedil;&atilde;o de boas pr&aacute;ticas agr&iacute;colas, evitar perdas das colheitas e melhorar sua produtividade.<\/p>\n<p>*Com informa&ccedil;&otilde;es do IICA.<\/p>\n","protected":false},"excerpt":{"rendered":"","protected":false},"author":1,"featured_media":0,"comment_status":"open","ping_status":"open","sticky":false,"template":"","format":"standard","meta":{"tdm_status":"","tdm_grid_status":"","footnotes":"","jetpack_publicize_message":"","jetpack_publicize_feature_enabled":true,"jetpack_social_post_already_shared":true,"jetpack_social_options":{"image_generator_settings":{"template":"highway","enabled":false},"version":2}},"categories":[15,16],"tags":[],"class_list":{"0":"post-6771","1":"post","2":"type-post","3":"status-publish","4":"format-standard","6":"category-noticias","7":"category-tendencias-setores"},"jetpack_publicize_connections":[],"jetpack_featured_media_url":"","post_mailing_queue_ids":[],"_links":{"self":[{"href":"https:\/\/radardofuturo.com.br\/test\/wp-json\/wp\/v2\/posts\/6771","targetHints":{"allow":["GET"]}}],"collection":[{"href":"https:\/\/radardofuturo.com.br\/test\/wp-json\/wp\/v2\/posts"}],"about":[{"href":"https:\/\/radardofuturo.com.br\/test\/wp-json\/wp\/v2\/types\/post"}],"author":[{"embeddable":true,"href":"https:\/\/radardofuturo.com.br\/test\/wp-json\/wp\/v2\/users\/1"}],"replies":[{"embeddable":true,"href":"https:\/\/radardofuturo.com.br\/test\/wp-json\/wp\/v2\/comments?post=6771"}],"version-history":[{"count":0,"href":"https:\/\/radardofuturo.com.br\/test\/wp-json\/wp\/v2\/posts\/6771\/revisions"}],"wp:attachment":[{"href":"https:\/\/radardofuturo.com.br\/test\/wp-json\/wp\/v2\/media?parent=6771"}],"wp:term":[{"taxonomy":"category","embeddable":true,"href":"https:\/\/radardofuturo.com.br\/test\/wp-json\/wp\/v2\/categories?post=6771"},{"taxonomy":"post_tag","embeddable":true,"href":"https:\/\/radardofuturo.com.br\/test\/wp-json\/wp\/v2\/tags?post=6771"}],"curies":[{"name":"wp","href":"https:\/\/api.w.org\/{rel}","templated":true}]}}