{"id":6729,"date":"2019-08-22T16:24:58","date_gmt":"2019-08-22T19:24:58","guid":{"rendered":"https:\/\/radardofuturo.com.br\/?p=6729"},"modified":"2019-08-22T16:24:58","modified_gmt":"2019-08-22T19:24:58","slug":"grupos-mantem-acoes-pelo-desenvolvimento-sustentavel","status":"publish","type":"post","link":"https:\/\/radardofuturo.com.br\/test\/grupos-mantem-acoes-pelo-desenvolvimento-sustentavel\/","title":{"rendered":"Grupos mant\u00eam a\u00e7\u00f5es pelo desenvolvimento sustent\u00e1vel"},"content":{"rendered":"<figure id=\"attachment_4976\" aria-describedby=\"caption-attachment-4976\" style=\"width: 1140px\" class=\"wp-caption alignnone\"><img loading=\"lazy\" decoding=\"async\" class=\"alignnone size-full wp-image-4976\" src=\"https:\/\/radardofuturo.com.br\/test\/wp-content\/uploads\/2019\/07\/degradacao-ambiental-crise-ambiental-serra-eletrica-foto-agencia-brasil.jpg\" alt=\"O debate realizado na capital mineira fez parte de s&eacute;rie de eventos que percorre o pa&iacute;s, com financiamento da Uni&atilde;o Europeia, para divulgar e incentivar a ado&ccedil;&atilde;o dos ODS nos estados.\" width=\"1140\" height=\"760\" srcset=\"https:\/\/radardofuturo.com.br\/test\/wp-content\/uploads\/2019\/07\/degradacao-ambiental-crise-ambiental-serra-eletrica-foto-agencia-brasil.jpg 1140w, https:\/\/radardofuturo.com.br\/test\/wp-content\/uploads\/2019\/07\/degradacao-ambiental-crise-ambiental-serra-eletrica-foto-agencia-brasil-300x200.jpg 300w, https:\/\/radardofuturo.com.br\/test\/wp-content\/uploads\/2019\/07\/degradacao-ambiental-crise-ambiental-serra-eletrica-foto-agencia-brasil-768x512.jpg 768w, https:\/\/radardofuturo.com.br\/test\/wp-content\/uploads\/2019\/07\/degradacao-ambiental-crise-ambiental-serra-eletrica-foto-agencia-brasil-1024x683.jpg 1024w, https:\/\/radardofuturo.com.br\/test\/wp-content\/uploads\/2019\/07\/degradacao-ambiental-crise-ambiental-serra-eletrica-foto-agencia-brasil-480x320.jpg 480w\" sizes=\"auto, (max-width: 1140px) 100vw, 1140px\"><figcaption id=\"caption-attachment-4976\" class=\"wp-caption-text\">O debate realizado na capital mineira fez parte de s&eacute;rie de eventos que percorre o pa&iacute;s, com financiamento da Uni&atilde;o Europeia, para divulgar e incentivar a ado&ccedil;&atilde;o dos ODS nos estados.<\/figcaption><\/figure>\n<p><!--more-->Radar do Futuro<\/p>\n<p>Enfrentando um cen&aacute;rio adverso amplamente adverso no Pais, que inclui cortes de direitos sociais, aumento da pobreza e ataques &agrave;s pautas ambientalistas, movimentos e lideran&ccedil;as sociais seguem com a&ccedil;&otilde;es de mobiliza&ccedil;&atilde;o voltadas para a implementa&ccedil;&atilde;o dos Objetivos de Desenvolvimento Sustent&aacute;vel.&nbsp;Representantes de organiza&ccedil;&otilde;es civis, da Assembleia Legislativa de Minas e de universidades se reuniram, no dia 21 de agosto, para debater estrat&eacute;gias poss&iacute;veis para, no dia a dia, adotar iniciativas que facilitem a implanta&ccedil;&atilde;o dos Objetivos de Desenvolvimento Sustent&aacute;vel .<\/p>\n<p>O encontro foi promovido pelo GT Agenda 2030, o F&oacute;rum Brasileiro de Economia Solid&aacute;ria e o Instituto Democracia e Sustentabilidade (IDS), com apoio da organiza&ccedil;&atilde;o Moradia e Cidadania.<\/p>\n<p>O evento integra a programa&ccedil;&atilde;o de debates e oficinas pr&aacute;ticas, financiada pela Uni&atilde;o Europeia, que est&aacute; sendo realizada em todo o Brasil, at&eacute; o fim do m&ecirc;s de agosto. Desde abril, o GT e seus convidados passaram tamb&eacute;m por Pernambuco, Maranh&atilde;o, Santa Catarina, Bras&iacute;lia, Rio Grande do Sul, S&atilde;o Paulo, Par&aacute; e Roraima. Mato Grosso ser&aacute; o pr&oacute;ximo destino, dia 29, e Bras&iacute;lia volta a receb&ecirc;-los para um desfecho, no dia 30\/08.<\/p>\n<h2>Conscientiza&ccedil;&atilde;o<\/h2>\n<p>Os desafios n&atilde;o est&atilde;o exclusivamente no campo de luta do ambiente pol&iacute;tico e econ&ocirc;mico. Os organizadores reconhecem que muita gente nem sabe o que s&atilde;o os Objetivos do Desenvolvimento Sustent&aacute;vel, ODS, por exemplo. &ldquo;E o mais importante &eacute; que n&oacute;s discutimos sobre o consumo consciente e a gera&ccedil;&atilde;o de renda. Principalmente para mulheres, porque n&oacute;s somos 52% da popula&ccedil;&atilde;o e arrimo de fam&iacute;lias&rdquo;, resumiu Francisca Maria da Silva, representante da coordena&ccedil;&atilde;o do F&oacute;rum Brasileiro de Economia Solid&aacute;ria, uma das organiza&ccedil;&otilde;es associadas ao GT Agenda 2030.<\/p>\n<p>Os ODS s&atilde;o um conjunto de 17 medidas, com metas previamente estipuladas e que devem ser atingidas nos pr&oacute;ximos 11 anos para promover o bem-estar geral da popula&ccedil;&atilde;o mundial e do planeta. Chamado de Agenda 2030, este plano de a&ccedil;&atilde;o global foi ratificado por 193 pa&iacute;ses, inclusive o Brasil, nas Organiza&ccedil;&otilde;es das Na&ccedil;&otilde;es Unidas (ONU) em 2015.<\/p>\n<p>Da lista de compromissos, al&eacute;m do empoderamento das mulheres &ndash; mencionado por Francisca da Silva &ndash; para assegurar a igualdade de g&ecirc;nero e a dist&acirc;ncia em termos econ&ocirc;micos, sociais e de direitos entre homens e mulheres, tamb&eacute;m faz parte a promo&ccedil;&atilde;o da economia solid&aacute;ria. O tema, descrito no ODS de n&uacute;mero 12 (Assegurar padr&otilde;es de produ&ccedil;&atilde;o e de consumo sustent&aacute;veis) tamb&eacute;m fez parte das discuss&otilde;es.<\/p>\n<h2>Recomenda&ccedil;&otilde;es<\/h2>\n<p>Entre as recomenda&ccedil;&otilde;es para o alcance do desenvolvimento sustent&aacute;vel est&aacute; evitar o que causa desperd&iacute;cio, o volume exagerado de lixo e o uso de recursos naturais maior do que o necess&aacute;rio. E assim produzir e consumir apenas o que necessitamos para interferir positivamente nas nossas cidades e nosso planeta.<\/p>\n<p>&ldquo;Agenda 2030 nos chama a aten&ccedil;&atilde;o e pede que cultivemos o respeito &agrave; natureza, &agrave; coopera&ccedil;&atilde;o e ao com&eacute;rcio justo, pondo fim ao abuso de recursos naturais &ndash; que s&atilde;o find&aacute;veis &ndash; e ao volume de lixo que geramos pelo consumo desenfreado&rdquo;, refor&ccedil;ou mais uma vez a representante do F&oacute;rum Brasileiro de Economia Solid&aacute;ria.<\/p>\n<p>Ao tocar em recursos naturais, os participantes relembraram da situa&ccedil;&atilde;o da &aacute;gua, sobretudo nas cidades mineiras que enfrentaram problemas com o estouro de barragens de min&eacute;rios. Segundo eles, muitas regi&otilde;es ainda sofrem com o desabastecimento.<\/p>\n<p>O caso ocorrido em Brumadinho, no come&ccedil;o deste ano, foi juntado ao de Mariana, num estudo feito pelos experts do GT Agenda 2030, que faz parte dos cap&iacute;tulos do Relat&oacute;rio Luz 2019. O relat&oacute;rio &eacute; uma an&aacute;lise de como o Brasil tem se comportado no cumprimento das metas previstas em cada um dos Objetivos de Desenvolvimento Sustent&aacute;vel. A avalia&ccedil;&atilde;o anual &eacute; feita por meio de dados oficiais e evid&ecirc;ncias, desde 2017.<\/p>\n<h2>Trag&eacute;dias<\/h2>\n<p>Neste estudo sobre as trag&eacute;dias de Minas, os especialistas mostram que, al&eacute;m de serem respons&aacute;veis pelas mortes e desaparecimentos de 297 pessoas e um aborto, por espalharem lama contaminada atingindo hectares de florestas nativas; enterrando nascentes, cursos d&rsquo;&aacute;gua e contaminando importantes mananciais, chegando ao oceano &ndash; os estouros interferiram diretamente, de forma negativa, no avan&ccedil;o de quase todos os 17 compromissos do plano global de sustentabilidade.<\/p>\n<p>Entre eles, os Objetivos de Desenvolvimento Sustent&aacute;vel (ODS) 1, 2, 3, 5, 9, 11, 12 e 16. Al&eacute;m dos ODS 14 e 15, que tratam do uso sustent&aacute;vel dos oceanos, dos mares e dos recursos marinhos e do uso sustent&aacute;vel dos ecossistemas terrestres. E ainda os ODS 8 e 10, porque evidenciaram que o crescimento econ&ocirc;mico pautado na grande minera&ccedil;&atilde;o se provou destruidor dos seres humanos e da natureza, sendo incompat&iacute;vel com o planejamento para um mundo sustent&aacute;vel.<\/p>\n<p>O cap&iacute;tulo foi intitulado &ldquo;Como a maior mineradora do mundo impede que o Brasil atinja os Objetivos de Desenvolvimento Sustent&aacute;vel&rdquo; e &eacute; o alerta final do Relat&oacute;rio Luz 2019, lan&ccedil;ado nesta quinta-feira dia 22\/08, em Bras&iacute;lia.<\/p>\n<p>O GT Agenda 2030, Grupo de Trabalho da Sociedade Civil para a Agenda 2030, &eacute; uma coaliz&atilde;o com mais de 40 ONGs, movimentos sociais, f&oacute;runs e funda&ccedil;&otilde;es brasileiras respons&aacute;vel pela difus&atilde;o, promo&ccedil;&atilde;o e monitoramento da implementa&ccedil;&atilde;o dos ODS no pa&iacute;s. Ele foi criado e atual desde setembro de 2015.<\/p>\n<hr>\n<ul>\n<li>Com informa&ccedil;&otilde;es do GT 2030<\/li>\n<\/ul>\n<p>&nbsp;<\/p>\n","protected":false},"excerpt":{"rendered":"","protected":false},"author":1,"featured_media":4976,"comment_status":"open","ping_status":"open","sticky":false,"template":"","format":"standard","meta":{"tdm_status":"","tdm_grid_status":"","footnotes":"","jetpack_publicize_message":"","jetpack_publicize_feature_enabled":true,"jetpack_social_post_already_shared":true,"jetpack_social_options":{"image_generator_settings":{"template":"highway","enabled":false},"version":2}},"categories":[19,1121],"tags":[],"class_list":{"0":"post-6729","1":"post","2":"type-post","3":"status-publish","4":"format-standard","5":"has-post-thumbnail","7":"category-insights","8":"category-sociedade-do-futuro"},"jetpack_publicize_connections":[],"jetpack_featured_media_url":"https:\/\/radardofuturo.com.br\/test\/wp-content\/uploads\/2019\/07\/degradacao-ambiental-crise-ambiental-serra-eletrica-foto-agencia-brasil.jpg","post_mailing_queue_ids":[],"_links":{"self":[{"href":"https:\/\/radardofuturo.com.br\/test\/wp-json\/wp\/v2\/posts\/6729","targetHints":{"allow":["GET"]}}],"collection":[{"href":"https:\/\/radardofuturo.com.br\/test\/wp-json\/wp\/v2\/posts"}],"about":[{"href":"https:\/\/radardofuturo.com.br\/test\/wp-json\/wp\/v2\/types\/post"}],"author":[{"embeddable":true,"href":"https:\/\/radardofuturo.com.br\/test\/wp-json\/wp\/v2\/users\/1"}],"replies":[{"embeddable":true,"href":"https:\/\/radardofuturo.com.br\/test\/wp-json\/wp\/v2\/comments?post=6729"}],"version-history":[{"count":0,"href":"https:\/\/radardofuturo.com.br\/test\/wp-json\/wp\/v2\/posts\/6729\/revisions"}],"wp:featuredmedia":[{"embeddable":true,"href":"https:\/\/radardofuturo.com.br\/test\/wp-json\/wp\/v2\/media\/4976"}],"wp:attachment":[{"href":"https:\/\/radardofuturo.com.br\/test\/wp-json\/wp\/v2\/media?parent=6729"}],"wp:term":[{"taxonomy":"category","embeddable":true,"href":"https:\/\/radardofuturo.com.br\/test\/wp-json\/wp\/v2\/categories?post=6729"},{"taxonomy":"post_tag","embeddable":true,"href":"https:\/\/radardofuturo.com.br\/test\/wp-json\/wp\/v2\/tags?post=6729"}],"curies":[{"name":"wp","href":"https:\/\/api.w.org\/{rel}","templated":true}]}}