{"id":667,"date":"2018-04-12T10:20:47","date_gmt":"2018-04-12T13:20:47","guid":{"rendered":"https:\/\/radardofuturo.com.br\/?p=667"},"modified":"2018-05-07T19:52:00","modified_gmt":"2018-05-07T22:52:00","slug":"10-tendencias-do-ensino-em-2025-educacao-por-projetos","status":"publish","type":"post","link":"https:\/\/radardofuturo.com.br\/test\/10-tendencias-do-ensino-em-2025-educacao-por-projetos\/","title":{"rendered":"10 tend\u00eancias do ensino em 2025: educa\u00e7\u00e3o por projetos"},"content":{"rendered":"<figure id=\"attachment_671\" aria-describedby=\"caption-attachment-671\" style=\"width: 1000px\" class=\"wp-caption aligncenter\"><a href=\"https:\/\/radardofuturo.com.br\/test\/wp-content\/uploads\/2018\/02\/trabalho-em-grupo.jpeg\"><img loading=\"lazy\" decoding=\"async\" class=\"size-full wp-image-671\" src=\"https:\/\/radardofuturo.com.br\/test\/wp-content\/uploads\/2018\/02\/trabalho-em-grupo.jpeg\" alt=\"Aprendizado por projetos estar&aacute; no centro das estrat&eacute;gias do ensino superior em 2025\" width=\"1000\" height=\"667\" srcset=\"https:\/\/radardofuturo.com.br\/test\/wp-content\/uploads\/2018\/02\/trabalho-em-grupo.jpeg 1000w, https:\/\/radardofuturo.com.br\/test\/wp-content\/uploads\/2018\/02\/trabalho-em-grupo-300x200.jpeg 300w, https:\/\/radardofuturo.com.br\/test\/wp-content\/uploads\/2018\/02\/trabalho-em-grupo-768x512.jpeg 768w, https:\/\/radardofuturo.com.br\/test\/wp-content\/uploads\/2018\/02\/trabalho-em-grupo-480x320.jpeg 480w\" sizes=\"auto, (max-width: 1000px) 100vw, 1000px\"><\/a><figcaption id=\"caption-attachment-671\" class=\"wp-caption-text\">Aprendizado por projetos estar&aacute; no centro das estrat&eacute;gias do ensino superior em 2025<\/figcaption><\/figure>\n<p><!--more-->Carlos Teixeira<br>\nJornalista I Editor Radar do Futuro<\/p>\n<blockquote><p>Processos educacionais ter&atilde;o o desenvolvimento baseado na an&aacute;lise de problemas e projetos, com apoio de novas metodologias. Exemplos: sala de aula invertida, aprendizagem aumenta-<br>\nda e <a href=\"https:\/\/radardofuturo.com.br\/test\/ddof\/impressao-3d\/\" target=\"_self\" title=\"Impress&atilde;o 3D ou manufatura aditiva ou prototipagem r&aacute;pida &eacute; a tecnologia de impress&atilde;o de produtos ou objetos em formatos tridimensionais, por sucessivas camadas de material. Os avan&ccedil;os da impress&atilde;o 3D possibilitam a impress&atilde;o de quase tudo, de pr&oacute;teses a cora&ccedil;&otilde;es, rins e outros &oacute;rg&atilde;os vitais humanos e medicamentos. A tecnologia &eacute; utilizada em diversos ramos&hellip;\" class=\"encyclopedia\">impress&atilde;o 3D<\/a><\/p><\/blockquote>\n<p>Em 2025, finalmente, as carteiras escolares, que faziam das escolas algo parecido com os escrit&oacute;rios da primeira parte do s&eacute;culo passado, j&aacute; tinham finalmente desaparecido das salas de aula. Ou seja, aquelas mesas e cadeiras enfileiradas, na dire&ccedil;&atilde;o de um quadro, n&atilde;o ser&atilde;o ser&atilde;o mais parte do cen&aacute;rio dos ambientes de intera&ccedil;&atilde;o entre estudantes e alunos.<\/p>\n<p>Mesmo com toda as resist&ecirc;ncia de parte dos professores mais conservadores, os espa&ccedil;os onde ocorrem as atividades de ensino parecem grandes ambientes destinados a visitas e lazer. Sof&aacute;s e mesas em distribui&ccedil;&otilde;es modulares, que capazes de transformar um ambiente em poucos minutos.<\/p>\n<p>O que possibilitou a mudan&ccedil;a da estrutura das salas foi, no final das contas, &eacute;, em meados da pr&oacute;xima d&eacute;cada, a maturidade total de novos processos educacionais, baseados na ado&ccedil;&atilde;o de recursos que exploram intensamente as transforma&ccedil;&otilde;es tecnol&oacute;gicas. O professor deixou o centro do poder, como detentor &uacute;nico do conhecimento, para ser um grande l&iacute;der de processos de busca do aprendizado.<\/p>\n<p>Novas estrat&eacute;gias de ensino e acesso ao conhecimento incluem recursos definidos como sala de aula invertida e aprendizagem aumentada e imers&atilde;o nas coisas. Mas a l&oacute;gica das estrat&eacute;gias tem como fundamento essencial a an&aacute;lise de problemas e ensino baseado em projetos. Na verdade, em 2025 propostas pedag&oacute;gicas inovadoras ganham for&ccedil;a gra&ccedil;as &agrave; maturidade tecnol&oacute;gica, j&aacute; que come&ccedil;aram a ter suas aplica&ccedil;&otilde;es desenvolvidas desde a primeira d&eacute;cada do mil&ecirc;nio.<\/p>\n<h2>Seu primeiro projeto<\/h2>\n<p>No primeiro dia no curso de Biologia, em 2025, Felipe Lopes n&atilde;o ter&aacute; uma aula como Breno, seu primo que iniciou o mesmo curso cinco anos antes. Ainda na vers&atilde;o de 2020 do curso, o professor de &ldquo;biologia celular&rdquo; entrou na sala de aula e com o mesmo &ldquo;power point&rdquo; criado anos antes come&ccedil;a a explicar conceitos.<\/p>\n<p>Apontando para o slide, o mestre dizia que a &ldquo;biologia celular, ou Citologia, &eacute; o ramo da biologia que estuda as c&eacute;lulas, tanto eucariontes como procariontes, no que diz respeito &agrave; suas estruturas internas ou externas, fun&ccedil;&otilde;es, e sua import&acirc;ncia na constitui&ccedil;&atilde;o, ben&eacute;fica ou mal&eacute;fica, dos seres vivos&rdquo;.<\/p>\n<p>J&aacute; em 2025, espalhados nos sof&aacute;s e mesas os colegas de Felipe ser&atilde;o desafiados, j&aacute; no primeiro dia. Ao professor caber&aacute; contextualizar uma hist&oacute;ria e apresentar um problema que levar&aacute; ao conhecimento necess&aacute;rio.<\/p>\n<p>Por exemplo, ele mostrar&aacute; que o fato de que, com a biotecnologia suficientemente avan&ccedil;ada, generalizada e barata, mesmo um pequeno grupo de pessoas &ndash; ou mesmo uma &uacute;nica pessoa &ndash; pode amea&ccedil;ar a sobreviv&ecirc;ncia da humanidade. E que os criminosos j&aacute; come&ccedil;aram a explorar o fen&ocirc;meno, fornecendo acesso a drogas e outras subst&acirc;ncias sem prescri&ccedil;&otilde;es, por exemplo (como farm&aacute;cias offshore da Internet das d&eacute;cadas anteriores) &ndash; e agora os terroristas tamb&eacute;m est&atilde;o fazendo uso delas.<\/p>\n<p>Para compreender, ent&atilde;o, o que &eacute; a tal da biologia celular, os estudantes ser&atilde;o levados a fazer pesquisas aprofundadas, desde o in&iacute;cio, at&eacute; conseguir entender como se chegou ao momento atual. Ent&atilde;o, no sistema de aprendizado por projetos, os alunos se envolvem com tarefas e desafios para desenvolver o projeto.<\/p>\n<h2>Protagonismo e senso cr&iacute;tico<\/h2>\n<p>A aprendizagem baseada em projetos integra diferentes conhecimentos e estimula o desenvolvimento de compet&ecirc;ncias, como trabalho em equipe, protagonismo e <a href=\"https:\/\/radardofuturo.com.br\/test\/ddof\/o-que-e-pensamento-critico\/\" target=\"_self\" title=\"O pensamento cr&iacute;tico &eacute; uma compet&ecirc;ncia intelectual demonstrada por seres humanos, especialistas ou n&atilde;o, que possibilita tomar uma decis&atilde;o ou forma uma opini&atilde;o a partir da pondera&ccedil;&atilde;o de m&uacute;ltiplas vari&aacute;veis. Requer a an&aacute;lise de fatos, acontecimentos, ideias ou afirma&ccedil;&otilde;es com vis&atilde;o abrangente, explorando a relev&acirc;ncia, o peso e a consist&ecirc;ncia das informa&ccedil;&otilde;es envolvidas. De outra&hellip;\" class=\"encyclopedia\">pensamento cr&iacute;tico<\/a>. Tudo come&ccedil;a com um problema ou quest&atilde;o que seja desafiadora, que n&atilde;o tenha resposta f&aacute;cil e que estimule a imagina&ccedil;&atilde;o.<\/p>\n<p>O m&eacute;todo faz com que o aluno tenha um papel ativo para o seu aprendizado. O grande elemento facilitador &eacute; o acesso a recursos tecnol&oacute;gicos avan&ccedil;ados, como a internet em alt&iacute;ssima velocidade, &agrave; intelig&ecirc;ncia artificial, &agrave;s informa&ccedil;&otilde;es armazenadas da rede global de computa&ccedil;&atilde;o &ndash; big data &ndash; e a ferramentas como a <a href=\"https:\/\/radardofuturo.com.br\/test\/ddof\/realidade-mista\/\" target=\"_self\" title=\"A Realidade Mista &eacute; uma mistura de elementos da realidade virtual e da aumentada, aplicados ao mundo real para oferecer novos meios de intera&ccedil;&atilde;o. Embora parecido, o conceito de Realidade Mista n&atilde;o tem nada a ver com o de realidade aumentada. Neste, a ideia &eacute; adicionar elementos ao mundo real. Realidade mista, tamb&eacute;m chamada de&hellip;\" class=\"encyclopedia\">realidade mista<\/a>, que integra todos as alternativas de simula&ccedil;&atilde;o de realidade.<\/p>\n<p>Outro recurso, que ser&aacute; facilitado pelas tecnologias e novos modelos de ensino e de aprendizado e de neg&oacute;cios educacionais, &eacute; a introdu&ccedil;&atilde;o do conceito de sala de aula invertida. Tamb&eacute;m conhecida como <em>flipped classroom<\/em>, j&aacute; era considerada uma grande inova&ccedil;&atilde;o no processo de aprendizagem nos anos 2010. Mas que passa a ser plenamente vi&aacute;vel com o amadurecimento de sistemas de comunica&ccedil;&atilde;o on line e tradu&ccedil;&atilde;o instant&acirc;neo, por exemplo.<\/p>\n<p>Como o pr&oacute;prio nome sugere, &eacute; o m&eacute;todo de ensino atrav&eacute;s do qual a l&oacute;gica da organiza&ccedil;&atilde;o de uma sala de aula &eacute; de fato invertida por completo. A ideia &eacute; que, ap&oacute;s o aluno da mat&eacute;ria de biologia celular absorver o conte&uacute;do atrav&eacute;s do meio virtual, ao chegar na sala de aula presencial ele estar&aacute; ciente do assunto a ser desenvolvido. O estudante ter&aacute;, ent&atilde;o, o local ideal para dar in&iacute;cio &agrave; intera&ccedil;&atilde;o professor-aluno, sanando todas as d&uacute;vidas e construindo atividades em grupo, por exemplo.<\/p>\n<p>Na sala de aula invertida, o professor deixa de ser o grande detentor de conhecimento. Neste caso, ele passa a atuar mais como um mediador que orienta e guia o aluno em um processo de ensino. Os alunos, por sua vez, s&atilde;o ativos, visto que s&atilde;o eles que buscam a informa&ccedil;&atilde;o em um ambiente virtual de aprendizagem.<\/p>\n<h3>Tecnologias impactantes<\/h3>\n<ul>\n<li><a href=\"https:\/\/radardofuturo.com.br\/test\/ddof\/realidade-mista\/\" target=\"_self\" title=\"A Realidade Mista &eacute; uma mistura de elementos da realidade virtual e da aumentada, aplicados ao mundo real para oferecer novos meios de intera&ccedil;&atilde;o. Embora parecido, o conceito de Realidade Mista n&atilde;o tem nada a ver com o de realidade aumentada. Neste, a ideia &eacute; adicionar elementos ao mundo real. Realidade mista, tamb&eacute;m chamada de&hellip;\" class=\"encyclopedia\">realidade mista<\/a><\/li>\n<li>realidade virtual<\/li>\n<li>prolifera&ccedil;&atilde;o de v&iacute;deos<\/li>\n<li>tradu&ccedil;&atilde;o simult&acirc;nea<\/li>\n<li>intelig&ecirc;ncia artificial<\/li>\n<li><a href=\"https:\/\/radardofuturo.com.br\/test\/ddof\/impressao-3d\/\" target=\"_self\" title=\"Impress&atilde;o 3D ou manufatura aditiva ou prototipagem r&aacute;pida &eacute; a tecnologia de impress&atilde;o de produtos ou objetos em formatos tridimensionais, por sucessivas camadas de material. Os avan&ccedil;os da impress&atilde;o 3D possibilitam a impress&atilde;o de quase tudo, de pr&oacute;teses a cora&ccedil;&otilde;es, rins e outros &oacute;rg&atilde;os vitais humanos e medicamentos. A tecnologia &eacute; utilizada em diversos ramos&hellip;\" class=\"encyclopedia\">impress&atilde;o 3D<\/a><\/li>\n<\/ul>\n<p><span style=\"font-weight: 400;\">&hellip;&hellip;&hellip;&hellip;&hellip;&hellip;&hellip;.<\/span><\/p>\n<p><span style=\"font-weight: 400;\">&ldquo;Este artigo &eacute; o quarto da s&eacute;rie &ldquo;10 <a href=\"https:\/\/radardofuturo.com.br\/test\/ddof\/o-que-sao-tendencias\/\" target=\"_self\" title=\"Confira o que s&atilde;o tend&ecirc;ncias, os fatos ou fen&ocirc;menos que podem acontecer em algum momento adiante na hist&oacute;ria da sociedade, como um novo comportamento individual ou de um grupo\" class=\"encyclopedia\">Tend&ecirc;ncias<\/a> que afetar&atilde;o o Ensino Superior at&eacute; 2025&rdquo;, produzido pela Nous Sense-Making, consultoria de intelig&ecirc;ncia estrat&eacute;gica. <\/span><\/p>\n<p><span style=\"font-weight: 400;\">Voc&ecirc; pode acessar a s&iacute;ntese do estudo clicando abaixo:<\/span><\/p>\n<p><a href=\"https:\/\/drive.google.com\/file\/d\/0B4k5ex3Pp3HuQTBoLXNRY3hXNlE\/view?usp=sharing\" target=\"_blank\" rel=\"noopener\"><span style=\"font-weight: 400;\">10 tend&ecirc;ncias que afetar&atilde;o o ensino superior at&eacute; 2025<\/span><\/a><\/p>\n<p><span style=\"font-weight: 400;\">Sobre os autores: <\/span><\/p>\n<p><span style=\"font-weight: 400;\">Brenner Lopes e Carlos Teixeira integram o time de consultoria da Nous SenseMaking, especializada em Intelig&ecirc;ncia, Estrat&eacute;gia e Advanced Data analytics &ndash; <\/span><a href=\"https:\/\/www.nous-sensemaking.com\" target=\"_blank\" rel=\"noopener\"><span style=\"font-weight: 400;\">www.nous-sensemaking.com<\/span><\/a><\/p>\n<p>&nbsp;<\/p>\n","protected":false},"excerpt":{"rendered":"","protected":false},"author":1,"featured_media":671,"comment_status":"open","ping_status":"open","sticky":false,"template":"","format":"standard","meta":{"tdm_status":"","tdm_grid_status":"","footnotes":"","jetpack_publicize_message":"","jetpack_publicize_feature_enabled":true,"jetpack_social_post_already_shared":true,"jetpack_social_options":{"image_generator_settings":{"template":"highway","enabled":false},"version":2}},"categories":[515,16],"tags":[70,325,486,244,485,487,93,488],"class_list":{"0":"post-667","1":"post","2":"type-post","3":"status-publish","4":"format-standard","5":"has-post-thumbnail","7":"category-futuro-da-educacao","8":"category-tendencias-setores","9":"tag-educacao","10":"tag-em-2025","11":"tag-ensino-em-2025","12":"tag-ensino-superior","13":"tag-ensino-superior-em-2025","14":"tag-sala-de-aula-do-futuro","15":"tag-tendencias","16":"tag-tendencias-da-educacao"},"jetpack_publicize_connections":[],"jetpack_featured_media_url":"https:\/\/radardofuturo.com.br\/test\/wp-content\/uploads\/2018\/02\/trabalho-em-grupo.jpeg","post_mailing_queue_ids":[],"_links":{"self":[{"href":"https:\/\/radardofuturo.com.br\/test\/wp-json\/wp\/v2\/posts\/667","targetHints":{"allow":["GET"]}}],"collection":[{"href":"https:\/\/radardofuturo.com.br\/test\/wp-json\/wp\/v2\/posts"}],"about":[{"href":"https:\/\/radardofuturo.com.br\/test\/wp-json\/wp\/v2\/types\/post"}],"author":[{"embeddable":true,"href":"https:\/\/radardofuturo.com.br\/test\/wp-json\/wp\/v2\/users\/1"}],"replies":[{"embeddable":true,"href":"https:\/\/radardofuturo.com.br\/test\/wp-json\/wp\/v2\/comments?post=667"}],"version-history":[{"count":0,"href":"https:\/\/radardofuturo.com.br\/test\/wp-json\/wp\/v2\/posts\/667\/revisions"}],"wp:featuredmedia":[{"embeddable":true,"href":"https:\/\/radardofuturo.com.br\/test\/wp-json\/wp\/v2\/media\/671"}],"wp:attachment":[{"href":"https:\/\/radardofuturo.com.br\/test\/wp-json\/wp\/v2\/media?parent=667"}],"wp:term":[{"taxonomy":"category","embeddable":true,"href":"https:\/\/radardofuturo.com.br\/test\/wp-json\/wp\/v2\/categories?post=667"},{"taxonomy":"post_tag","embeddable":true,"href":"https:\/\/radardofuturo.com.br\/test\/wp-json\/wp\/v2\/tags?post=667"}],"curies":[{"name":"wp","href":"https:\/\/api.w.org\/{rel}","templated":true}]}}