{"id":6451,"date":"2019-08-26T08:07:28","date_gmt":"2019-08-26T11:07:28","guid":{"rendered":"https:\/\/radardofuturo.com.br\/?p=6451"},"modified":"2021-04-05T13:55:11","modified_gmt":"2021-04-05T16:55:11","slug":"futuro-da-biomedicina-personalizacao-e-precisao","status":"publish","type":"post","link":"https:\/\/radardofuturo.com.br\/test\/futuro-da-biomedicina-personalizacao-e-precisao\/","title":{"rendered":"Futuro da biomedicina: personaliza\u00e7\u00e3o e precis\u00e3o"},"content":{"rendered":"\n<figure class=\"wp-block-image\"><img loading=\"lazy\" decoding=\"async\" width=\"960\" height=\"640\" src=\"https:\/\/radardofuturo.com.br\/test\/wp-content\/uploads\/2019\/02\/laboratorio-premio-pfizer-foto-pixabay.jpg\" alt=\"A medicina personalizada e de precis&atilde;o vai garantir novas demandas por profissionais de biomedicina.\" class=\"wp-image-2674\" srcset=\"https:\/\/radardofuturo.com.br\/test\/wp-content\/uploads\/2019\/02\/laboratorio-premio-pfizer-foto-pixabay.jpg 960w, https:\/\/radardofuturo.com.br\/test\/wp-content\/uploads\/2019\/02\/laboratorio-premio-pfizer-foto-pixabay-300x200.jpg 300w, https:\/\/radardofuturo.com.br\/test\/wp-content\/uploads\/2019\/02\/laboratorio-premio-pfizer-foto-pixabay-768x512.jpg 768w, https:\/\/radardofuturo.com.br\/test\/wp-content\/uploads\/2019\/02\/laboratorio-premio-pfizer-foto-pixabay-480x320.jpg 480w\" sizes=\"auto, (max-width: 960px) 100vw, 960px\"><figcaption>A medicina personalizada e de precis&atilde;o vai garantir novas demandas por profissionais de biomedicina. <\/figcaption><\/figure>\n\n\n\n<!--more-->\n\n\n\n<p><em>Carlos Pl&aacute;cido Teixeira<br>Jornalista &ndash; Radar do Futuro<\/em><\/p>\n\n\n\n<p>Em 2025, a medicina personalizada estar&aacute; mais pr&oacute;xima, finalmente, da sua maturidade. Em uma emerg&ecirc;ncia hospitalar, o m&eacute;dico ter&aacute; &agrave; disposi&ccedil;&atilde;o, em prontu&aacute;rios digitais, as informa&ccedil;&otilde;es sobre o DNA de cada paciente. Sistemas de diagn&oacute;stico instant&acirc;neo v&atilde;o agilizar o atendimento. O cen&aacute;rio de avan&ccedil;os da identifica&ccedil;&atilde;o de ocorr&ecirc;ncias e a prescri&ccedil;&atilde;o de tratamentos para pacientes, em meados da terceira d&eacute;cada do s&eacute;culo, ter&aacute; biom&eacute;dicos como alguns dos principais atores.<\/p>\n\n\n\n<p>&Aacute;rea das ci&ecirc;ncias biol&oacute;gicas voltada para a pesquisa das doen&ccedil;as humanas, suas causas e formas de tratamento, a biomedicina ser&aacute; altamente beneficiada pela evolu&ccedil;&atilde;o das tecnologias de computa&ccedil;&atilde;o, da biotecnologia e da nanotecnologia. Os profissionais se envolver&atilde;o nos avan&ccedil;os como os da gen&ocirc;mica e a gen&eacute;tica, que estar&atilde;o se consolidando como ferramentas m&eacute;dicas determinantes para prevenir e curar doen&ccedil;as. O custo para sequenciar, armazenar e estudar todo um genoma humano ser&aacute; de um d&oacute;lar.<\/p>\n\n\n\n<p>A medicina personalizada se concentra em maneiras de melhorar a forma como os pacientes individuais ficam saud&aacute;veis. Em busca desse objetivo, grandes quantidades de dados pessoais de sa&uacute;de est&atilde;o sendo coletados e aproveitados para tratar e tratar pacientes. Essas tecnologias ir&atilde;o alterar radicalmente o setor de sa&uacute;de.<\/p>\n\n\n\n<h2 class=\"wp-block-heading\">CEN&Aacute;RIO&nbsp;<\/h2>\n\n\n\n<p>Servi&ccedil;os de diagn&oacute;sticos e tratamento e atendimento hospitalar representam, hoje, cerca de 70% dos empregos gerados para profissionais de biomedicina. Hospitais, cl&iacute;nicas e laborat&oacute;rios de an&aacute;lises cl&iacute;nicas e de diagn&oacute;stico por imagem s&atilde;o as principais fontes geradoras de oportunidades.<\/p>\n\n\n\n<p>Mas h&aacute; expans&atilde;o da procura pelo biom&eacute;dico na ind&uacute;stria farmac&ecirc;utica, esperado no processo de expans&atilde;o de pesquisas de novos medicamentos e outros produtos m&eacute;dicos de base biotecnol&oacute;gica.&nbsp;Boas perspectivas tamb&eacute;m t&ecirc;m surgido nas &aacute;reas de citopatologia, toxicologia, reprodu&ccedil;&atilde;o humana, hematologia e em cl&iacute;nicas especializadas em quimioterapia.&nbsp;<\/p>\n\n\n\n<p>Outro nicho em alta &eacute; o da&nbsp;biomedicina est&eacute;tica. Nesse caso, o profissional atua em cl&iacute;nicas particulares que oferecem tratamento para pele e corpo. A demanda &eacute; maior nas regi&otilde;es Sul e Sudeste, que concentram ind&uacute;strias farmac&ecirc;uticas e institutos de pesquisa.<\/p>\n\n\n\n<h2 class=\"wp-block-heading\">TEND&Ecirc;NCIAS<\/h2>\n\n\n\n<p>Uma &aacute;rea recente e que tem demandado profissionais &eacute; a da&nbsp;bioinform&aacute;tica, campo do conhecimento que usa recursos computacionais para construir modelos de mol&eacute;culas que comp&otilde;em os seres vivos. Esses modelos s&atilde;o importantes porque podem ser usados para entender a origem das doen&ccedil;as e, assim, auxiliar no desenvolvimento de medicamentos para trat&aacute;-las.<\/p>\n\n\n\n<p>Respons&aacute;vel por cerca de 8,6% das contrata&ccedil;&otilde;es, o setor de sa&uacute;de p&uacute;blica &eacute; outro que necessita do profissional, solicitado para lidar com epidemias, como as de zika v&iacute;rus e gripe H1N1, ocorridas recentemente no pa&iacute;s. Por&eacute;m, diante dos cortes de verbas do setor p&uacute;blico, h&aacute; s&eacute;rias possibilidade de redu&ccedil;&atilde;o das oportunidades. Mas tem crescido, em todo o pa&iacute;s, os concursos p&uacute;blicos para biom&eacute;dicos atuarem na &aacute;rea de criminal&iacute;stica.<\/p>\n\n\n\n<p>Entre oportunidades e riscos<\/p>\n\n\n\n<p>O futuro da biomedicina envolve uma dicotomia. Os avan&ccedil;os da tecnologia sobre os sistemas de an&aacute;lise cl&iacute;nica geram oportunidades importantes para o futuro da profiss&atilde;o. A evolu&ccedil;&atilde;o dos sistemas de an&aacute;lise e detec&ccedil;&atilde;o de varia&ccedil;&otilde;es de amostras de sangue cria novas demandas, mas tamb&eacute;m viabiliza a automa&ccedil;&atilde;o de processos.&nbsp;<\/p>\n\n\n\n<h2 class=\"wp-block-heading\">AN&Aacute;LISE DO PROFISSIONAL<\/h2>\n\n\n\n<div class=\"wp-block-columns is-layout-flex wp-container-core-columns-is-layout-9d6595d7 wp-block-columns-is-layout-flex\">\n<div class=\"wp-block-column is-layout-flow wp-block-column-is-layout-flow\" style=\"flex-basis:100%\">\n<p><em>A Biomedicina &eacute; uma profiss&atilde;o jovem, com pouco mais de 50 anos. <br>Um dos pontos mais fracos &eacute; a forte integra&ccedil;&atilde;o que ela possui com a tecnologia, por exemplo: Hoje se fala muito da medicina personalizada ou medicina de precis&atilde;o, que nada mais &eacute; a utiliza&ccedil;&atilde;o de equipamentos para a aplica&ccedil;&atilde;o na biologia molecular, algo que o biom&eacute;dico est&aacute; altamente capacitado a realizar.<\/em><\/p>\n\n\n\n<p><em>H&aacute; um mercado promissor nessa &aacute;rea e tamb&eacute;m em outras como: diagn&oacute;stico por imagem, reprodu&ccedil;&atilde;o assistida e pesquisas voltadas a neuro. Quanto ao ponto fraco da profiss&atilde;o, &eacute; algo j&aacute; presente &eacute; a desvaloriza&ccedil;&atilde;o do profissional por conta do desconhecimento do papel que o mesmo possui, mas creio que seja um cen&aacute;rio passageiro, estamos trabalhando pra isso.<\/em><\/p>\n\n\n\n<p><em>Raphael Rangel<\/em><\/p>\n<\/div>\n<\/div>\n\n\n\n<hr class=\"wp-block-separator is-style-wide\">\n\n\n\n<h2 class=\"wp-block-heading\"><span class=\"name\" data-wfid=\"a60eff3d9666\">O FUTURO DA PROFISS&Atilde;O &ndash; Biomedicina<\/span><\/h2>\n\n\n\n<ul class=\"wp-block-list\"><li>\n<h4><span class=\"name\">UM DIA NO FUTURO&nbsp;<\/span><\/h4>\n<ul>\n<li><span class=\"name\">Profiss&atilde;o se beneficia dos investimentos em tecnologias voltadas para a sa&uacute;de<\/span>\n<ul>\n<li>Rumo &agrave; medicina personalizada e de precis&atilde;o<\/li>\n<\/ul>\n<\/li>\n<li>Os pr&oacute;ximos anos podem marcar um per&iacute;odo de grandes oportunidades para profissionais<\/li>\n<li>Tecnologia: representam ferramenta de trabalho e amea&ccedil;a<\/li>\n<\/ul>\n<\/li><li>\n<h4><span class=\"name\">CEN&Aacute;RIO ATUAL<\/span><\/h4>\n<ul>\n<li>For&ccedil;as\n<ul>\n<li>Diversidade de &aacute;reas: 19 &aacute;reas regulamentadas pelo conselho profissional<\/li>\n<li>&nbsp;<\/li>\n<\/ul>\n<\/li>\n<li>Fraquezas\n<ul>\n<li>&Aacute;reas de sombra da concorr&ecirc;ncia<\/li>\n<li>Baixo conhecimento sobre a profiss&atilde;o<\/li>\n<\/ul>\n<\/li>\n<li><span class=\"name\">O mercado hoje<\/span>\n<ul>\n<li>Percep&ccedil;&atilde;o baixa do papel desempenhado pelo profissional, pessoas confundem com medicina<\/li>\n<li>&Eacute; &aacute;rea fornecedora de estudos e solu&ccedil;&otilde;es para as atividades m&eacute;dicas<\/li>\n<\/ul>\n<\/li>\n<li><span class=\"name\">Acontecimentos que impactam a atividade<\/span>\n<ul>\n<li>redu&ccedil;&atilde;o de investimentos em pesquisas<\/li>\n<li>depend&ecirc;ncia de capital estrangeiro<\/li>\n<li><span class=\"name\">comportamento da demanda pelo profissional<\/span><\/li>\n<li>evolu&ccedil;&atilde;o de sistemas de IA em diagn&oacute;sticos<\/li>\n<\/ul>\n<\/li>\n<\/ul>\n<\/li><li>\n<h4><span class=\"name\">TEND&Ecirc;NCIAS: O FUTURO<\/span><\/h4>\n<ul>\n<li><span class=\"name\">Principais for&ccedil;as de transforma&ccedil;&atilde;o<\/span>\n<ul>\n<li><span class=\"name\">investimentos crescentes em sa&uacute;de<\/span><\/li>\n<li><span class=\"name\">envelhecimento da popula&ccedil;&atilde;o<\/span><\/li>\n<li>avan&ccedil;os de pesquisas em biotecnologia<\/li>\n<\/ul>\n<\/li>\n<li><span class=\"name\">Impactos das tecnologias<\/span>\n<ul>\n<li>automa&ccedil;&atilde;o de sistemas de diagn&oacute;stico<\/li>\n<li>Intelig&ecirc;ncia artificial: ferramenta e concorr&ecirc;ncia<\/li>\n<\/ul>\n<\/li>\n<li>&Aacute;reas de oportunidades\n<ul>\n<li>Hemoterapia<\/li>\n<li>Terapia celular<\/li>\n<li>Oncologia<\/li>\n<li>Auditoria<\/li>\n<\/ul>\n<\/li>\n<\/ul>\n<\/li><li><span class=\"name\">Conclus&otilde;es<\/span>\n<ul>\n<li><span class=\"name\">Crescimento no curto prazo: aumento das oportunidades<\/span><\/li>\n<li>Tecnologias como ferramentas e concorr&ecirc;ncia<\/li>\n<\/ul>\n<\/li><\/ul>\n\n\n\n<p>FONTES:<br>Guia do Estudante &ndash; Abril<br>Raphael Rangel &ndash; Biom&eacute;dico<br>Base de conhecimento Radar do Futuro<\/p>\n\n\n\n<p><\/p>\n","protected":false},"excerpt":{"rendered":"","protected":false},"author":1,"featured_media":6827,"comment_status":"open","ping_status":"open","sticky":false,"template":"","format":"standard","meta":{"tdm_status":"","tdm_grid_status":"","footnotes":"","jetpack_publicize_message":"","jetpack_publicize_feature_enabled":true,"jetpack_social_post_already_shared":true,"jetpack_social_options":{"image_generator_settings":{"template":"highway","enabled":false},"version":2}},"categories":[20],"tags":[],"class_list":{"0":"post-6451","1":"post","2":"type-post","3":"status-publish","4":"format-standard","5":"has-post-thumbnail","7":"category-destaques"},"jetpack_publicize_connections":[],"jetpack_featured_media_url":"https:\/\/radardofuturo.com.br\/test\/wp-content\/uploads\/2019\/02\/cropped-laboratorio-premio-pfizer-foto-pixabay.jpg","post_mailing_queue_ids":[],"_links":{"self":[{"href":"https:\/\/radardofuturo.com.br\/test\/wp-json\/wp\/v2\/posts\/6451","targetHints":{"allow":["GET"]}}],"collection":[{"href":"https:\/\/radardofuturo.com.br\/test\/wp-json\/wp\/v2\/posts"}],"about":[{"href":"https:\/\/radardofuturo.com.br\/test\/wp-json\/wp\/v2\/types\/post"}],"author":[{"embeddable":true,"href":"https:\/\/radardofuturo.com.br\/test\/wp-json\/wp\/v2\/users\/1"}],"replies":[{"embeddable":true,"href":"https:\/\/radardofuturo.com.br\/test\/wp-json\/wp\/v2\/comments?post=6451"}],"version-history":[{"count":0,"href":"https:\/\/radardofuturo.com.br\/test\/wp-json\/wp\/v2\/posts\/6451\/revisions"}],"wp:featuredmedia":[{"embeddable":true,"href":"https:\/\/radardofuturo.com.br\/test\/wp-json\/wp\/v2\/media\/6827"}],"wp:attachment":[{"href":"https:\/\/radardofuturo.com.br\/test\/wp-json\/wp\/v2\/media?parent=6451"}],"wp:term":[{"taxonomy":"category","embeddable":true,"href":"https:\/\/radardofuturo.com.br\/test\/wp-json\/wp\/v2\/categories?post=6451"},{"taxonomy":"post_tag","embeddable":true,"href":"https:\/\/radardofuturo.com.br\/test\/wp-json\/wp\/v2\/tags?post=6451"}],"curies":[{"name":"wp","href":"https:\/\/api.w.org\/{rel}","templated":true}]}}