{"id":6185,"date":"2019-08-15T09:44:44","date_gmt":"2019-08-15T12:44:44","guid":{"rendered":"https:\/\/radardofuturo.com.br\/?p=6185"},"modified":"2019-08-15T09:44:44","modified_gmt":"2019-08-15T12:44:44","slug":"cartoes-de-desconto-ocupam-espaco-no-atendimento-de-saude","status":"publish","type":"post","link":"https:\/\/radardofuturo.com.br\/test\/cartoes-de-desconto-ocupam-espaco-no-atendimento-de-saude\/","title":{"rendered":"Cart\u00f5es de desconto ocupam espa\u00e7o no atendimento de sa\u00fade"},"content":{"rendered":"<figure id=\"attachment_6186\" aria-describedby=\"caption-attachment-6186\" style=\"width: 1880px\" class=\"wp-caption alignnone\"><img loading=\"lazy\" decoding=\"async\" class=\"alignnone size-full wp-image-6186\" src=\"https:\/\/radardofuturo.com.br\/test\/wp-content\/uploads\/2019\/08\/pexels-photo-1282308.jpeg\" alt=\"Voltado &agrave;s classes C e D, o Cart&atilde;o de TODOS garante o atendimento de qualidade em sa&uacute;de, educa&ccedil;&atilde;o e lazer por um pre&ccedil;o acess&iacute;vel. Foto por rawpixel.com em Pexels.com\" width=\"1880\" height=\"1250\" srcset=\"https:\/\/radardofuturo.com.br\/test\/wp-content\/uploads\/2019\/08\/pexels-photo-1282308.jpeg 1880w, https:\/\/radardofuturo.com.br\/test\/wp-content\/uploads\/2019\/08\/pexels-photo-1282308-300x199.jpeg 300w, https:\/\/radardofuturo.com.br\/test\/wp-content\/uploads\/2019\/08\/pexels-photo-1282308-768x511.jpeg 768w, https:\/\/radardofuturo.com.br\/test\/wp-content\/uploads\/2019\/08\/pexels-photo-1282308-1024x681.jpeg 1024w, https:\/\/radardofuturo.com.br\/test\/wp-content\/uploads\/2019\/08\/pexels-photo-1282308-480x320.jpeg 480w\" sizes=\"auto, (max-width: 1880px) 100vw, 1880px\"><figcaption id=\"caption-attachment-6186\" class=\"wp-caption-text\">Voltado &agrave;s classes C e D, o Cart&atilde;o de TODOS garante o atendimento de qualidade em sa&uacute;de, educa&ccedil;&atilde;o e lazer por um pre&ccedil;o acess&iacute;vel. Foto por rawpixel.com em <a href=\"https:\/\/www.pexels.com\/photo\/doctor-pointing-at-tablet-laptop-1282308\/\" rel=\"nofollow noopener\" target=\"_blank\">Pexels.com<\/a><\/figcaption><\/figure>\n<p><!--more-->Radar do Futuro<\/p>\n<p>A crise dos sistemas p&uacute;blico e privado de sa&uacute;de abre espa&ccedil;o para a expans&atilde;o de modalidades alternativas de atendimento &agrave; popula&ccedil;&atilde;o nos pr&oacute;ximos anos. O cen&aacute;rio de aumento do desemprego e de expans&atilde;o do trabalho sem carteira assinada, a redu&ccedil;&atilde;o da renda geral da popula&ccedil;&atilde;o e a crise da economia cria oportunidades para empresas como a Cart&atilde;o de TODOS, l&iacute;der no segmento de cart&otilde;es de desconto.<\/p>\n<p>No v&aacute;cuo deixado pela evas&atilde;o de usu&aacute;rios dos planos de sa&uacute;de, que perderam mais de 3 milh&otilde;es de usu&aacute;rios em tr&ecirc;s anos, a empresa dobrou de tamanho em 2018. Segundo Altair Vilar, diretor-presidente da empresa, o crescimento deve-se ao fato da modalidade ter ocupado uma lacuna expressiva no mercado de sa&uacute;de, tanto p&uacute;blica, quanto privada.<\/p>\n<p>Planos de sa&uacute;de dependem de crescimento econ&ocirc;mico e empresas fortes. O desempenho sofr&iacute;vel do produto interno bruto brasileiro, gera saldos negativos no quadro do emprego, segundo os dados do pr&oacute;prio governo. Al&eacute;m disso, no acumulado de janeiro a abril, os planos de sa&uacute;de aumentaram os valores cobrados dos usu&aacute;rios, em m&eacute;dia, 3,22%, segundo o &iacute;ndice IPCA-15 do IBGE, enquanto o &iacute;ndice geral de pre&ccedil;os no Pa&iacute;s subiu 1,92%, o que agravou esse quadro de evas&atilde;o.<\/p>\n<h2>Import&acirc;ncia das alternativas<\/h2>\n<p>Em 2030, apenas 10% dos idosos ter&atilde;o condi&ccedil;&otilde;es de pagar planos particulares de sa&uacute;de, segundo um estudo da consultoria McKinsey. O que coloca a d&uacute;vida sobre a capacidade do setor privado se reinventar a tempo. E de haver alternativas que levem em conta a capacidade real da popula&ccedil;&atilde;o em ter acesso aos sistemas.<\/p>\n<p>Para a Cart&atilde;o de TODOS, em sua modalidade de cart&atilde;o de desconto e n&atilde;o de plano de sa&uacute;de, o sistema se revela uma alternativa positiva &agrave; popula&ccedil;&atilde;o. &ldquo;Ainda este ano esperamos chegar a todas as cidades brasileiras com mais de 200 mil habitantes, o que dever&aacute; atrair cerca de 1,2 milh&otilde;es de novas fam&iacute;lias&rdquo;, conta Vilar.<\/p>\n<p>Com o objetivo de proporcionar assist&ecirc;ncia prim&aacute;ria &agrave; sa&uacute;de a custo baixo, o Cart&atilde;o de TODOS lidera o mercado brasileiro de cart&otilde;es de desconto. Com ele, as fam&iacute;lias t&ecirc;m acesso a servi&ccedil;os de qualidade e com hora marcada. A ades&atilde;o ao Cart&atilde;o de TODOS d&aacute; direito a descontos nas mais de 200 cl&iacute;nicas conveniadas e em tratamentos odontol&oacute;gicos, exames, farm&aacute;cias, pequenos procedimentos e &oacute;ticas.<\/p>\n<p>Al&eacute;m da sa&uacute;de, o Cart&atilde;o de TODOS atende aos segmentos de educa&ccedil;&atilde;o (descontos em EAD, cursos presenciais em universidades, idiomas etc.) e lazer (academias, pousadas e hot&eacute;is etc.). As mensalidades possuem o valor &uacute;nico de R$21,90 por fam&iacute;lia (pais e filhos at&eacute; 21 anos). &Eacute; aceito hoje em mais de 10.000 estabelecimentos em todo o Brasil.<\/p>\n<p>Em 2018, o Cart&atilde;o de TODOS dobrou de tamanho. Voltado &agrave;s classes C e D, a empresa atende, hoje, mais de 2,5 milh&otilde;es de fam&iacute;lias, o equivalente a 10 milh&otilde;es de pessoas. Especificamente em Minas Gerais, o Cart&atilde;o de TODOS conta hoje com 24 unidades de atendimento e 6 unidades Clube de Vantagens da Fam&iacute;lia (CVF), atendendo 297 mil\/\/ fam&iacute;lias atualmente, cerca de 1,2 milh&atilde;o de pessoas.<\/p>\n<h2>Origens<\/h2>\n<p>O Cart&atilde;o de TODOS nasceu em Minas Gerais, em 2001, na cidade de Ipatinga. Neste ano, foi fundada como Cl&iacute;nica de TODOS e, em 2008, se transformou em Cart&atilde;o de TODOS. Atualmente est&aacute; presente em Belo Horizonte, Divin&oacute;polis, Juiz de Fora, Montes Claros, Nova Lima, Sete Lagoas, Pouso Alegre, Uberaba, Varginha, Barbacena, Betim, Patos de Minas, Te&oacute;filo Otoni, Santa Luzia, Coronel Fabriciano, Sabar&aacute;, Ribeir&atilde;o das Neves, Curvelo, Contagem, Conselheiro Lafaiete, Ub&aacute; e Vespasiano. A empresa inaugurou, recentemente, uma unidade em Par&aacute; de Minas. A expans&atilde;o no Estado faz parte de um plano de crescimento do Cart&atilde;o de TODOS no Brasil e no exterior.<\/p>\n<p>Outra raz&atilde;o que justifica a ascens&atilde;o do Cart&atilde;o de TODOS, segundo o diretor-presidente, &eacute; a forma do seu modelo de neg&oacute;cio, sustentado pela Administra&ccedil;&atilde;o Solid&aacute;ria. Desenvolver um neg&oacute;cio bom para todos sempre foi o objetivo da empresa. Seu modo de pensar subverte a l&oacute;gica de que o que &eacute; bom custa caro.<\/p>\n<p>Ao oferecer produtos e servi&ccedil;os de qualidade, com o menor custo para seus clientes, a organiza&ccedil;&atilde;o promove inser&ccedil;&atilde;o social ao mesmo tempo em que movimenta a economia das localidades em que atua, gerando valor para o maior n&uacute;mero poss&iacute;vel de atores envolvidos nesse processo. Esse modelo de neg&oacute;cio solid&aacute;rio, tamb&eacute;m chamado de TODOS por todos, &eacute; amplamente aceito pelas comunidades e &eacute; um dos respons&aacute;veis pelo sucesso do Cart&atilde;o de TODOS.<\/p>\n","protected":false},"excerpt":{"rendered":"","protected":false},"author":1,"featured_media":6186,"comment_status":"open","ping_status":"open","sticky":false,"template":"","format":"standard","meta":{"tdm_status":"","tdm_grid_status":"","footnotes":"","jetpack_publicize_message":"","jetpack_publicize_feature_enabled":true,"jetpack_social_post_already_shared":true,"jetpack_social_options":{"image_generator_settings":{"template":"highway","enabled":false},"version":2}},"categories":[19],"tags":[],"class_list":{"0":"post-6185","1":"post","2":"type-post","3":"status-publish","4":"format-standard","5":"has-post-thumbnail","7":"category-insights"},"jetpack_publicize_connections":[],"jetpack_featured_media_url":"https:\/\/radardofuturo.com.br\/test\/wp-content\/uploads\/2019\/08\/pexels-photo-1282308.jpeg","post_mailing_queue_ids":[],"_links":{"self":[{"href":"https:\/\/radardofuturo.com.br\/test\/wp-json\/wp\/v2\/posts\/6185","targetHints":{"allow":["GET"]}}],"collection":[{"href":"https:\/\/radardofuturo.com.br\/test\/wp-json\/wp\/v2\/posts"}],"about":[{"href":"https:\/\/radardofuturo.com.br\/test\/wp-json\/wp\/v2\/types\/post"}],"author":[{"embeddable":true,"href":"https:\/\/radardofuturo.com.br\/test\/wp-json\/wp\/v2\/users\/1"}],"replies":[{"embeddable":true,"href":"https:\/\/radardofuturo.com.br\/test\/wp-json\/wp\/v2\/comments?post=6185"}],"version-history":[{"count":0,"href":"https:\/\/radardofuturo.com.br\/test\/wp-json\/wp\/v2\/posts\/6185\/revisions"}],"wp:featuredmedia":[{"embeddable":true,"href":"https:\/\/radardofuturo.com.br\/test\/wp-json\/wp\/v2\/media\/6186"}],"wp:attachment":[{"href":"https:\/\/radardofuturo.com.br\/test\/wp-json\/wp\/v2\/media?parent=6185"}],"wp:term":[{"taxonomy":"category","embeddable":true,"href":"https:\/\/radardofuturo.com.br\/test\/wp-json\/wp\/v2\/categories?post=6185"},{"taxonomy":"post_tag","embeddable":true,"href":"https:\/\/radardofuturo.com.br\/test\/wp-json\/wp\/v2\/tags?post=6185"}],"curies":[{"name":"wp","href":"https:\/\/api.w.org\/{rel}","templated":true}]}}