{"id":5757,"date":"2019-08-09T16:45:42","date_gmt":"2019-08-09T19:45:42","guid":{"rendered":"https:\/\/radardofuturo.com.br\/?p=5757"},"modified":"2019-08-09T16:52:41","modified_gmt":"2019-08-09T19:52:41","slug":"evento-conecta-estudantes-e-profissionais-a-empresas-de-inovacao-em-saude","status":"publish","type":"post","link":"https:\/\/radardofuturo.com.br\/test\/evento-conecta-estudantes-e-profissionais-a-empresas-de-inovacao-em-saude\/","title":{"rendered":"Evento conecta estudantes e profissionais a empresas de inova\u00e7\u00e3o em sa\u00fade"},"content":{"rendered":"<p>Programa&ccedil;&atilde;o gratuita na Faculdade de Medicina da UFMG aborda novas possibilidades de empreendedorismo e tecnologias voltadas para &aacute;rea da sa&uacute;de.<\/p>\n<p><!--more--><\/p>\n<p>A tecnologia tem transformado o cotidiano e ampliado as possibilidades de atua&ccedil;&atilde;o, inclusive em &aacute;reas da sa&uacute;de. Para evidenciar esses avan&ccedil;os e apresentar as possibilidades nessa &aacute;rea, a Faculdade de Medicina da UFMG promove, pela primeira vez, a Semana de Inova&ccedil;&atilde;o em Sa&uacute;de, com ampla programa&ccedil;&atilde;o entre os dias 17 a 21 de agosto. A oportunidade, gratuita e aberta ao p&uacute;blico, permitir&aacute; a troca de conhecimentos e experi&ecirc;ncias entre estudantes e profissionais junto &agrave;s empresas de tecnologia, como startups que trabalham com prontu&aacute;rios e plataformas de ensino m&eacute;dico. As inscri&ccedil;&otilde;es podem ser feitas online.<\/p>\n<p><img decoding=\"async\" src=\"https:\/\/site.medicina.ufmg.br\/inicial\/wp-content\/uploads\/sites\/7\/2019\/08\/semana-inova.jpg\"><\/p>\n<p>As atividades ocorrem em diferentes espa&ccedil;os da Faculdade, como Sal&atilde;o Nobre, sagu&atilde;o de entrada e rotat&oacute;ria, na &aacute;rea externa do campus Sa&uacute;de (veja o mapa ao lado). O evento tem o intuito de proporcionar experi&ecirc;ncias com palestras relacionadas &agrave; tecnologia, inova&ccedil;&atilde;o e empreendedorismo, que se dividem em temas como intelig&ecirc;ncia artificial, blockchain, big data, aparelhos de medir dados vitais e de neuroestimula&ccedil;&atilde;o. Tamb&eacute;m haver&aacute; a Hackaline, uma competi&ccedil;&atilde;o em propostas de solu&ccedil;&otilde;es para as filas de espera do Hospital das Cl&iacute;nicas da UFMG, com premia&ccedil;&atilde;o em dinheiro, e a exposi&ccedil;&atilde;o de mais de 60 startups da &aacute;rea da sa&uacute;de (Confira a programa&ccedil;&atilde;o completa).<\/p>\n<p>Al&eacute;m disso, a Semana possibilita o contato com profissionais de diferentes &aacute;reas. Para um dos idealizadores do evento, o m&eacute;dico e mestrando em Neuroci&ecirc;ncia do Programa de P&oacute;s-Gradua&ccedil;&atilde;o em Medicina Molecular da Faculdade, Yuri Machado, esse contato j&aacute; no meio acad&ecirc;mico &eacute; importante para entender as diferentes possibilidades de atua&ccedil;&atilde;o do profissional.<\/p>\n<p>&ldquo;O mercado m&eacute;dico est&aacute; cada vez mais escasso e a&iacute; entra as novas tecnologias para mudar a forma do trabalho. Assim, n&atilde;o se posicionar a essas mudan&ccedil;as &eacute; uma neglig&ecirc;ncia. Para o aluno pode ser um primeiro contato ou aprofundamento do campo profissional que trabalha com essas tecnologias&rdquo;, avalia.<\/p>\n<p>Inova&ccedil;&atilde;o e sa&uacute;de p&uacute;blica<br>\nOutra atividade, que contar&aacute; com transmiss&atilde;o online, &eacute; o Semin&aacute;rio de Inova&ccedil;&atilde;o e Sa&uacute;de P&uacute;blica, que ocorre no dia 21, das 8h &agrave;s 12h, no Sal&atilde;o Nobre. O objetivo &eacute; inspirar pessoas interessadas em empreender na &aacute;rea da sa&uacute;de com enfoque no SUS, mas v&aacute;lido tamb&eacute;m para a rede particular. Para isso, participam representantes de &oacute;rg&atilde;os com relev&acirc;ncia na &aacute;rea, como da Coordena&ccedil;&atilde;o de Pesquisa Cl&iacute;nica em Produtos para a Sa&uacute;de da Ag&ecirc;ncia Nacional de Vigil&acirc;ncia Sanit&aacute;ria (Anvisa), da Funda&ccedil;&atilde;o de Amparo &agrave; Pesquisa do Estado de Minas Gerais (Fapemig), do Departamento de Ci&ecirc;ncia e Tecnologia (Decit) do Minist&eacute;rio da Sa&uacute;de, al&eacute;m de professores da Faculdade.<\/p>\n<p>Arte: equipe Semana de Inova&ccedil;&atilde;o<br>\nDe acordo com o mestrando Yuri Machado, a tecnologia alinhada a solu&ccedil;&otilde;es criativas possibilita a inova&ccedil;&atilde;o na resolu&ccedil;&atilde;o de problemas habituais da &aacute;rea. &ldquo;A sa&uacute;de tem uma s&eacute;rie de peculiaridades, ent&atilde;o &eacute; importante que as pessoas de outras &aacute;reas tamb&eacute;m saibam sobre essas <a href=\"https:\/\/radardofuturo.com.br\/test\/ddof\/o-que-e-singularidade\/\" target=\"_self\" title='Singularidadesubstantivo feminino1. qualidade ou propriedade do que &eacute; singular.\"a s. de uma ideia\"2. ato, dito ou coisa singular.\"o que atra&iacute;a o p&uacute;blico era a s. dos discursos\" &Eacute; um conceito desenvolvido por cientistas da computa&ccedil;&atilde;o que apostam na perspectiva de uma evolu&ccedil;&atilde;o das tecnologias ao ponto de superar a intelig&ecirc;ncia humana. Singularidade &eacute;, ent&atilde;o, o&hellip;' class=\"encyclopedia\">singularidade<\/a>s e ajudem a resolver os problemas. Por isso, esse evento &eacute; importante ao promover essa integra&ccedil;&atilde;o com &aacute;reas diferentes na busca de novas ideias e solu&ccedil;&otilde;es dos problemas do dia a dia&rdquo;, afirma.<\/p>\n<h2>Sobre o evento<\/h2>\n<p>A Semana &eacute; uma iniciativa da professora do Departamento de Sa&uacute;de Mental, D&eacute;bora Marques de Miranda e do professor do Departamento de Sa&uacute;de Mental, Marco Aur&eacute;lio Romano Silva. O evento tem o apoio da Faculdade de Medicina da UFMG e da &ldquo;venture builder&rdquo; Sa&uacute;de Ventures.<\/p>\n<h4>Servi&ccedil;o<\/h4>\n<blockquote><p><strong>Nome do evento<\/strong>: Semana de Inova&ccedil;&atilde;o em Sa&uacute;de<br>\n<strong>Data<\/strong>: 17 a 21 de agosto de 2019<br>\n<strong>Local do evento<\/strong>: Faculdade de Medicina da UFMG<br>\n<strong>Inscri&ccedil;&otilde;es<\/strong>: clique aqui<br>\n<strong>Mais informa&ccedil;&otilde;es<\/strong>: medicina.ufmg.br\/semanadainovacao\/<br>\nFacebook e Instagram<\/p><\/blockquote>\n","protected":false},"excerpt":{"rendered":"<p>Programa&ccedil;&atilde;o gratuita na Faculdade de Medicina da UFMG aborda novas possibilidades de empreendedorismo e tecnologias voltadas para &aacute;rea da sa&uacute;de.<\/p>\n","protected":false},"author":1,"featured_media":0,"comment_status":"open","ping_status":"open","sticky":false,"template":"","format":"standard","meta":{"tdm_status":"","tdm_grid_status":"","footnotes":"","jetpack_publicize_message":"","jetpack_publicize_feature_enabled":true,"jetpack_social_post_already_shared":true,"jetpack_social_options":{"image_generator_settings":{"template":"highway","enabled":false},"version":2}},"categories":[18],"tags":[],"class_list":{"0":"post-5757","1":"post","2":"type-post","3":"status-publish","4":"format-standard","6":"category-eventos"},"jetpack_publicize_connections":[],"jetpack_featured_media_url":"","post_mailing_queue_ids":[],"_links":{"self":[{"href":"https:\/\/radardofuturo.com.br\/test\/wp-json\/wp\/v2\/posts\/5757","targetHints":{"allow":["GET"]}}],"collection":[{"href":"https:\/\/radardofuturo.com.br\/test\/wp-json\/wp\/v2\/posts"}],"about":[{"href":"https:\/\/radardofuturo.com.br\/test\/wp-json\/wp\/v2\/types\/post"}],"author":[{"embeddable":true,"href":"https:\/\/radardofuturo.com.br\/test\/wp-json\/wp\/v2\/users\/1"}],"replies":[{"embeddable":true,"href":"https:\/\/radardofuturo.com.br\/test\/wp-json\/wp\/v2\/comments?post=5757"}],"version-history":[{"count":0,"href":"https:\/\/radardofuturo.com.br\/test\/wp-json\/wp\/v2\/posts\/5757\/revisions"}],"wp:attachment":[{"href":"https:\/\/radardofuturo.com.br\/test\/wp-json\/wp\/v2\/media?parent=5757"}],"wp:term":[{"taxonomy":"category","embeddable":true,"href":"https:\/\/radardofuturo.com.br\/test\/wp-json\/wp\/v2\/categories?post=5757"},{"taxonomy":"post_tag","embeddable":true,"href":"https:\/\/radardofuturo.com.br\/test\/wp-json\/wp\/v2\/tags?post=5757"}],"curies":[{"name":"wp","href":"https:\/\/api.w.org\/{rel}","templated":true}]}}