{"id":5237,"date":"2019-08-02T10:23:02","date_gmt":"2019-08-02T13:23:02","guid":{"rendered":"https:\/\/radardofuturo.com.br\/?p=5237"},"modified":"2019-08-02T10:23:02","modified_gmt":"2019-08-02T13:23:02","slug":"desafios-e-oportunidades-da-integracao-tecnologica-na-agricultura","status":"publish","type":"post","link":"https:\/\/radardofuturo.com.br\/test\/desafios-e-oportunidades-da-integracao-tecnologica-na-agricultura\/","title":{"rendered":"Desafios e oportunidades da integra\u00e7\u00e3o tecnol\u00f3gica na agricultura"},"content":{"rendered":"<figure id=\"attachment_1845\" aria-describedby=\"caption-attachment-1845\" style=\"width: 960px\" class=\"wp-caption aligncenter\"><a href=\"https:\/\/radardofuturo.com.br\/test\/wp-content\/uploads\/2018\/08\/producao-de-frutas-foto-agencia-brasil.jpg\"><img loading=\"lazy\" decoding=\"async\" class=\"wp-image-1845 size-full\" src=\"https:\/\/radardofuturo.com.br\/test\/wp-content\/uploads\/2018\/08\/producao-de-frutas-foto-agencia-brasil.jpg\" alt=\"Iniciativa aprovada por exportadores &eacute; recebida com preocupa&ccedil;&atilde;o pela agricultura familiarH&aacute; desafios que o agricultor brasileiro precisa encarar para garantir a competitividade de seus produtos. - Foto: Ag&ecirc;ncia Brasil\" width=\"960\" height=\"640\" srcset=\"https:\/\/radardofuturo.com.br\/test\/wp-content\/uploads\/2018\/08\/producao-de-frutas-foto-agencia-brasil.jpg 960w, https:\/\/radardofuturo.com.br\/test\/wp-content\/uploads\/2018\/08\/producao-de-frutas-foto-agencia-brasil-300x200.jpg 300w, https:\/\/radardofuturo.com.br\/test\/wp-content\/uploads\/2018\/08\/producao-de-frutas-foto-agencia-brasil-768x512.jpg 768w, https:\/\/radardofuturo.com.br\/test\/wp-content\/uploads\/2018\/08\/producao-de-frutas-foto-agencia-brasil-480x320.jpg 480w\" sizes=\"auto, (max-width: 960px) 100vw, 960px\"><\/a><figcaption id=\"caption-attachment-1845\" class=\"wp-caption-text\">Iniciativa aprovada por exportadores &eacute; recebida com preocupa&ccedil;&atilde;o pela agricultura familiarH&aacute; desafios que o agricultor brasileiro precisa encarar para garantir a competitividade de seus produtos. &ndash; Foto: Ag&ecirc;ncia Brasil<\/figcaption><\/figure>\n<p><!--more--><\/p>\n<p>* Roberson Marczak<\/p>\n<p>Para uma grande parcela da popula&ccedil;&atilde;o mundial, sobretudo entre os grupos que fazem parte da cadeia produtiva agropecu&aacute;ria, n&atilde;o h&aacute; d&uacute;vidas a respeito de que a pesquisa, desenvolvimento e uso de produtos e ferramentas tecnol&oacute;gicas s&atilde;o cada vez mais fundamentais, n&atilde;o apenas para a expans&atilde;o da produtividade, mas tamb&eacute;m para o atendimento a demandas simult&acirc;neas, ligadas ao uso racional e renov&aacute;vel de recursos naturais. Considerando este cen&aacute;rio, h&aacute; desafios que o agricultor brasileiro precisa encarar para garantir a competitividade de seus produtos.<\/p>\n<p>Hoje, podemos colher dados precisos e assertivos de microclima por meio de modernas esta&ccedil;&otilde;es meteorol&oacute;gicas, reduzir a deriva em pulveriza&ccedil;&otilde;es a&eacute;reas por meio de equipamentos que direcionam a aplica&ccedil;&atilde;o e a resguardam da a&ccedil;&atilde;o dos ventos, ou at&eacute; mesmo sistemas de monitoramento das m&aacute;quinas agr&iacute;colas. A principal quest&atilde;o atrelada ao uso destes dispositivos est&aacute; na busca pela infraestrutura necess&aacute;ria para associar todas estas fontes de dados e promover uma opera&ccedil;&atilde;o integrada entre elas, gerando n&atilde;o apenas dados estanques, mas informa&ccedil;&atilde;o de valor para o agricultor.<\/p>\n<p>Para o futuro da agricultura, h&aacute; um claro direcionamento de que estas informa&ccedil;&otilde;es, integradas em uma plataforma &uacute;nica, n&atilde;o apenas forne&ccedil;am os dados de forma isolada, mas que tamb&eacute;m ofere&ccedil;am direcionamentos e solu&ccedil;&otilde;es para o agricultor, levando em considera&ccedil;&atilde;o a situa&ccedil;&atilde;o de suas lavouras. Desta forma, a tecnologia perde, gradativamente, seus aspectos secund&aacute;rios de apoio ao agricultor e passa a ser determinante para a tomada de decis&otilde;es no campo.<\/p>\n<p>Ainda que este cen&aacute;rio de <a href=\"https:\/\/radardofuturo.com.br\/test\/ddof\/o-que-sao-tendencias\/\" target=\"_self\" title=\"Confira o que s&atilde;o tend&ecirc;ncias, os fatos ou fen&ocirc;menos que podem acontecer em algum momento adiante na hist&oacute;ria da sociedade, como um novo comportamento individual ou de um grupo\" class=\"encyclopedia\">tend&ecirc;ncias<\/a> seja imprescind&iacute;vel para compreender as din&acirc;micas produtivas do campo, n&atilde;o podemos deixar de lado o elemento humano dentro de todo o processo. A assertividade e a precis&atilde;o dos algoritmos e sistemas de informa&ccedil;&atilde;o n&atilde;o possuem a fun&ccedil;&atilde;o de substituir, e sim de se conectar com os aspectos conscientes, sens&iacute;veis e primordiais do trabalho dos engenheiros agr&ocirc;nomos, que recomendam as melhores pr&aacute;ticas de acordo com seu conhecimento e expertise.<\/p>\n<p>A todos n&oacute;s, profissionais, entusiastas e agentes transformadores do agroneg&oacute;cio, cabe acompanhar, com cuidado e aten&ccedil;&atilde;o, o fluxo destas transforma&ccedil;&otilde;es no mercado e nos atermos &agrave; consci&ecirc;ncia de que, assim como servi&ccedil;os agrodigitais devem ser integrados entre si, os trabalhadores rurais tamb&eacute;m devem ser integrados ao universo tecnol&oacute;gico, de forma que seja vi&aacute;vel\/poss&iacute;vel vislumbrar o agroneg&oacute;cio de forma pr&oacute;spera, din&acirc;mica e respons&aacute;vel em todas as esferas de compreens&atilde;o.<\/p>\n<hr>\n<ul>\n<li><em>Roberson Marczak &eacute; gerente de Inova&ccedil;&atilde;o da ADAMA Brasil<\/em><\/li>\n<\/ul>\n","protected":false},"excerpt":{"rendered":"","protected":false},"author":1,"featured_media":1845,"comment_status":"open","ping_status":"open","sticky":false,"template":"","format":"standard","meta":{"tdm_status":"","tdm_grid_status":"","footnotes":"","jetpack_publicize_message":"","jetpack_publicize_feature_enabled":true,"jetpack_social_post_already_shared":true,"jetpack_social_options":{"image_generator_settings":{"template":"highway","enabled":false},"version":2}},"categories":[36,16],"tags":[569,571,1117,1118],"class_list":{"0":"post-5237","1":"post","2":"type-post","3":"status-publish","4":"format-standard","5":"has-post-thumbnail","7":"category-pensadores-futuro","8":"category-tendencias-setores","9":"tag-agricultura","10":"tag-agronegocio","11":"tag-futuro-da-agricultura","12":"tag-futuro-do-agronegocio"},"jetpack_publicize_connections":[],"jetpack_featured_media_url":"https:\/\/radardofuturo.com.br\/test\/wp-content\/uploads\/2018\/08\/producao-de-frutas-foto-agencia-brasil.jpg","post_mailing_queue_ids":[],"_links":{"self":[{"href":"https:\/\/radardofuturo.com.br\/test\/wp-json\/wp\/v2\/posts\/5237","targetHints":{"allow":["GET"]}}],"collection":[{"href":"https:\/\/radardofuturo.com.br\/test\/wp-json\/wp\/v2\/posts"}],"about":[{"href":"https:\/\/radardofuturo.com.br\/test\/wp-json\/wp\/v2\/types\/post"}],"author":[{"embeddable":true,"href":"https:\/\/radardofuturo.com.br\/test\/wp-json\/wp\/v2\/users\/1"}],"replies":[{"embeddable":true,"href":"https:\/\/radardofuturo.com.br\/test\/wp-json\/wp\/v2\/comments?post=5237"}],"version-history":[{"count":0,"href":"https:\/\/radardofuturo.com.br\/test\/wp-json\/wp\/v2\/posts\/5237\/revisions"}],"wp:featuredmedia":[{"embeddable":true,"href":"https:\/\/radardofuturo.com.br\/test\/wp-json\/wp\/v2\/media\/1845"}],"wp:attachment":[{"href":"https:\/\/radardofuturo.com.br\/test\/wp-json\/wp\/v2\/media?parent=5237"}],"wp:term":[{"taxonomy":"category","embeddable":true,"href":"https:\/\/radardofuturo.com.br\/test\/wp-json\/wp\/v2\/categories?post=5237"},{"taxonomy":"post_tag","embeddable":true,"href":"https:\/\/radardofuturo.com.br\/test\/wp-json\/wp\/v2\/tags?post=5237"}],"curies":[{"name":"wp","href":"https:\/\/api.w.org\/{rel}","templated":true}]}}