{"id":5181,"date":"2019-08-01T17:49:26","date_gmt":"2019-08-01T20:49:26","guid":{"rendered":"https:\/\/radardofuturo.com.br\/?p=5181"},"modified":"2019-08-01T17:49:26","modified_gmt":"2019-08-01T20:49:26","slug":"eolica-e-a-segunda-fonte-na-matriz-energetica-brasileira","status":"publish","type":"post","link":"https:\/\/radardofuturo.com.br\/test\/eolica-e-a-segunda-fonte-na-matriz-energetica-brasileira\/","title":{"rendered":"E\u00f3lica \u00e9 a segunda fonte na matriz energ\u00e9tica brasileira"},"content":{"rendered":"<p><figure id=\"attachment_5182\" aria-describedby=\"caption-attachment-5182\" style=\"width: 1024px\" class=\"wp-caption alignnone\"><img loading=\"lazy\" decoding=\"async\" src=\"https:\/\/radardofuturo.com.br\/test\/wp-content\/uploads\/2019\/08\/energia-e%C3%B3lica-1024x685.jpg\" alt=\"Brasil tem mais de 7 mil aerogeradores em 601 parques e&oacute;licos.Foto por Pixabay.\" width=\"1024\" height=\"685\" class=\"size-large wp-image-5182\" srcset=\"https:\/\/radardofuturo.com.br\/test\/wp-content\/uploads\/2019\/08\/energia-e&oacute;lica-1024x685.jpg 1024w, https:\/\/radardofuturo.com.br\/test\/wp-content\/uploads\/2019\/08\/energia-e&oacute;lica-300x201.jpg 300w, https:\/\/radardofuturo.com.br\/test\/wp-content\/uploads\/2019\/08\/energia-e&oacute;lica-768x514.jpg 768w, https:\/\/radardofuturo.com.br\/test\/wp-content\/uploads\/2019\/08\/energia-e&oacute;lica-480x320.jpg 480w, https:\/\/radardofuturo.com.br\/test\/wp-content\/uploads\/2019\/08\/energia-e&oacute;lica.jpg 1920w\" sizes=\"auto, (max-width: 1024px) 100vw, 1024px\"><figcaption id=\"caption-attachment-5182\" class=\"wp-caption-text\"><br>Brasil tem mais de 7 mil aerogeradores em 601 parques e&oacute;licos.Foto por Pixabay.<\/figcaption><\/figure><br>\n<!--more--><\/p>\n<p>O Brasil se depara com o crescimento da energia e&oacute;lica e ocupa a oitava posi&ccedil;&atilde;o no ranking mundial de capacidade instalada, que cresceu 15 vezes na &uacute;ltima d&eacute;cada. Especialistas acreditam que a fonte de energia renov&aacute;vel tem bastante espa&ccedil;o para crescer e esperam que em 2023 haja cerca de 19,4 GW de capacidade instalada no pa&iacute;s.<\/p>\n<p>A e&oacute;lica representa 9,2% da matriz energ&eacute;tica nacional, ficando atr&aacute;s apenas das usinas hidrel&eacute;tricas, que t&ecirc;m 60,3%. De acordo com dados da Associa&ccedil;&atilde;o Brasileira de Energia E&oacute;lica (ABEE&oacute;lica), no Brasil, a fonte de energia deu um salto de 1 GW de capacidade instalada em 2010 para 15,1 GW em 2019. <\/p>\n<p>Dos 15 GW de capacidade de energia e&oacute;lica instalada, 86% est&atilde;o no Nordeste, sendo que outros 4,6 GW j&aacute; est&atilde;o contratados ou em constru&ccedil;&atilde;o, o que significa que, ao final de 2023 ser&atilde;o 19,7 GW. Segundo os dados da ABEE&oacute;lica, o Brasil tem mais de 7 mil aerogeradores em 601 parques e&oacute;licos, em 12 estados.<\/p>\n<p>&ldquo;Se considerarmos que a energia e&oacute;lica tinha cerca de 1 GW instalado em 2011 &eacute; um feito realmente impressionante chegarmos a ocupar este lugar de destaque na matriz el&eacute;trica. Acho fundamental destacar que h&aacute; diferentes formas de observar a matriz el&eacute;trica de um pa&iacute;s e uma das possibilidades &eacute; considerar a fonte prim&aacute;ria de gera&ccedil;&atilde;o, ou seja, qual &eacute; o recurso utilizado para a gera&ccedil;&atilde;o el&eacute;trica. Acredito que esta &eacute; uma forma de apresenta&ccedil;&atilde;o que nos d&aacute; uma vis&atilde;o interessante e detalhada do que estamos utilizando para produzir energia no Brasil e, neste caso, o vento &eacute; a segunda fonte do Pa&iacute;s&rdquo;, informa Elbia Gannoum, presidente da ABEE&oacute;lica. <\/p>\n<p>Para Elbia, al&eacute;m do crescimento consistente do setor e&oacute;lico no Brasil, outro fator que merece destaque &eacute; a qualidade dos ventos. Enquanto a m&eacute;dia mundial do fator de capacidade est&aacute; em torno de 25%, o Fator de Capacidade m&eacute;dio brasileiro em 2018 foi de 42%. &ldquo;No Nordeste, durante a temporada de safra dos ventos, que vai de junho a novembro, &eacute; bastante comum parques atingirem fatores de capacidade que passam dos 80%. Isso faz com que a produ&ccedil;&atilde;o dos aerogeradores instalados em solo brasileiro seja muito maior que as mesmas m&aacute;quinas em outros pa&iacute;ses. Somos aben&ccedil;oados n&atilde;o apenas pela grande quantidade de vento, mas tamb&eacute;m pela qualidade dele&rdquo;, comenta Elbia.<\/p>\n<p>De acordo com dados da C&acirc;mara de Comercializa&ccedil;&atilde;o de Energia El&eacute;trica (CCEE), em 2018, foram gerados 48,4 TWh de energia el&eacute;trica, o que representou 8,6% de toda a gera&ccedil;&atilde;o injetada no Sistema Interligado Nacional no per&iacute;odo. Em rela&ccedil;&atilde;o a 2017, foi registrado um crescimento de 14,6% na gera&ccedil;&atilde;o de energia e&oacute;lica, enquanto a gera&ccedil;&atilde;o como um todo cresceu 1,5% no mesmo per&iacute;odo. &ldquo;Se quisermos trazer isso para uma compreens&atilde;o mais pr&oacute;xima da nossa realidade, d&aacute; para dizer que o que as e&oacute;licas produziram de energia no ano passado, em m&eacute;dia, seria o suficiente para abastecer 25,5 milh&otilde;es de resid&ecirc;ncias ou cerca de 80 milh&otilde;es de pessoas&rdquo;, explica Elbia.<\/p>\n<p>Segundo informa&ccedil;&otilde;es da ABEE&oacute;lica, especificamente no Nordeste, os recordes de atendimentos a carga j&aacute; ultrapassam 70% em uma base di&aacute;ria, sendo que o dado mais recente de recorde reme a 13 de novembro de 2018, &agrave;s 9h11, quando todo o Nordeste foi atendido por energia e&oacute;lica e ainda  houve exporta&ccedil;&atilde;o dessa fonte de energia, pois o volume de 8.920 MW atendeu 104% da  demanda com 86% de fator de capacidade. Na mesma data, por um per&iacute;odo de duas horas, o Nordeste foi abastecido em 100% por energia e&oacute;lica. Ainda, de acordo com a ABEE&oacute;lica, por diversos per&iacute;odos, o Nordeste assume a figura de exportador de energia, realidade totalmente oposta ao hist&oacute;rico de natureza de importador de energia.<\/p>\n<p>Considerando que novos leil&otilde;es e contratos de mercado podem surgir, os n&uacute;meros relacionados ao avan&ccedil;o do crescimento da capacidade e&oacute;lica no pa&iacute;s tendem a aumentar de modo significativo. A proje&ccedil;&atilde;o &eacute; que as fontes de energia que mais v&atilde;o crescer no pa&iacute;s nos pr&oacute;ximos 30 anos ser&atilde;o a e&oacute;lica e a solar. Mas, considerando que novos leil&otilde;es e novos tendem a aumentar significantemente.<\/p>\n<p>&ldquo;Sempre que falamos de contrata&ccedil;&otilde;es e do futuro da fonte e&oacute;lica no Brasil, gosto de reiterar um conceito muito importante: nossa matriz el&eacute;trica tem a admir&aacute;vel qualidade de ser diversificada e assim deve continuar. Cada fonte tem seus m&eacute;ritos e precisamos de todas, especialmente se considerarmos que a expans&atilde;o da matriz deve se dar majoritariamente por fontes renov&aacute;veis. Do lado da energia e&oacute;lica, o que podemos dizer &eacute; que a escolha de sua contrata&ccedil;&atilde;o faz sentido do ponto de vista t&eacute;cnico, social, ambiental e econ&ocirc;mico, j&aacute; que tem sido a mais competitiva nos &uacute;ltimos leil&otilde;es&rdquo;, resume Elbia Gannoum.<\/p>\n<p>Fonte: ABEE&oacute;lica.<\/p>\n","protected":false},"excerpt":{"rendered":"","protected":false},"author":1,"featured_media":0,"comment_status":"open","ping_status":"open","sticky":false,"template":"","format":"standard","meta":{"tdm_status":"","tdm_grid_status":"","footnotes":"","jetpack_publicize_message":"","jetpack_publicize_feature_enabled":true,"jetpack_social_post_already_shared":true,"jetpack_social_options":{"image_generator_settings":{"template":"highway","enabled":false},"version":2}},"categories":[20,16,1423],"tags":[],"class_list":{"0":"post-5181","1":"post","2":"type-post","3":"status-publish","4":"format-standard","6":"category-destaques","7":"category-tendencias-setores","8":"category-sustentabilidade"},"jetpack_publicize_connections":[],"jetpack_featured_media_url":"","post_mailing_queue_ids":[],"_links":{"self":[{"href":"https:\/\/radardofuturo.com.br\/test\/wp-json\/wp\/v2\/posts\/5181","targetHints":{"allow":["GET"]}}],"collection":[{"href":"https:\/\/radardofuturo.com.br\/test\/wp-json\/wp\/v2\/posts"}],"about":[{"href":"https:\/\/radardofuturo.com.br\/test\/wp-json\/wp\/v2\/types\/post"}],"author":[{"embeddable":true,"href":"https:\/\/radardofuturo.com.br\/test\/wp-json\/wp\/v2\/users\/1"}],"replies":[{"embeddable":true,"href":"https:\/\/radardofuturo.com.br\/test\/wp-json\/wp\/v2\/comments?post=5181"}],"version-history":[{"count":0,"href":"https:\/\/radardofuturo.com.br\/test\/wp-json\/wp\/v2\/posts\/5181\/revisions"}],"wp:attachment":[{"href":"https:\/\/radardofuturo.com.br\/test\/wp-json\/wp\/v2\/media?parent=5181"}],"wp:term":[{"taxonomy":"category","embeddable":true,"href":"https:\/\/radardofuturo.com.br\/test\/wp-json\/wp\/v2\/categories?post=5181"},{"taxonomy":"post_tag","embeddable":true,"href":"https:\/\/radardofuturo.com.br\/test\/wp-json\/wp\/v2\/tags?post=5181"}],"curies":[{"name":"wp","href":"https:\/\/api.w.org\/{rel}","templated":true}]}}