{"id":4633,"date":"2019-07-16T08:20:29","date_gmt":"2019-07-16T11:20:29","guid":{"rendered":"https:\/\/radardofuturo.com.br\/?p=4633"},"modified":"2019-07-16T08:20:29","modified_gmt":"2019-07-16T11:20:29","slug":"futuro-da-construcao-civil-nacional-em-debate-em-sao-paulo","status":"publish","type":"post","link":"https:\/\/radardofuturo.com.br\/test\/futuro-da-construcao-civil-nacional-em-debate-em-sao-paulo\/","title":{"rendered":"Futuro da constru\u00e7\u00e3o civil nacional em debate em S\u00e3o Paulo"},"content":{"rendered":"<p>Autoridades e especialistas do setor se re&uacute;nem em S&atilde;o Paulo (SP), em agosto, para discutir os rumos deste mercado no Pa&iacute;s.<!--more--><\/p>\n<p>Tradicional ponto de encontro da constru&ccedil;&atilde;o civil nacional, o Concrete Show, &uacute;nico evento da Am&eacute;rica Latina dedicado &agrave;s cadeias construtivas do cimento e do concreto, chega &agrave; 12&ordf; edi&ccedil;&atilde;o repleto de novidades, inclusive em sua programa&ccedil;&atilde;o de palestras, reconhecida como uma das mais completas do setor.<\/p>\n<p>Um dos atrativos da feira, que ocorre de 14 a 16 de agosto no S&atilde;o Paulo Expo, ser&aacute; a realiza&ccedil;&atilde;o, pela primeira vez, do F&oacute;rum de Neg&oacute;cios e Inova&ccedil;&atilde;o no Mercado da Constru&ccedil;&atilde;o, voltado aos players e executivos de alto escal&atilde;o do setor, o chamado C-Level. Agendado para ocorrer no primeiro dia de evento, das 14h &agrave;s 18h, dentro da &aacute;rea de exposi&ccedil;&atilde;o do pavilh&atilde;o, o semin&aacute;rio, limitado para aproximadamente 200 pessoas, reserva aos profissionais do segmento o debate a respeito dos novos rumos da constru&ccedil;&atilde;o civil no Brasil.<\/p>\n<p>Para discutir o futuro do setor, executivos, especialistas e representantes governamentais j&aacute; est&atilde;o confirmados para o f&oacute;rum. A abertura, &agrave;s 14h, contar&aacute; com os presidentes da Informa Markets, promotora e organizadora do Concrete Show, e da Associa&ccedil;&atilde;o Brasileira de Cimento Portland (ABCP), Marco Basso e Paulo Camilo, respectivamente.<\/p>\n<p>Logo ap&oacute;s, &agrave;s 14h15, a economista-chefe da XP Investimentos, Zeina Latif, dissertar&aacute; sobre as <a href=\"https:\/\/radardofuturo.com.br\/test\/ddof\/o-que-sao-tendencias\/\" target=\"_self\" title=\"Confira o que s&atilde;o tend&ecirc;ncias, os fatos ou fen&ocirc;menos que podem acontecer em algum momento adiante na hist&oacute;ria da sociedade, como um novo comportamento individual ou de um grupo\" class=\"encyclopedia\">tend&ecirc;ncias<\/a> macroecon&ocirc;micas do Pa&iacute;s. Mais tarde, &agrave;s 15h, ser&aacute; a vez do painel &ldquo;Inova&ccedil;&atilde;o e Perspectivas no Setor de Infraestrutura&rdquo;, com as participa&ccedil;&otilde;es do subsecret&aacute;rio de planejamento da infraestrutura nacional, Fabiano Pompermayer; da diretora da Escola Polit&eacute;cnica da Universidade de S&atilde;o Paulo, Liede Bernucci; do vice-presidente do Conselho Superior da Ind&uacute;stria da Constru&ccedil;&atilde;o, &oacute;rg&atilde;o da Federa&ccedil;&atilde;o das Ind&uacute;strias do Estado de S&atilde;o Paulo (Consic-FIESP), Carlos Manoel Rossito; do diretor superintendente da Engeform Engenharia, Andr&eacute; Abucham; do CEO da Cimento Planalto, S&eacute;rgio Bautz; entre outras.<\/p>\n<p>Por fim, &agrave;s 17h, o painel &ldquo;O Papel e a Import&acirc;ncia da Inova&ccedil;&atilde;o na Competitividade no Segmento de Edifica&ccedil;&otilde;es&rdquo; ganha espa&ccedil;o, com nomes como o do professor especialista em inova&ccedil;&atilde;o da Escola Polit&eacute;cnica da Universidade de S&atilde;o Paulo e membro da coordena&ccedil;&atilde;o das engenharias da Funda&ccedil;&atilde;o de Amparo &agrave; Pesquisa do Estado de S&atilde;o Paulo (FAPESP), Vanderley John; e do diretor executivo da Associa&ccedil;&atilde;o Brasileira das Entidades de Cr&eacute;dito Imobili&aacute;rio e Poupan&ccedil;a (ABECIP), Filipe Pontual, entre os confirmados.<\/p>\n<p>&ldquo;Com a realiza&ccedil;&atilde;o deste evento in&eacute;dito, queremos proporcionar uma experi&ecirc;ncia &uacute;nica aos executivos que visitam a Concrete Show todos os anos e fazem os neg&oacute;cios acontecerem, al&eacute;m de oferecer conte&uacute;dos diferenciados e atrativos para aqueles que marcam presen&ccedil;a no evento pela primeira vez&rdquo;, destaca a gerente geral do portf&oacute;lio de infraestrutura da Informa Markets, M&aacute;rcia Gon&ccedil;alves.<\/p>\n<h2>12&ordf; Concrete Show<\/h2>\n<ul>\n<li>Data: De 14 a 16 de agosto de 2019.<\/li>\n<li>Hor&aacute;rio: Dia 14 &ndash; Das 13 &agrave;s 20 horas \/ Dias 15 e 16 &ndash; Das 10 &agrave;s 20 horas.<\/li>\n<li>Local: S&atilde;o Paulo Expo.<\/li>\n<li>Endere&ccedil;o: Rodovia dos Imigrantes, Km 1,5, Vila &Aacute;gua Funda &ndash; S&atilde;o Paulo-SP.<\/li>\n<\/ul>\n<p>&nbsp;<\/p>\n<h4>Assessoria de Imprensa &ndash; Concrete Show 2019<\/h4>\n<ul>\n<li>Conte&uacute;do Empresarial &ndash; Comunica&ccedil;&atilde;o Integrada<\/li>\n<li>11 &ndash; 3230-7434 \/ 13 &ndash; 99201-9564<\/li>\n<\/ul>\n<h4>Sobre o Concrete Show &ndash; <a href=\"http:\/\/www.concreteshow.com.br\" target=\"_blank\" rel=\"noopener\">www.concreteshow.com.br<\/a><\/h4>\n<p>&Uacute;nico evento da Am&eacute;rica Latina a reunir toda a cadeia produtiva do concreto, o Concrete Show chega &agrave; 12&ordf; edi&ccedil;&atilde;o em 2019. Realizado h&aacute; mais de 10 anos, re&uacute;ne, anualmente, mais de 350 marcas expositoras ao longo de tr&ecirc;s dias de evento, com solu&ccedil;&otilde;es de mais de 50 segmentos: desde equipamentos para terraplenagem, canteiros de obras e projetos estruturais, at&eacute; tecnologias de ponta para a cadeia produtiva do concreto. Reconhecido como um dos mais importantes pontos de encontro da constru&ccedil;&atilde;o civil, neste ano o evento j&aacute; tem data marcada e acontece de 14 a 16 de agosto no S&atilde;o Paulo Expo, em S&atilde;o Paulo (SP), organizado pela Informa Markets &ndash; que em junho de 2018, tornou-se o grupo l&iacute;der em servi&ccedil;os de informa&ccedil;&otilde;es B2B e o maior organizador de eventos B2B no mundo.<\/p>\n<h4>Sobre a Informa Markets<\/h4>\n<p>A Informa Markets cria plataformas para ind&uacute;strias e mercados especializados para fazer neg&oacute;cios, inovar e crescer. Nosso portf&oacute;lio global &eacute; composto por mais de 550 eventos e marcas internacionais, sendo mais de 30 no Brasil, em mercados como Sa&uacute;de e Nutri&ccedil;&atilde;o, Infraestrutura, Constru&ccedil;&atilde;o, Alimentos e Bebidas, Agroneg&oacute;cio, Tecnologia e Telecom, Metal Mec&acirc;nico, entre outros. Oferecemos aos clientes e parceiros em todo o mundo oportunidades de networking, de viver experi&ecirc;ncias e de fazer neg&oacute;cios por meio de feiras e eventos presenciais, conte&uacute;do digital especializado e solu&ccedil;&otilde;es de intelig&ecirc;ncia de mercado, construindo uma jornada de relacionamento e neg&oacute;cios entre empresas e mercados 365 dias por ano. Para mais informa&ccedil;&otilde;es, visite: www.informamarkets.com.<\/p>\n","protected":false},"excerpt":{"rendered":"<p>Autoridades e especialistas do setor se re&uacute;nem em S&atilde;o Paulo (SP), em agosto, para discutir os rumos deste mercado no Pa&iacute;s.<\/p>\n","protected":false},"author":1,"featured_media":0,"comment_status":"open","ping_status":"open","sticky":false,"template":"","format":"standard","meta":{"tdm_status":"","tdm_grid_status":"","footnotes":"","jetpack_publicize_message":"","jetpack_publicize_feature_enabled":true,"jetpack_social_post_already_shared":true,"jetpack_social_options":{"image_generator_settings":{"template":"highway","enabled":false},"version":2}},"categories":[18],"tags":[],"class_list":{"0":"post-4633","1":"post","2":"type-post","3":"status-publish","4":"format-standard","6":"category-eventos"},"jetpack_publicize_connections":[],"jetpack_featured_media_url":"","post_mailing_queue_ids":[],"_links":{"self":[{"href":"https:\/\/radardofuturo.com.br\/test\/wp-json\/wp\/v2\/posts\/4633","targetHints":{"allow":["GET"]}}],"collection":[{"href":"https:\/\/radardofuturo.com.br\/test\/wp-json\/wp\/v2\/posts"}],"about":[{"href":"https:\/\/radardofuturo.com.br\/test\/wp-json\/wp\/v2\/types\/post"}],"author":[{"embeddable":true,"href":"https:\/\/radardofuturo.com.br\/test\/wp-json\/wp\/v2\/users\/1"}],"replies":[{"embeddable":true,"href":"https:\/\/radardofuturo.com.br\/test\/wp-json\/wp\/v2\/comments?post=4633"}],"version-history":[{"count":0,"href":"https:\/\/radardofuturo.com.br\/test\/wp-json\/wp\/v2\/posts\/4633\/revisions"}],"wp:attachment":[{"href":"https:\/\/radardofuturo.com.br\/test\/wp-json\/wp\/v2\/media?parent=4633"}],"wp:term":[{"taxonomy":"category","embeddable":true,"href":"https:\/\/radardofuturo.com.br\/test\/wp-json\/wp\/v2\/categories?post=4633"},{"taxonomy":"post_tag","embeddable":true,"href":"https:\/\/radardofuturo.com.br\/test\/wp-json\/wp\/v2\/tags?post=4633"}],"curies":[{"name":"wp","href":"https:\/\/api.w.org\/{rel}","templated":true}]}}