{"id":4552,"date":"2019-07-11T13:09:31","date_gmt":"2019-07-11T16:09:31","guid":{"rendered":"https:\/\/radardofuturo.com.br\/?p=4552"},"modified":"2019-07-11T13:09:31","modified_gmt":"2019-07-11T16:09:31","slug":"religiao-passa-por-profundo-processo-de-transicao-no-brasil","status":"publish","type":"post","link":"https:\/\/radardofuturo.com.br\/test\/religiao-passa-por-profundo-processo-de-transicao-no-brasil\/","title":{"rendered":"Religi\u00e3o passa por profundo processo de transi\u00e7\u00e3o no Brasil"},"content":{"rendered":"<figure id=\"attachment_4562\" aria-describedby=\"caption-attachment-4562\" style=\"width: 1024px\" class=\"wp-caption aligncenter\"><a href=\"https:\/\/radardofuturo.com.br\/test\/wp-content\/uploads\/2019\/07\/culto-igreja-religioes-evangelicos-catolicos-foto-luis-quintero-pexels.jpeg\"><img loading=\"lazy\" decoding=\"async\" class=\"size-large wp-image-4562\" src=\"https:\/\/radardofuturo.com.br\/test\/wp-content\/uploads\/2019\/07\/culto-igreja-religioes-evangelicos-catolicos-foto-luis-quintero-pexels-1024x683.jpeg\" alt=\"Em 2022, cat&oacute;licos ser&atilde;o menos de 50% da popula&ccedil;&atilde;o brasileira. Os evang&eacute;licos ser&atilde;o maioria em 2032. Foto: Luis Quintero\/Pexels\" width=\"1024\" height=\"683\" srcset=\"https:\/\/radardofuturo.com.br\/test\/wp-content\/uploads\/2019\/07\/culto-igreja-religioes-evangelicos-catolicos-foto-luis-quintero-pexels-1024x683.jpeg 1024w, https:\/\/radardofuturo.com.br\/test\/wp-content\/uploads\/2019\/07\/culto-igreja-religioes-evangelicos-catolicos-foto-luis-quintero-pexels-300x200.jpeg 300w, https:\/\/radardofuturo.com.br\/test\/wp-content\/uploads\/2019\/07\/culto-igreja-religioes-evangelicos-catolicos-foto-luis-quintero-pexels-768x512.jpeg 768w, https:\/\/radardofuturo.com.br\/test\/wp-content\/uploads\/2019\/07\/culto-igreja-religioes-evangelicos-catolicos-foto-luis-quintero-pexels-480x320.jpeg 480w\" sizes=\"auto, (max-width: 1024px) 100vw, 1024px\"><\/a><figcaption id=\"caption-attachment-4562\" class=\"wp-caption-text\">Em 2022, cat&oacute;licos ser&atilde;o menos de 50% da popula&ccedil;&atilde;o brasileira. Os evang&eacute;licos ser&atilde;o maioria em 2032. Foto: Luis Quintero\/Pexels<\/figcaption><\/figure>\n<p><!--more--><\/p>\n<p><em>Carlos Teixeira<\/em><br>\n<em>Radar do Futuro<\/em><\/p>\n<p>&ldquo;O Brasil est&aacute; passando por uma grande transforma&ccedil;&atilde;o religiosa que j&aacute; est&aacute; impactando o presente e vai impactar ainda mais o futuro&rdquo;. Diminui o n&uacute;mero de cat&oacute;licos, que ser&atilde;o menos da metade dos brasileiros em 2022, cresce o de evang&eacute;licos, dos &ldquo;sem religi&atilde;o&rdquo; e, de forma geral, o pluralismo religioso se amplia no pa&iacute;s. Os dados que retratam essa transforma&ccedil;&atilde;o foram apresentados pelo professor Jos&eacute; Eust&aacute;quio Alves (ENCE\/IBGE), soci&oacute;logo, doutor em demografia e professor Jos&eacute; Eust&aacute;quio Alves, no semin&aacute;rio &ldquo;Religi&atilde;o e Pol&iacute;tica: um olhar sobre o campo religioso brasileiro&rdquo;, promovido em maio pela PUC-SP.<\/p>\n<p>O fen&ocirc;meno n&atilde;o &eacute; exclusivo do Brasil. &ldquo;Est&aacute; ocorrendo em toda a Am&eacute;rica Latina&rdquo;, como mostra o levantamento &ldquo;<b><a href=\"https:\/\/www.pewforum.org\/2014\/11\/13\/religion-in-latin-america\/\" target=\"_blank\" rel=\"noopener\">Religi&atilde;o na Am&eacute;rica Latina<\/a><\/b>&rdquo;, divulgado em 2014, pelo Instituto de Pesquisa Pew. Segundo o professor Jos&eacute; Eust&aacute;quio, a transi&ccedil;&atilde;o religiosa estava em processo em pa&iacute;ses pequenos como Nicar&aacute;gua, Honduras e Guatemala que se tornaram territ&oacute;rios de maioria evang&eacute;lica. Entre os grandes pa&iacute;ses da Am&eacute;rica Latina, no entanto, o Brasil &eacute; onde esse fen&ocirc;meno est&aacute; mais avan&ccedil;ado. &ldquo;Somos ainda o maior pa&iacute;s cat&oacute;lico do mundo, mas a coroa do Vaticano est&aacute; se transformando&rdquo;, avalia o especialista em entrevista publicada no site <a href=\"https:\/\/www.cartamaior.com.br\/?\/Editoria\/Sociedade-e-Cultura\/O-fenomeno-evangelico-em-numeros\/52\/44150\" target=\"_blank\" rel=\"noopener\">Carta Maior<\/a>.<\/p>\n<p>Globalmente, tamb&eacute;m h&aacute; uma revis&atilde;o do papel dos deuses e das religi&otilde;es. No Reino Unido, apenas 1% das pessoas com idade entre 18 e 24 anos se identifica como membro da Igreja Anglicana. Um estudo da British Social Attitudes (BSA) revela que mesmo entre a popula&ccedil;&atilde;o com mais de 75 anos, a faixa et&aacute;ria mais religiosa, apenas uma em cada tr&ecirc;s pessoas se insere no grupo dos seguidores da religi&atilde;o. Para a empresa respons&aacute;vel pela pesquisa, o decl&iacute;nio constante da cren&ccedil;a religiosa entre o p&uacute;blico brit&acirc;nico &eacute; uma das <a href=\"https:\/\/radardofuturo.com.br\/test\/ddof\/o-que-sao-tendencias\/\" target=\"_self\" title=\"Confira o que s&atilde;o tend&ecirc;ncias, os fatos ou fen&ocirc;menos que podem acontecer em algum momento adiante na hist&oacute;ria da sociedade, como um novo comportamento individual ou de um grupo\" class=\"encyclopedia\">tend&ecirc;ncias<\/a> mais importantes da hist&oacute;ria do p&oacute;s-guerra.<\/p>\n<h2>Tend&ecirc;ncias das igrejas<\/h2>\n<p>Segundo o estudioso, um dos autores do estudo &ldquo;Distribui&ccedil;&atilde;o espacial da transi&ccedil;&atilde;o religiosa no Brasil&rdquo; (Tempo Social, 2017), o n&uacute;mero de evang&eacute;licos deve superar o de cat&oacute;licos em 2032. Como resultado das <a href=\"https:\/\/radardofuturo.com.br\/test\/ddof\/o-que-sao-tendencias\/\" target=\"_self\" title=\"Confira o que s&atilde;o tend&ecirc;ncias, os fatos ou fen&ocirc;menos que podem acontecer em algum momento adiante na hist&oacute;ria da sociedade, como um novo comportamento individual ou de um grupo\" class=\"encyclopedia\">tend&ecirc;ncias<\/a>, fundamentadas em indicadores e estudos, j&aacute; em 2022, no segundo centen&aacute;rio da independ&ecirc;ncia do Brasil da coroa portuguesa, os cat&oacute;licos ser&atilde;o menos de 50% da popula&ccedil;&atilde;o brasileira.<\/p>\n<p>A transi&ccedil;&atilde;o religiosa, explica, diz respeito a quatro <a href=\"https:\/\/radardofuturo.com.br\/test\/ddof\/o-que-sao-tendencias\/\" target=\"_self\" title=\"Confira o que s&atilde;o tend&ecirc;ncias, os fatos ou fen&ocirc;menos que podem acontecer em algum momento adiante na hist&oacute;ria da sociedade, como um novo comportamento individual ou de um grupo\" class=\"encyclopedia\">tend&ecirc;ncias<\/a> &ldquo;que v&ecirc;m acontecendo h&aacute; muito tempo, e de forma acelerada nos &uacute;ltimos anos&rdquo;. S&atilde;o elas (1) o decl&iacute;nio absoluto e relativo das filia&ccedil;&otilde;es cat&oacute;licas; (2) o aumento acelerado das filia&ccedil;&otilde;es evang&eacute;licas (com diversifica&ccedil;&atilde;o das denomina&ccedil;&otilde;es e aumento dos evang&eacute;licos n&atilde;o institucionalizados); (3) o crescimento do percentual das religi&otilde;es n&atilde;o crist&atilde;s; e (4) o aumento absoluto dos &ldquo;sem religi&atilde;o&rdquo;.<\/p>\n<p>As quatro <a href=\"https:\/\/radardofuturo.com.br\/test\/ddof\/o-que-sao-tendencias\/\" target=\"_self\" title=\"Confira o que s&atilde;o tend&ecirc;ncias, os fatos ou fen&ocirc;menos que podem acontecer em algum momento adiante na hist&oacute;ria da sociedade, como um novo comportamento individual ou de um grupo\" class=\"encyclopedia\">tend&ecirc;ncias<\/a>, explica Jos&eacute; Eust&aacute;quio, podem ser sintetizadas em duas: a mudan&ccedil;a de hegemonia entre cat&oacute;licos e evang&eacute;licos, com forte probabilidade de o segundo grupo ultrapassar o primeiro. E o aumento da pluralidade religiosa, com o crescimento das religi&otilde;es n&atilde;o crist&atilde;s e dos &ldquo;sem religi&atilde;o&rdquo;.<\/p>\n<p>&nbsp;<\/p>\n","protected":false},"excerpt":{"rendered":"","protected":false},"author":1,"featured_media":4562,"comment_status":"open","ping_status":"open","sticky":false,"template":"","format":"standard","meta":{"tdm_status":"","tdm_grid_status":"","footnotes":"","jetpack_publicize_message":"","jetpack_publicize_feature_enabled":true,"jetpack_social_post_already_shared":true,"jetpack_social_options":{"image_generator_settings":{"template":"highway","enabled":false},"version":2}},"categories":[23,20],"tags":[1359,1357,1358],"class_list":{"0":"post-4552","1":"post","2":"type-post","3":"status-publish","4":"format-standard","5":"has-post-thumbnail","7":"category-carlos-placido-teixeira","8":"category-destaques","9":"tag-catolicismo-no-brasil","10":"tag-futuro-das-religioes","11":"tag-futuro-do-catolicismo-no-brasil"},"jetpack_publicize_connections":[],"jetpack_featured_media_url":"https:\/\/radardofuturo.com.br\/test\/wp-content\/uploads\/2019\/07\/culto-igreja-religioes-evangelicos-catolicos-foto-luis-quintero-pexels.jpeg","post_mailing_queue_ids":[],"_links":{"self":[{"href":"https:\/\/radardofuturo.com.br\/test\/wp-json\/wp\/v2\/posts\/4552","targetHints":{"allow":["GET"]}}],"collection":[{"href":"https:\/\/radardofuturo.com.br\/test\/wp-json\/wp\/v2\/posts"}],"about":[{"href":"https:\/\/radardofuturo.com.br\/test\/wp-json\/wp\/v2\/types\/post"}],"author":[{"embeddable":true,"href":"https:\/\/radardofuturo.com.br\/test\/wp-json\/wp\/v2\/users\/1"}],"replies":[{"embeddable":true,"href":"https:\/\/radardofuturo.com.br\/test\/wp-json\/wp\/v2\/comments?post=4552"}],"version-history":[{"count":0,"href":"https:\/\/radardofuturo.com.br\/test\/wp-json\/wp\/v2\/posts\/4552\/revisions"}],"wp:featuredmedia":[{"embeddable":true,"href":"https:\/\/radardofuturo.com.br\/test\/wp-json\/wp\/v2\/media\/4562"}],"wp:attachment":[{"href":"https:\/\/radardofuturo.com.br\/test\/wp-json\/wp\/v2\/media?parent=4552"}],"wp:term":[{"taxonomy":"category","embeddable":true,"href":"https:\/\/radardofuturo.com.br\/test\/wp-json\/wp\/v2\/categories?post=4552"},{"taxonomy":"post_tag","embeddable":true,"href":"https:\/\/radardofuturo.com.br\/test\/wp-json\/wp\/v2\/tags?post=4552"}],"curies":[{"name":"wp","href":"https:\/\/api.w.org\/{rel}","templated":true}]}}