{"id":453,"date":"2017-08-24T19:35:33","date_gmt":"2017-08-24T22:35:33","guid":{"rendered":"https:\/\/litebold.co\/~radardofuturo\/combate-as-mudancas-climaticas-deve-envolver-populacao\/"},"modified":"2017-08-24T19:35:33","modified_gmt":"2017-08-24T22:35:33","slug":"combate-as-mudancas-climaticas-deve-envolver-populacao","status":"publish","type":"post","link":"https:\/\/radardofuturo.com.br\/test\/combate-as-mudancas-climaticas-deve-envolver-populacao\/","title":{"rendered":"Combate \u00e0s mudan\u00e7as clim\u00e1ticas deve envolver popula\u00e7\u00e3o"},"content":{"rendered":"<p><img loading=\"lazy\" decoding=\"async\" class=\" size-full wp-image-452\" src=\"https:\/\/litebold.co\/~radardofuturo\/wp-content\/uploads\/2017\/08\/pollution-aguas-fonte-pixabay.jpg\" alt=\"pollution aguas fonte pixabay\" width=\"870\" height=\"350\" srcset=\"https:\/\/radardofuturo.com.br\/test\/wp-content\/uploads\/2017\/08\/pollution-aguas-fonte-pixabay.jpg 870w, https:\/\/radardofuturo.com.br\/test\/wp-content\/uploads\/2017\/08\/pollution-aguas-fonte-pixabay-300x121.jpg 300w, https:\/\/radardofuturo.com.br\/test\/wp-content\/uploads\/2017\/08\/pollution-aguas-fonte-pixabay-768x309.jpg 768w\" sizes=\"auto, (max-width: 870px) 100vw, 870px\">Autoridade reconhece que futuro fica comprometido se nada for feito<\/p>\n<p>  <!--more-->  <\/p>\n<div id=\"m_2361598538365759366attachment_127705\">\n<p>ONU&nbsp;<\/p>\n<p>As mudan&ccedil;as clim&aacute;ticas n&atilde;o podem ser pensadas sem levar em conta o crescimento demogr&aacute;fico e os padr&otilde;es de consumo das comunidades. O alerta foi feito pelo representante do Fundo de Popula&ccedil;&atilde;o das Na&ccedil;&otilde;es Unidas (<a href=\"https:\/\/www.unfpa.org.br\/novo\/index.php\/noticias\/ultimas\/1632-e-preciso-considerar-fortemete-a-populacao-quando-se-fala-em-mudancas-climaticas\" target=\"_blank\" rel=\"noopener noreferrer\" data-saferedirecturl=\"https:\/\/www.google.com\/url?hl=pt-BR&amp;q=https:\/\/www.unfpa.org.br\/novo\/index.php\/noticias\/ultimas\/1632-e-preciso-considerar-fortemete-a-populacao-quando-se-fala-em-mudancas-climaticas&amp;source=gmail&amp;ust=1503687373903000&amp;usg=AFQjCNG6S9pXd_RSuBxguAn2JBUyXlLtDw\">UNFPA<\/a>) no Brasil, Jaime Nadal, ao participar, em 16 de agosto, da confer&ecirc;ncia &ldquo;Di&aacute;logo Mercosul-Uni&atilde;o Europeia sobre mudan&ccedil;as clim&aacute;ticas, seguran&ccedil;a energ&eacute;tica e alimentar&rdquo;, em Bras&iacute;lia.<\/p>\n<\/div>\n<p>&ldquo;Quando se compara o aumento das emiss&otilde;es dos gases do efeito estufa e o crescimento demogr&aacute;fico, percebe-se um paralelismo. Eles crescem juntos aos longo dos anos&rdquo;, afirmou Nadal.<\/p>\n<p>O diretor nacional do UNFPA enfatizou que j&aacute; s&atilde;o vis&iacute;veis os impactos das <a href=\"https:\/\/radardofuturo.com.br\/test\/ddof\/o-que-sao-tendencias\/\" target=\"_self\" title=\"Confira o que s&atilde;o tend&ecirc;ncias, os fatos ou fen&ocirc;menos que podem acontecer em algum momento adiante na hist&oacute;ria da sociedade, como um novo comportamento individual ou de um grupo\" class=\"encyclopedia\">tend&ecirc;ncias<\/a> de consumo das popula&ccedil;&otilde;es e do aumento populacional sobre a disponibilidade de recursos. Todavia, explicou o representante, o crescimento demogr&aacute;fico n&atilde;o &eacute; o vil&atilde;o em si. O problema maior &eacute; a forma como se produz e se consome no mundo.<\/p>\n<p>&ldquo;As evid&ecirc;ncias confirmam, cada vez mais, que a quest&atilde;o central para o meio ambiente n&atilde;o &eacute; o simples crescimento populacional. A din&acirc;mica populacional impacta e &eacute; impactada pelo meio ambiente&rdquo;, acrescentou Nadal. &ldquo;Ao mesmo tempo, percebe-se que tem crescido a capacidade tecnol&oacute;gica para a manuten&ccedil;&atilde;o do bem-estar da popula&ccedil;&atilde;o, a capacidade do ser humano de inovar nos recursos necess&aacute;rios para a sobreviv&ecirc;ncia.&rdquo;<\/p>\n<p>Tamb&eacute;m presente, o coordenador residente do Sistema ONU no Brasil, Niky Fabiancic, alertou que, &ldquo;se nada for feito para mitigar o aumento da emiss&atilde;o dos gases do efeito estufa, o futuro ser&aacute; comprometido&rdquo;. &ldquo;Mas &eacute; poss&iacute;vel, com planejamento, reduzir as calamidades e aumentar a resili&ecirc;ncia&rdquo;, disse.<\/p>\n<p>O embaixador da Uni&atilde;o Europeia no Brasil, Jo&atilde;o Gomes Cravinho, elogiou as iniciativas das Na&ccedil;&otilde;es Unidas para combater as mudan&ccedil;as clim&aacute;ticas. &ldquo;Os esfor&ccedil;os da ONU ao longo dos &uacute;ltimos anos t&ecirc;m sido intensos e com resultado not&aacute;veis, como os Objetivos de Desenvolvimento Sustent&aacute;vel e o Acordo de Paris. Agora, cabe aos Estados e &agrave; sociedade cumprir os acordos comuns. E isso depende fundamentalmente de encontrarmos formas de cooperar entre os pa&iacute;ses&rdquo;, afirmou.<\/p>\n<p>O evento em Bras&iacute;lia foi organizado pelo Programa Regional de Seguran&ccedil;a Energ&eacute;tica e Mudan&ccedil;as Clim&aacute;ticas na Am&eacute;rica Latina (EKLA), da Funda&ccedil;&atilde;o Konrad Adenauer (KAS), o Centro Brasileiro de Rela&ccedil;&otilde;es Internacionais (CEBRI) e o Instituto de Pesquisa em Meio Ambiente, Seguran&ccedil;a Energ&eacute;tica e Desenvolvimento Sustent&aacute;vel (AMENDS), a ONU Meio Ambiente e a Uni&atilde;o Europeia.<\/p>\n<p>&nbsp;<\/p>\n","protected":false},"excerpt":{"rendered":"<p>Autoridade reconhece que futuro fica comprometido se nada for feito<\/p>\n","protected":false},"author":1,"featured_media":452,"comment_status":"open","ping_status":"open","sticky":false,"template":"","format":"standard","meta":{"tdm_status":"","tdm_grid_status":"","footnotes":"","jetpack_publicize_message":"","jetpack_publicize_feature_enabled":true,"jetpack_social_post_already_shared":false,"jetpack_social_options":{"image_generator_settings":{"template":"highway","enabled":false},"version":2}},"categories":[20],"tags":[],"class_list":{"0":"post-453","1":"post","2":"type-post","3":"status-publish","4":"format-standard","5":"has-post-thumbnail","7":"category-destaques"},"jetpack_publicize_connections":[],"jetpack_featured_media_url":"https:\/\/radardofuturo.com.br\/test\/wp-content\/uploads\/2017\/08\/pollution-aguas-fonte-pixabay.jpg","post_mailing_queue_ids":[],"_links":{"self":[{"href":"https:\/\/radardofuturo.com.br\/test\/wp-json\/wp\/v2\/posts\/453","targetHints":{"allow":["GET"]}}],"collection":[{"href":"https:\/\/radardofuturo.com.br\/test\/wp-json\/wp\/v2\/posts"}],"about":[{"href":"https:\/\/radardofuturo.com.br\/test\/wp-json\/wp\/v2\/types\/post"}],"author":[{"embeddable":true,"href":"https:\/\/radardofuturo.com.br\/test\/wp-json\/wp\/v2\/users\/1"}],"replies":[{"embeddable":true,"href":"https:\/\/radardofuturo.com.br\/test\/wp-json\/wp\/v2\/comments?post=453"}],"version-history":[{"count":0,"href":"https:\/\/radardofuturo.com.br\/test\/wp-json\/wp\/v2\/posts\/453\/revisions"}],"wp:featuredmedia":[{"embeddable":true,"href":"https:\/\/radardofuturo.com.br\/test\/wp-json\/wp\/v2\/media\/452"}],"wp:attachment":[{"href":"https:\/\/radardofuturo.com.br\/test\/wp-json\/wp\/v2\/media?parent=453"}],"wp:term":[{"taxonomy":"category","embeddable":true,"href":"https:\/\/radardofuturo.com.br\/test\/wp-json\/wp\/v2\/categories?post=453"},{"taxonomy":"post_tag","embeddable":true,"href":"https:\/\/radardofuturo.com.br\/test\/wp-json\/wp\/v2\/tags?post=453"}],"curies":[{"name":"wp","href":"https:\/\/api.w.org\/{rel}","templated":true}]}}