{"id":4526,"date":"2019-07-09T16:32:34","date_gmt":"2019-07-09T19:32:34","guid":{"rendered":"https:\/\/radardofuturo.com.br\/?p=4526"},"modified":"2019-07-09T16:32:34","modified_gmt":"2019-07-09T19:32:34","slug":"fiemg-realiza-forum-sobre-a-lei-geral-de-protecao-de-dados","status":"publish","type":"post","link":"https:\/\/radardofuturo.com.br\/test\/fiemg-realiza-forum-sobre-a-lei-geral-de-protecao-de-dados\/","title":{"rendered":"FIEMG realiza f\u00f3rum sobre a Lei Geral de Prote\u00e7\u00e3o de Dados"},"content":{"rendered":"<p>A programa&ccedil;&atilde;o conta com palestras, debates e a apresenta&ccedil;&atilde;o de casos de grandes empresas que j&aacute; atuam frente &agrave; nova determina&ccedil;&atilde;o. <!--more--><\/p>\n<p class=\"x_x_MsoNormal\">A sede do Sistema FIEMG recebe, nesta quarta-feira, 10 de julho, empres&aacute;rios de toda Minas Gerais para debaterem as exig&ecirc;ncias previstas na Lei 13.709\/2018, que estabeleceu a Lei Brasileira de Prote&ccedil;&atilde;o de Dados Pessoais (LGPD). O F&oacute;rum FIEMG &ndash; LGPD &eacute; uma oportunidade de troca de experi&ecirc;ncia entre profissionais de diversas empresas e neg&oacute;cios, bem como a exposi&ccedil;&atilde;o das novidades e os impactos que a lei ter&aacute; nas empresas e nas pessoas.<\/p>\n<p class=\"x_x_MsoNormal\">A programa&ccedil;&atilde;o conta com palestras, debates e a apresenta&ccedil;&atilde;o de casos de grandes empresas que j&aacute; atuam frente &agrave; nova determina&ccedil;&atilde;o. O f&oacute;rum vai abordar o tratamento leg&iacute;timo dos dados, debater como as empresas dever&atilde;o se estruturar frente &agrave;s mudan&ccedil;as e ainda quais os impactos trazidos pela nova legisla&ccedil;&atilde;o.<\/p>\n<p class=\"x_x_MsoNormal\">Sancionada em 14\/8\/18, a Lei Geral de Prote&ccedil;&atilde;o de Dados disp&otilde;e sobre a coleta e o tratamento dos dados pessoais por pessoa natural ou jur&iacute;dica, a fim de garantir os direitos fundamentais de liberdade e de privacidade, inclusive no ambiente digital. A finalidade &eacute; que os cidad&atilde;os exercerem controle sobre seus dados pessoais, al&eacute;m de simplificar as regras para neg&oacute;cios internacionais. A partir da LGPD, organiza&ccedil;&otilde;es p&uacute;blicas e privadas s&oacute; poder&atilde;o coletar dados pessoais se tiverem consentimento do titular.<\/p>\n<p class=\"x_x_MsoNormal\"><b>Programa&ccedil;&atilde;o<\/b><\/p>\n<ul>\n<li class=\"x_x_MsoNormal\">08h &ndash; Credenciamento<\/li>\n<li class=\"x_x_MsoNormal\">08h15 &ndash; Abertura<\/li>\n<li class=\"x_x_MsoNormal\">08h30 &ndash; Palestra &ldquo;Fundamentos para o tratamento leg&iacute;timo de dados&rdquo; &ndash; Raul Silva, presidente do Conselho e Diretor Executivo de Contas Estrat&eacute;gicas e Expans&atilde;o na ICTS e Protiviti<\/li>\n<li class=\"x_x_MsoNormal\">09h10 &ndash; Painel de cases: Usiminas &ndash; FCA &ndash; Localiza<\/li>\n<li class=\"x_x_MsoNormal\">10h10 &ndash; Perguntas<\/li>\n<li class=\"x_x_MsoNormal\">10h25 &ndash; Intervalo<\/li>\n<li class=\"x_x_MsoNormal\">10h55 &ndash; Palestra &ldquo;LGPD &ndash; O Caminho para a Conformidade&rdquo; &ndash; Alexandre Atheniense, s&oacute;cio fundador do Escrit&oacute;rio Alexandre Atheniense Advogados<\/li>\n<li class=\"x_x_MsoNormal\">11h35 &ndash; Circuito Tem&aacute;tico I Jur&iacute;dico &ndash; Tecnol&oacute;gico &ndash; Processos &ndash; Gest&atilde;o<\/li>\n<li class=\"x_x_MsoNormal\">12h40 &ndash; Almo&ccedil;o<\/li>\n<li class=\"x_x_MsoNormal\">14h &ndash; Painel de l&iacute;deres: Arcellor &ndash; MRV &ndash; Unimed<\/li>\n<li class=\"x_x_MsoNormal\">15h &ndash; Perguntas<\/li>\n<li class=\"x_x_MsoNormal\">15h15 &ndash; Intervalo<\/li>\n<li class=\"x_x_MsoNormal\">15h45 &ndash; Circuito Tem&aacute;tico II Etapas do programa &ndash; Estrutura de governan&ccedil;a &ndash; Controles operacionais &ndash; Tecnologias de suporte<\/li>\n<li class=\"x_x_MsoNormal\">16h55 &ndash; Palestra &ldquo;Implanta&ccedil;&atilde;o e impactos da LGPD nas empresas&rdquo; &ndash; Patr&iacute;cia Peck, s&oacute;cia Head de Direito Digital do escrit&oacute;rio PG Advogados, da empresa de educa&ccedil;&atilde;o Peck Sleiman Edu e presidente do Instituto iStart de &Eacute;tica Digital<\/li>\n<li class=\"x_x_MsoNormal\">17h45 &ndash; Encerramento<\/li>\n<\/ul>\n<p><b>Servi&ccedil;o: F&oacute;rum FIEMG Lei Brasileira de Prote&ccedil;&atilde;o de Dados Pessoais (LGPD)<\/b><\/p>\n<ul>\n<li class=\"x_x_MsoNormal\">Data: 10 de julho de 2019, quarta-feira.<\/li>\n<li class=\"x_x_MsoNormal\">Hor&aacute;rio: das 8h &agrave;s 18h30<\/li>\n<li class=\"x_x_MsoNormal\">Local: Sede do Sistema FIEMG &ndash; Avenida do Contorno, 4456, 4&ordf; andar, Belo Horizonte.<\/li>\n<\/ul>\n","protected":false},"excerpt":{"rendered":"<p>A programa&ccedil;&atilde;o conta com palestras, debates e a apresenta&ccedil;&atilde;o de casos de grandes empresas que j&aacute; atuam frente &agrave; nova determina&ccedil;&atilde;o.<\/p>\n","protected":false},"author":1,"featured_media":0,"comment_status":"open","ping_status":"open","sticky":false,"template":"","format":"standard","meta":{"tdm_status":"","tdm_grid_status":"","footnotes":"","jetpack_publicize_message":"","jetpack_publicize_feature_enabled":true,"jetpack_social_post_already_shared":true,"jetpack_social_options":{"image_generator_settings":{"template":"highway","enabled":false},"version":2}},"categories":[18],"tags":[],"class_list":{"0":"post-4526","1":"post","2":"type-post","3":"status-publish","4":"format-standard","6":"category-eventos"},"jetpack_publicize_connections":[],"jetpack_featured_media_url":"","post_mailing_queue_ids":[],"_links":{"self":[{"href":"https:\/\/radardofuturo.com.br\/test\/wp-json\/wp\/v2\/posts\/4526","targetHints":{"allow":["GET"]}}],"collection":[{"href":"https:\/\/radardofuturo.com.br\/test\/wp-json\/wp\/v2\/posts"}],"about":[{"href":"https:\/\/radardofuturo.com.br\/test\/wp-json\/wp\/v2\/types\/post"}],"author":[{"embeddable":true,"href":"https:\/\/radardofuturo.com.br\/test\/wp-json\/wp\/v2\/users\/1"}],"replies":[{"embeddable":true,"href":"https:\/\/radardofuturo.com.br\/test\/wp-json\/wp\/v2\/comments?post=4526"}],"version-history":[{"count":0,"href":"https:\/\/radardofuturo.com.br\/test\/wp-json\/wp\/v2\/posts\/4526\/revisions"}],"wp:attachment":[{"href":"https:\/\/radardofuturo.com.br\/test\/wp-json\/wp\/v2\/media?parent=4526"}],"wp:term":[{"taxonomy":"category","embeddable":true,"href":"https:\/\/radardofuturo.com.br\/test\/wp-json\/wp\/v2\/categories?post=4526"},{"taxonomy":"post_tag","embeddable":true,"href":"https:\/\/radardofuturo.com.br\/test\/wp-json\/wp\/v2\/tags?post=4526"}],"curies":[{"name":"wp","href":"https:\/\/api.w.org\/{rel}","templated":true}]}}