{"id":4524,"date":"2019-07-12T18:07:29","date_gmt":"2019-07-12T21:07:29","guid":{"rendered":"https:\/\/radardofuturo.com.br\/?p=4524"},"modified":"2019-07-12T18:07:29","modified_gmt":"2019-07-12T21:07:29","slug":"construtora-investira-r-800-milhoes-em-energia-solar-fotovoltaica-ate-2022-no-brasil","status":"publish","type":"post","link":"https:\/\/radardofuturo.com.br\/test\/construtora-investira-r-800-milhoes-em-energia-solar-fotovoltaica-ate-2022-no-brasil\/","title":{"rendered":"Construtora investir\u00e1 R$ 800 milh\u00f5es em energia solar fotovoltaica at\u00e9 2022 no Brasil"},"content":{"rendered":"<p>No ano passado a MRV investiu mais de R$ 17 milh&otilde;es na tecnologia.<\/p>\n<p><!--more--><\/p>\n<p>At&eacute; 2022, a MRV pretende investir R$ 800 milh&otilde;es para instala&ccedil;&atilde;o de sistema de energia fotovoltaica em todos os novos projetos. Em 2019, a MRV aplicar&aacute; R$ 50 milh&otilde;es em empreendimentos com sistema fotovoltaico.<br>\nEm 2018, a construtora inaugurou no Spazio Pathernon, em Belo Horizonte, a maior usina geradora na modalidade de Empreendimentos com M&uacute;ltiplas Unidades (EMUC) em um condom&iacute;nio de 440 apartamentos, um marco no Brasil e no mundo. O sistema tem capacidade de 437KWp.No ano passado, a empresa investiu mais de R$ 17 milh&otilde;es na tecnologia. Os condom&iacute;nios da construtora j&aacute; geraram mais de 1.000.000 KWh por meio do sistema. Al&eacute;m de Belo Horizonte, a empresa instalou a tecnologia em outros tr&ecirc;s empreendimentos, em Salvador, Cuiab&aacute; e S&atilde;o Lu&iacute;s<\/p>\n<p>Os empreendimentos que possuem c&eacute;lulas fotovoltaicas est&atilde;o enquadrados no programa Minha Casa, Minha Vida. O Solar do Parque, de Salvador, foi o projeto piloto para a construtora utilizar o sistema de compensa&ccedil;&atilde;o de energia junto &agrave;s concession&aacute;rias.<\/p>\n<p>De acordo com a tecnologia, c&eacute;lulas fotovoltaicas instaladas no telhado das torres dos pr&eacute;dios convertem a energia solar em energia el&eacute;trica. A carga gerada &eacute; transmitida para a rede de distribui&ccedil;&atilde;o da concession&aacute;ria local e, ao final do m&ecirc;s, &eacute; gerado um saldo de acordo com a energia produzida pelo sistema.<\/p>\n","protected":false},"excerpt":{"rendered":"<p>No ano passado a MRV investiu mais de R$ 17 milh&otilde;es na tecnologia.<\/p>\n","protected":false},"author":1,"featured_media":0,"comment_status":"open","ping_status":"open","sticky":false,"template":"","format":"standard","meta":{"tdm_status":"","tdm_grid_status":"","footnotes":"","jetpack_publicize_message":"","jetpack_publicize_feature_enabled":true,"jetpack_social_post_already_shared":true,"jetpack_social_options":{"image_generator_settings":{"template":"highway","enabled":false},"version":2}},"categories":[22],"tags":[],"class_list":{"0":"post-4524","1":"post","2":"type-post","3":"status-publish","4":"format-standard","6":"category-indicadores"},"jetpack_publicize_connections":[],"jetpack_featured_media_url":"","post_mailing_queue_ids":[],"_links":{"self":[{"href":"https:\/\/radardofuturo.com.br\/test\/wp-json\/wp\/v2\/posts\/4524","targetHints":{"allow":["GET"]}}],"collection":[{"href":"https:\/\/radardofuturo.com.br\/test\/wp-json\/wp\/v2\/posts"}],"about":[{"href":"https:\/\/radardofuturo.com.br\/test\/wp-json\/wp\/v2\/types\/post"}],"author":[{"embeddable":true,"href":"https:\/\/radardofuturo.com.br\/test\/wp-json\/wp\/v2\/users\/1"}],"replies":[{"embeddable":true,"href":"https:\/\/radardofuturo.com.br\/test\/wp-json\/wp\/v2\/comments?post=4524"}],"version-history":[{"count":0,"href":"https:\/\/radardofuturo.com.br\/test\/wp-json\/wp\/v2\/posts\/4524\/revisions"}],"wp:attachment":[{"href":"https:\/\/radardofuturo.com.br\/test\/wp-json\/wp\/v2\/media?parent=4524"}],"wp:term":[{"taxonomy":"category","embeddable":true,"href":"https:\/\/radardofuturo.com.br\/test\/wp-json\/wp\/v2\/categories?post=4524"},{"taxonomy":"post_tag","embeddable":true,"href":"https:\/\/radardofuturo.com.br\/test\/wp-json\/wp\/v2\/tags?post=4524"}],"curies":[{"name":"wp","href":"https:\/\/api.w.org\/{rel}","templated":true}]}}