{"id":4517,"date":"2019-07-16T13:56:30","date_gmt":"2019-07-16T16:56:30","guid":{"rendered":"https:\/\/radardofuturo.com.br\/?p=4517"},"modified":"2019-07-18T09:46:09","modified_gmt":"2019-07-18T12:46:09","slug":"embarcacoes-eletro-solares-substituirao-as-tradicionais","status":"publish","type":"post","link":"https:\/\/radardofuturo.com.br\/test\/embarcacoes-eletro-solares-substituirao-as-tradicionais\/","title":{"rendered":"Embarca\u00e7\u00f5es eletro-solares substituir\u00e3o as tradicionais?"},"content":{"rendered":"<figure id=\"attachment_4653\" aria-describedby=\"caption-attachment-4653\" style=\"width: 1200px\" class=\"wp-caption alignnone\"><img loading=\"lazy\" decoding=\"async\" class=\"alignnone size-full wp-image-4653\" src=\"https:\/\/radardofuturo.com.br\/test\/wp-content\/uploads\/2019\/07\/embarca%C3%A7%C3%B5es-eketro-solares-Foto-de-Oliver-Sj%C3%B6str%C3%B6m-no-Pexels.jpg\" alt=\"Objetivo das embarca&ccedil;&otilde;es eletro-solares &eacute; reduzir as emiss&otilde;es de CO2. Foto por Pexels.\" width=\"1200\" height=\"960\" srcset=\"https:\/\/radardofuturo.com.br\/test\/wp-content\/uploads\/2019\/07\/embarca&ccedil;&otilde;es-eketro-solares-Foto-de-Oliver-Sj&ouml;str&ouml;m-no-Pexels.jpg 1200w, https:\/\/radardofuturo.com.br\/test\/wp-content\/uploads\/2019\/07\/embarca&ccedil;&otilde;es-eketro-solares-Foto-de-Oliver-Sj&ouml;str&ouml;m-no-Pexels-300x240.jpg 300w, https:\/\/radardofuturo.com.br\/test\/wp-content\/uploads\/2019\/07\/embarca&ccedil;&otilde;es-eketro-solares-Foto-de-Oliver-Sj&ouml;str&ouml;m-no-Pexels-768x614.jpg 768w, https:\/\/radardofuturo.com.br\/test\/wp-content\/uploads\/2019\/07\/embarca&ccedil;&otilde;es-eketro-solares-Foto-de-Oliver-Sj&ouml;str&ouml;m-no-Pexels-1024x819.jpg 1024w\" sizes=\"auto, (max-width: 1200px) 100vw, 1200px\"><figcaption id=\"caption-attachment-4653\" class=\"wp-caption-text\">Objetivo das embarca&ccedil;&otilde;es eletro-solares &eacute; reduzir as emiss&otilde;es de CO2. Foto por Pexels.<\/figcaption><\/figure>\n<p><!--more--><\/p>\n<p>A elimina&ccedil;&atilde;o dos combust&iacute;veis f&oacute;sseis e o combate &agrave;s altera&ccedil;&otilde;es clim&aacute;ticas s&atilde;o temas recorrentes em discuss&otilde;es mundiais. Paralelamente, surgem debates em torno de novos meios de transporte que sejam, ao mesmo tempo, econ&ocirc;micos e eficientes, e que n&atilde;o poluam o meio ambiente. Nesse sentido, Portugal j&aacute; desenvolve embarca&ccedil;&otilde;es eletro-solares.<\/p>\n<p>Al&eacute;m de reduzirem totalmente as emiss&otilde;es de CO2 na atmosfera, os barcos solares diminuem a polui&ccedil;&atilde;o sonora e, por isso, poupam a fauna e a flora do ecossistema ao redor. As embarca&ccedil;&otilde;es t&ecirc;m bastante autonomia e permitem o transporte de grande quantidade de passageiros.<\/p>\n<p>Os barcos el&eacute;tricos com apoio solar possuem diversas vantagens em rela&ccedil;&atilde;o &agrave;s embarca&ccedil;&otilde;es movidas por outros tipos de combust&iacute;veis, como economia significativa no consumo de combust&iacute;vel e dos custos de manuten&ccedil;&atilde;o. Eles n&atilde;o poluem e n&atilde;o apresentam ru&iacute;dos e trepida&ccedil;&otilde;es, conferindo, assim, mais tranquilidade nos passeios, tornando-os mais agrad&aacute;veis.<\/p>\n<p>A tecnologia desenvolvida pela empresa Sun Concept funciona da seguinte forma: a energia solar, captada por v&aacute;rios pain&eacute;is solares, gera energia que movimenta o barco, dispensando a utiliza&ccedil;&atilde;o de combust&iacute;veis, que s&atilde;o extremamente poluentes e prejudiciais ao meio ambiente. Com o uso da tecnologia &eacute; poss&iacute;vel eliminar parte das emiss&otilde;es de CO2 para a atmosfera, um dos gases respons&aacute;veis pelo aquecimento global e pelas consequentes altera&ccedil;&otilde;es clim&aacute;ticas.<\/p>\n<p>As embarca&ccedil;&otilde;es el&eacute;tricas s&atilde;o utilizadas em v&aacute;rios pa&iacute;ses europeus e passaram a ser bem aceitas em Portugal, ap&oacute;s experi&ecirc;ncia mal-sucedida com barcos movidos a g&aacute;s natural, apontado pela Organiza&ccedil;&atilde;o para a Coopera&ccedil;&atilde;o e Desenvolvimento Econ&ocirc;mico (OCDE) como um combust&iacute;vel que deve ser reduzido, uma vez que existem alternativas a ele j&aacute; consolidadas.<\/p>\n<p>Portugal &eacute; o maior estado costeiro da Uni&atilde;o Europeia e assumiu 6 dos 17 objetivos da Agenda 2010 da Organiza&ccedil;&atilde;o das Na&ccedil;&otilde;es Unidas. Al&eacute;m disso, o governo portugu&ecirc;s busca cumprir o roteiro para a neutralidade carb&ocirc;nica com objetivo de acabar com as emiss&otilde;es de gases de efeito estufa em 45 anos, com uma redu&ccedil;&atilde;o de 85% a 99% at&eacute; 2050. Para atingir a meta, o Minist&eacute;rio do Ambiente e da Transi&ccedil;&atilde;o Energ&eacute;tica elaborou uma s&eacute;rie de medidas, entre elas, promover a eletrifica&ccedil;&atilde;o por meio da utiliza&ccedil;&atilde;o de energias verdes.<\/p>\n<p>O futuro dos transportes particulares, com utiliza&ccedil;&atilde;o de fontes de combust&iacute;veis renov&aacute;veis, n&atilde;o somente em Portugal, como tamb&eacute;m em todo o mundo, depende da tomada de consci&ecirc;ncia dos governantes, para que o exemplo seja seguido. Por isso, a mudan&ccedil;a deve come&ccedil;ar pelos transportes p&uacute;blicos, que atendem a popula&ccedil;&otilde;es numerosas e que s&atilde;o utilizados em larga escala.<\/p>\n","protected":false},"excerpt":{"rendered":"","protected":false},"author":1,"featured_media":4653,"comment_status":"open","ping_status":"open","sticky":false,"template":"","format":"standard","meta":{"tdm_status":"","tdm_grid_status":"","footnotes":"","jetpack_publicize_message":"","jetpack_publicize_feature_enabled":true,"jetpack_social_post_already_shared":true,"jetpack_social_options":{"image_generator_settings":{"template":"highway","enabled":false},"version":2}},"categories":[22,1419],"tags":[],"class_list":{"0":"post-4517","1":"post","2":"type-post","3":"status-publish","4":"format-standard","5":"has-post-thumbnail","7":"category-indicadores","8":"category-inovacoes-inovadores"},"jetpack_publicize_connections":[],"jetpack_featured_media_url":"https:\/\/radardofuturo.com.br\/test\/wp-content\/uploads\/2019\/07\/embarca\u00e7\u00f5es-eketro-solares-Foto-de-Oliver-Sj\u00f6str\u00f6m-no-Pexels.jpg","post_mailing_queue_ids":[],"_links":{"self":[{"href":"https:\/\/radardofuturo.com.br\/test\/wp-json\/wp\/v2\/posts\/4517","targetHints":{"allow":["GET"]}}],"collection":[{"href":"https:\/\/radardofuturo.com.br\/test\/wp-json\/wp\/v2\/posts"}],"about":[{"href":"https:\/\/radardofuturo.com.br\/test\/wp-json\/wp\/v2\/types\/post"}],"author":[{"embeddable":true,"href":"https:\/\/radardofuturo.com.br\/test\/wp-json\/wp\/v2\/users\/1"}],"replies":[{"embeddable":true,"href":"https:\/\/radardofuturo.com.br\/test\/wp-json\/wp\/v2\/comments?post=4517"}],"version-history":[{"count":0,"href":"https:\/\/radardofuturo.com.br\/test\/wp-json\/wp\/v2\/posts\/4517\/revisions"}],"wp:featuredmedia":[{"embeddable":true,"href":"https:\/\/radardofuturo.com.br\/test\/wp-json\/wp\/v2\/media\/4653"}],"wp:attachment":[{"href":"https:\/\/radardofuturo.com.br\/test\/wp-json\/wp\/v2\/media?parent=4517"}],"wp:term":[{"taxonomy":"category","embeddable":true,"href":"https:\/\/radardofuturo.com.br\/test\/wp-json\/wp\/v2\/categories?post=4517"},{"taxonomy":"post_tag","embeddable":true,"href":"https:\/\/radardofuturo.com.br\/test\/wp-json\/wp\/v2\/tags?post=4517"}],"curies":[{"name":"wp","href":"https:\/\/api.w.org\/{rel}","templated":true}]}}