{"id":4491,"date":"2019-07-08T15:29:43","date_gmt":"2019-07-08T18:29:43","guid":{"rendered":"https:\/\/radardofuturo.com.br\/?p=4491"},"modified":"2019-07-08T15:29:43","modified_gmt":"2019-07-08T18:29:43","slug":"seminario-em-bh-debate-as-implicacoes-da-inteligencia-artificial-no-trabalho","status":"publish","type":"post","link":"https:\/\/radardofuturo.com.br\/test\/seminario-em-bh-debate-as-implicacoes-da-inteligencia-artificial-no-trabalho\/","title":{"rendered":"Semin\u00e1rio em BH debate as implica\u00e7\u00f5es da Intelig\u00eancia Artificial no trabalho"},"content":{"rendered":"<p>Belo Horizonte sedia semin&aacute;rio que debate as implica&ccedil;&otilde;es da Intelig&ecirc;ncia Articial no mundo do trabalho.<!--more--><\/p>\n<p>Brasil, Su&iacute;&ccedil;a, Uruguai, Fran&ccedil;a, B&eacute;lgica e Alemanha se unem para discutir os<br>\nimpactos da implanta&ccedil;&atilde;o de tecnologias de intelig&ecirc;ncia artificial no mundo do trabalho,<br>\nno Semin&aacute;rio Internacional de Intelig&ecirc;ncia Artificial (SIIA) e suas implica&ccedil;&otilde;es no mundo<br>\ndo trabalho. Organizado pelo Sindicato de Engenheiros (Senge-MG), o evento acontece<br>\nnos dias 10 e 11 de julho, na sede do Crea-MG.<\/p>\n<p>A ideia de se realizar o semin&aacute;rio, segundo o presidente do Senge-MG, Raul&nbsp;Ot&aacute;vio da Silva Pereira, tem o intuito de pensar e propor solu&ccedil;&otilde;es para essa realidade&nbsp;em que a inclus&atilde;o da tecnologia de Intelig&ecirc;ncia Artificial (I.A) afeta n&atilde;o somente os&nbsp;engenheiros, mas &agrave; humanidade em geral. &ldquo;Trata-se de oportunidade &uacute;nica de debater&nbsp;e discutir a Ind&uacute;stria 4.0 e as tecnologias de Intelig&ecirc;ncia Artificial por um vi&eacute;s diferenciado, que n&atilde;o privilegie apenas as vantagens materiais objetivas e imediatas&nbsp;dessas tecnologias, mas que proponha colocar no centro do debate a participa&ccedil;&atilde;o do&nbsp;ser humano (enquanto profissional) como agente e n&atilde;o objeto do processo&rdquo;, explica<br>\nRaul Ot&aacute;vio.<\/p>\n<p>Para o presidente do Senge,&nbsp; o assunto tem sido discutido sob a &oacute;tica da&nbsp;&ldquo;novidade&rdquo;, da &ldquo;modernidade&rdquo; e do &ldquo;avan&ccedil;o tecnol&oacute;gico&rdquo;. E pouca ou quase nenhuma&nbsp;aten&ccedil;&atilde;o tem sido dada ao papel da for&ccedil;a de trabalho humana nesse novo cen&aacute;rio. &ldquo;Ser&aacute;&nbsp;totalmente ou parcialmente substitu&iacute;da? Passar&aacute; a ser obsoleta? Existe espa&ccedil;o para&nbsp;coexist&ecirc;ncia entre m&aacute;quinas e humanos, cada qual com suas tarefas espec&iacute;ficas?&rdquo;, questiona.<\/p>\n<h2>Palestrantes<\/h2>\n<p>O semin&aacute;rio ter&aacute; a participa&ccedil;&atilde;o de palestrantes europeus, como o&nbsp;franc&ecirc;s Fran&ccedil;ois Vatin, que &eacute; professor na Universidade de Paris Oeste Nanterre La&nbsp;D&eacute;fense, onde dirige os cursos de Ci&ecirc;ncias Econ&ocirc;micas e Sociais. O cientista da&nbsp;Informa&ccedil;&atilde;o alem&atilde;o, Thomas Hagenhofer, tamb&eacute;m &eacute; um dos palestrantes. Segundo&nbsp;Thomas, haver&aacute; mudan&ccedil;as dr&aacute;sticas por tr&aacute;s dessa nova tecnologia da automa&ccedil;&atilde;o. Ele&nbsp;dar&aacute; exemplos dos efeitos que esta nova realidade trar&aacute; nas condi&ccedil;&otilde;es de trabalho, nos&nbsp;trabalhadores, nos sindicatos e nas profiss&otilde;es industriais.<\/p>\n<p>O fato de a discuss&atilde;o social estar mais adiantada nos pa&iacute;ses europeus levou o Senge-<br>\nMG a convidar os palestrantes dessa regi&atilde;o para ao Semin&aacute;rio. O intuito &eacute; que haja&nbsp;intera&ccedil;&atilde;o com pensadores representantes de universidades brasileiras renomadas, tais&nbsp;como UFMG, PUC Minas e UFRJ, juntamente com profissionais da Engenharia.<br>\nSIIA.<\/p>\n<p>S&atilde;o esperadas cerca de 600 pessoas no semin&aacute;rio, que al&eacute;m de pensar os<br>\nefeitos da I.A no trabalho, tamb&eacute;m reunir&aacute; grandes entidades ligadas &agrave; engenharia, uma<br>\nvez que est&atilde;o confirmadas as presen&ccedil;as dos presidentes e de representantes do Confea,<br>\nCrea Minas Gerais, M&uacute;tua e Fisenge .<\/p>\n<p>Al&eacute;m de palestras e pain&eacute;is de debate, a programa&ccedil;&atilde;o do semin&aacute;rio contar&aacute; com<br>\nworkshops, concurso entre estudantes, al&eacute;m de atra&ccedil;&otilde;es como o rob&ocirc; Meccano, que&nbsp;interagir&aacute; com o p&uacute;blico.<\/p>\n<p><img loading=\"lazy\" decoding=\"async\" class=\"alignnone size-full wp-image-4492\" src=\"https:\/\/radardofuturo.com.br\/test\/wp-content\/uploads\/2019\/07\/Programacao-SIIA.jpg\" alt=\"Programa&ccedil;&atilde;o\" width=\"2599\" height=\"6067\" srcset=\"https:\/\/radardofuturo.com.br\/test\/wp-content\/uploads\/2019\/07\/Programacao-SIIA.jpg 2599w, https:\/\/radardofuturo.com.br\/test\/wp-content\/uploads\/2019\/07\/Programacao-SIIA-129x300.jpg 129w, https:\/\/radardofuturo.com.br\/test\/wp-content\/uploads\/2019\/07\/Programacao-SIIA-768x1793.jpg 768w, https:\/\/radardofuturo.com.br\/test\/wp-content\/uploads\/2019\/07\/Programacao-SIIA-439x1024.jpg 439w\" sizes=\"auto, (max-width: 2599px) 100vw, 2599px\"><\/p>\n<p>&nbsp;<\/p>\n","protected":false},"excerpt":{"rendered":"<p>Belo Horizonte sedia semin&aacute;rio que debate as implica&ccedil;&otilde;es da Intelig&ecirc;ncia Articial no mundo do trabalho.<\/p>\n","protected":false},"author":1,"featured_media":0,"comment_status":"open","ping_status":"open","sticky":false,"template":"","format":"standard","meta":{"tdm_status":"","tdm_grid_status":"","footnotes":"","jetpack_publicize_message":"","jetpack_publicize_feature_enabled":true,"jetpack_social_post_already_shared":true,"jetpack_social_options":{"image_generator_settings":{"template":"highway","enabled":false},"version":2}},"categories":[18],"tags":[],"class_list":{"0":"post-4491","1":"post","2":"type-post","3":"status-publish","4":"format-standard","6":"category-eventos"},"jetpack_publicize_connections":[],"jetpack_featured_media_url":"","post_mailing_queue_ids":[],"_links":{"self":[{"href":"https:\/\/radardofuturo.com.br\/test\/wp-json\/wp\/v2\/posts\/4491","targetHints":{"allow":["GET"]}}],"collection":[{"href":"https:\/\/radardofuturo.com.br\/test\/wp-json\/wp\/v2\/posts"}],"about":[{"href":"https:\/\/radardofuturo.com.br\/test\/wp-json\/wp\/v2\/types\/post"}],"author":[{"embeddable":true,"href":"https:\/\/radardofuturo.com.br\/test\/wp-json\/wp\/v2\/users\/1"}],"replies":[{"embeddable":true,"href":"https:\/\/radardofuturo.com.br\/test\/wp-json\/wp\/v2\/comments?post=4491"}],"version-history":[{"count":0,"href":"https:\/\/radardofuturo.com.br\/test\/wp-json\/wp\/v2\/posts\/4491\/revisions"}],"wp:attachment":[{"href":"https:\/\/radardofuturo.com.br\/test\/wp-json\/wp\/v2\/media?parent=4491"}],"wp:term":[{"taxonomy":"category","embeddable":true,"href":"https:\/\/radardofuturo.com.br\/test\/wp-json\/wp\/v2\/categories?post=4491"},{"taxonomy":"post_tag","embeddable":true,"href":"https:\/\/radardofuturo.com.br\/test\/wp-json\/wp\/v2\/tags?post=4491"}],"curies":[{"name":"wp","href":"https:\/\/api.w.org\/{rel}","templated":true}]}}