{"id":446,"date":"2017-08-16T14:07:16","date_gmt":"2017-08-16T17:07:16","guid":{"rendered":"https:\/\/litebold.co\/~radardofuturo\/entidades-lancam-laboratorio-de-moda-sustentavel\/"},"modified":"2017-08-16T14:07:16","modified_gmt":"2017-08-16T17:07:16","slug":"entidades-lancam-laboratorio-de-moda-sustentavel","status":"publish","type":"post","link":"https:\/\/radardofuturo.com.br\/test\/entidades-lancam-laboratorio-de-moda-sustentavel\/","title":{"rendered":"Entidades lan\u00e7am laborat\u00f3rio de moda sustent\u00e1vel"},"content":{"rendered":"<p><img loading=\"lazy\" decoding=\"async\" class=\" size-full wp-image-445\" src=\"https:\/\/litebold.co\/~radardofuturo\/wp-content\/uploads\/2017\/08\/laboratorio-de-moda-sustentavel-oit-abit-abvtex.jpg\" alt=\" oit, abit e abvtex implantam laboratorio de moda sustentavel\" width=\"870\" height=\"350\" srcset=\"https:\/\/radardofuturo.com.br\/test\/wp-content\/uploads\/2017\/08\/laboratorio-de-moda-sustentavel-oit-abit-abvtex.jpg 870w, https:\/\/radardofuturo.com.br\/test\/wp-content\/uploads\/2017\/08\/laboratorio-de-moda-sustentavel-oit-abit-abvtex-300x121.jpg 300w, https:\/\/radardofuturo.com.br\/test\/wp-content\/uploads\/2017\/08\/laboratorio-de-moda-sustentavel-oit-abit-abvtex-768x309.jpg 768w\" sizes=\"auto, (max-width: 870px) 100vw, 870px\"> Iniciativa in&eacute;dita prop&otilde;e transformar os principais desafios do mundo da moda<\/p>\n<p>  <!--more-->  <\/p>\n<p>&nbsp;Radar do Futuro<\/p>\n<p>Uma nova parceria firmada entre a Organiza&ccedil;&atilde;o Internacional do Trabalho (OIT), a Associa&ccedil;&atilde;o Brasileira do Varejo T&ecirc;xtil (ABVTEX) e a Associa&ccedil;&atilde;o Brasileira da Ind&uacute;stria T&ecirc;xtil e de Confec&ccedil;&atilde;o (Abit) , com o apoio do Instituto C&amp;A e a realiza&ccedil;&atilde;o do Instituto Reos , est&aacute; lan&ccedil;ando o Laborat&oacute;rio da Moda Sustent&aacute;vel &ndash; Por um setor do vestu&aacute;rio mais sustent&aacute;vel e justo, uma iniciativa de m&uacute;ltiplos parceiros em n&iacute;vel nacional com o objetivo de abordar e transformar os principais desafios do setor de vestu&aacute;rio no Brasil.<\/p>\n<p>Entre as estrat&eacute;gias deste projeto est&aacute; a configura&ccedil;&atilde;o de uma alian&ccedil;a convocadora, composta por OIT, ABVTEX e Abit, com legitimidade e capacidade de influenciar a transforma&ccedil;&atilde;o do setor. A partir disto, um grupo formado por 35 l&iacute;deres foram convidados a participar das oficinas de cocria&ccedil;&atilde;o e trabalho e da plataforma de transforma&ccedil;&atilde;o. Entre os l&iacute;deres h&aacute; representantes de marcas e varejistas, associa&ccedil;&otilde;es setoriais, ind&uacute;strias, sindicato dos trabalhadores, setor p&uacute;blico, acad&ecirc;micos, sociedade civil, entre outras organiza&ccedil;&otilde;es que comp&otilde;e os diferentes elos da cadeia do vestu&aacute;rio e com experi&ecirc;ncias nos temas principais, tais como: informalidade, condi&ccedil;&otilde;es de trabalho precarizado ou for&ccedil;ado, modelo de neg&oacute;cio, quest&otilde;es ambientais, sociais e de consumo.<\/p>\n<p>&ldquo;Esperamos alcan&ccedil;ar impactos positivos no futuro do mercado de moda no Brasil que reverberem pelos pr&oacute;ximos anos. O projeto prev&ecirc; resultados alinhados aos Objetivos de Desenvolvimento Sustent&aacute;vel (ODS) da ONU, como melhores condi&ccedil;&otilde;es de vida e trabalho no setor; e consumidores mais orientados e conscientes&rdquo;, afirma Edmundo Lima, diretor executivo da ABVTEX.<\/p>\n<p>O projeto visa promover no setor do vestu&aacute;rio:<\/p>\n<p>Iniciativas multissetoriais inovadoras criando novas realidades nas cadeias de valor;<\/p>\n<p>Estrate&#769;gias e ac&#807;o&#771;es transformadoras para fortalecer, influenciar e incidir nos principais desafios identificados;<\/p>\n<p>Melhores condi&ccedil;&otilde;es de vida e trabalho no setor, com destaque &agrave;s quest&otilde;es de g&ecirc;nero;<\/p>\n<p>Maior diversifica&ccedil;&atilde;o e inova&ccedil;&atilde;o industrial e de servi&ccedil;os;<\/p>\n<p>Uso eficiente de recursos naturais e processos produtivos com baixo impacto ambiental;<\/p>\n<p>Politicas p&uacute;blicas favorecendo o desenvolvimento sustent&aacute;vel do setor.<\/p>\n<p>O projeto ter&aacute; duas fases: a constru&ccedil;&atilde;o de cen&aacute;rios futuros do setor do vestu&aacute;rio e o laborat&oacute;rio social. Na primeira, a inten&ccedil;&atilde;o &eacute; construir, por meio de uma arquitetura de di&aacute;logo estrat&eacute;gico e inovador, um conjunto de cen&aacute;rios relevantes, desafiadores, plaus&iacute;veis e claros para estimular a reflex&atilde;o e o debate sobre o futuro do setor do vestu&aacute;rio. Na segunda, a inten&ccedil;&atilde;o &eacute; criar e prototipar iniciativas multissetoriais que tragam inova&ccedil;&otilde;es para o setor de vestu&aacute;rio nos pr&oacute;ximos anos.<\/p>\n<p>&ldquo;A ind&uacute;stria t&ecirc;xtil e do vestu&aacute;rio &eacute; um setor importante no mundo e no Brasil, empregando 1,7 milh&atilde;o de trabalhadores na produ&ccedil;&atilde;o&rdquo;, observa o diretor da OIT no Brasil, Peter Poschen. &ldquo;A OIT est&aacute; engajada em muitos pa&iacute;ses do mundo para ajudar os atores dessa cadeia de valor a melhorar as condi&ccedil;&otilde;es de trabalho, aumentar a produtividade e a renda e reduzir os impactos ambientais. O desenvolvimento sustent&aacute;vel dessa cadeia produtiva s&oacute; pode acontecer com base num di&aacute;logo social e com a constru&ccedil;&atilde;o de parcerias entre os atores chaves&rdquo;.<\/p>\n<p>O presente processo tem base nas metodologias de Planejamento de Cen&aacute;rios Transformadores e Laborat&oacute;rios Sociais, desenvolvidas e aplicadas pela Reos Partners em v&aacute;rios pa&iacute;ses do mundo nos &uacute;ltimos 20 anos. A metodologia aborda os problemas complexos de maneira sist&ecirc;mica e gera impacto coletivo ao longo dos anos, em temas como educa&ccedil;&atilde;o, sa&uacute;de, alimenta&ccedil;&atilde;o, energia, meio ambiente, desenvolvimento, justi&ccedil;a, seguran&ccedil;a e paz.<\/p>\n<p>&ldquo;A colabora&ccedil;&atilde;o entre os diferentes elos que comp&otilde;em a cadeia da moda &eacute; essencial para que o setor possa ser mais justo e sustent&aacute;vel. Esperamos que essa iniciativa seja mais um passo nesse sentido, de constru&ccedil;&atilde;o conjunta de solu&ccedil;&otilde;es&rdquo;, completa Giuliana Ortega, diretora executiva do Instituto C&amp;A.<\/p>\n<p>Representando mais de 30 mil empresas no Brasil de t&ecirc;xteis e de confec&ccedil;&atilde;o, a Abit insere mais este projeto em sua &aacute;rea de sustentabilidade e inova&ccedil;&atilde;o. &ldquo;Trata-se de mais uma iniciativa que a Abit participa para incentivar as melhores pr&aacute;ticas de compliance na cadeia de produ&ccedil;&atilde;o e distribui&ccedil;&atilde;o de t&ecirc;xteis e confeccionados. A Abit tem desenvolvido, divulgado e promovido palestras, congressos e workshops dedicados ao aprofundamento do tema com as empresas, buscando alinhar a produ&ccedil;&atilde;o e a distribui&ccedil;&atilde;o aos objetivos de desenvolvimento sustent&aacute;vel.<\/p>\n<p>&Eacute; uma agenda positiva e convergente com os nossos estudos sobre a Quarta Revolu&ccedil;&atilde;o Industrial do Setor T&ecirc;xtil e de Confec&ccedil;&atilde;o, com o Programa de Certifica&ccedil;&atilde;o &ldquo;Selo Qual&rdquo; e com nossa inser&ccedil;&atilde;o na Cadeia Global de Valor. Entendemos que a quest&atilde;o do compliance, em todas as suas vertentes, ser&aacute;, mais e mais, um tema de alcance, discuss&atilde;o e solu&ccedil;&atilde;o mundial, de forma a promover os melhores valores e mitigar a concorr&ecirc;ncia desleal&rdquo;, declara Fernando Pimentel, presidente da Abit.<\/p>\n","protected":false},"excerpt":{"rendered":"<p>Iniciativa in&eacute;dita prop&otilde;e transformar os principais desafios do mundo da moda<\/p>\n","protected":false},"author":1,"featured_media":445,"comment_status":"open","ping_status":"open","sticky":false,"template":"","format":"standard","meta":{"tdm_status":"","tdm_grid_status":"","footnotes":"","jetpack_publicize_message":"","jetpack_publicize_feature_enabled":true,"jetpack_social_post_already_shared":false,"jetpack_social_options":{"image_generator_settings":{"template":"highway","enabled":false},"version":2}},"categories":[20],"tags":[],"class_list":{"0":"post-446","1":"post","2":"type-post","3":"status-publish","4":"format-standard","5":"has-post-thumbnail","7":"category-destaques"},"jetpack_publicize_connections":[],"jetpack_featured_media_url":"https:\/\/radardofuturo.com.br\/test\/wp-content\/uploads\/2017\/08\/laboratorio-de-moda-sustentavel-oit-abit-abvtex.jpg","post_mailing_queue_ids":[],"_links":{"self":[{"href":"https:\/\/radardofuturo.com.br\/test\/wp-json\/wp\/v2\/posts\/446","targetHints":{"allow":["GET"]}}],"collection":[{"href":"https:\/\/radardofuturo.com.br\/test\/wp-json\/wp\/v2\/posts"}],"about":[{"href":"https:\/\/radardofuturo.com.br\/test\/wp-json\/wp\/v2\/types\/post"}],"author":[{"embeddable":true,"href":"https:\/\/radardofuturo.com.br\/test\/wp-json\/wp\/v2\/users\/1"}],"replies":[{"embeddable":true,"href":"https:\/\/radardofuturo.com.br\/test\/wp-json\/wp\/v2\/comments?post=446"}],"version-history":[{"count":0,"href":"https:\/\/radardofuturo.com.br\/test\/wp-json\/wp\/v2\/posts\/446\/revisions"}],"wp:featuredmedia":[{"embeddable":true,"href":"https:\/\/radardofuturo.com.br\/test\/wp-json\/wp\/v2\/media\/445"}],"wp:attachment":[{"href":"https:\/\/radardofuturo.com.br\/test\/wp-json\/wp\/v2\/media?parent=446"}],"wp:term":[{"taxonomy":"category","embeddable":true,"href":"https:\/\/radardofuturo.com.br\/test\/wp-json\/wp\/v2\/categories?post=446"},{"taxonomy":"post_tag","embeddable":true,"href":"https:\/\/radardofuturo.com.br\/test\/wp-json\/wp\/v2\/tags?post=446"}],"curies":[{"name":"wp","href":"https:\/\/api.w.org\/{rel}","templated":true}]}}