{"id":4444,"date":"2019-07-04T11:45:51","date_gmt":"2019-07-04T14:45:51","guid":{"rendered":"https:\/\/radardofuturo.com.br\/?p=4444"},"modified":"2019-07-04T11:45:51","modified_gmt":"2019-07-04T14:45:51","slug":"aceleradora-de-negocios-recebe-inscricoes-para-novo-programa","status":"publish","type":"post","link":"https:\/\/radardofuturo.com.br\/test\/aceleradora-de-negocios-recebe-inscricoes-para-novo-programa\/","title":{"rendered":"Aceleradora de neg\u00f3cios recebe inscri\u00e7\u00f5es para novo programa"},"content":{"rendered":"<p>Programa de acelera&ccedil;&atilde;o de neg&oacute;cios de impacto social focado em Educa&ccedil;&atilde;o &amp; Empregabilidade est&aacute; com as inscri&ccedil;&otilde;es abertas.<\/p>\n<p><!--more--><\/p>\n<p>Organiza&ccedil;&atilde;o pioneira no apoio a neg&oacute;cios de impacto social, a Artemisia inicia busca por empreendedores para o programa Artemisia Lab Educa&ccedil;&atilde;o e Empregabilidade. A iniciativa vai selecionar at&eacute; 20 neg&oacute;cios em est&aacute;gio inicial para uma jornada de seis semanas de acelera&ccedil;&atilde;o; at&eacute; tr&ecirc;s startups &ndash; que se destacarem ao longo do processo &ndash; poder&atilde;o receber capital-semente de at&eacute; 20 mil cada e acompanhamento extra personalizado por mais tr&ecirc;s meses.<\/p>\n<p>No Brasil, a falta de acesso a uma educa&ccedil;&atilde;o de qualidade tem perpetuado a condi&ccedil;&atilde;o de pobreza em diferentes gera&ccedil;&otilde;es, que afeta o pleno desenvolvimento e qualidade de vida de uma grande parcela da popula&ccedil;&atilde;o. Entre as pessoas mais vulner&aacute;veis economicamente, a enorme probabilidade de os filhos frequentarem escolas de baixa qualidade limita as futuras op&ccedil;&otilde;es de trabalho; aos jovens das classes sociais menos favorecidas, legamos os empregos com baixa remunera&ccedil;&atilde;o. O estudo O elevador social est&aacute; quebrado? Como promover a mobilidade social, conduzido pela Organiza&ccedil;&atilde;o para a Coopera&ccedil;&atilde;o e Desenvolvimento Econ&ocirc;mico (OECD), aponta que seriam necess&aacute;rias nove gera&ccedil;&otilde;es para que os descendentes de um brasileiro &ndash; que integre o grupo dos 10% mais pobres do pa&iacute;s &ndash; cheguem ao n&iacute;vel m&eacute;dio de rendimento do pa&iacute;s.<\/p>\n<p>Dados compilados pela organiza&ccedil;&atilde;o Todos pela Educa&ccedil;&atilde;o em 2017 revelam que 2,46 milh&otilde;es de crian&ccedil;as e jovens, com idade entre 4 a 17 anos, est&atilde;o fora da escola. No pa&iacute;s, 52% da popula&ccedil;&atilde;o n&atilde;o tem diploma do ensino m&eacute;dio e somente 17% dos jovens adultos com idade entre 24 e 34 anos atingem o ensino superior, segundo relat&oacute;rio da OCDE de 2018. Essa organiza&ccedil;&atilde;o aponta, ainda, que os estudantes brasileiros est&atilde;o entre os mais ansiosos e inseguros do mundo; a falta de habilidades socioemocionais &ndash; resili&ecirc;ncia e relacionamento interpessoal, por exemplo &ndash; tem efeitos negativos na renda e no desempenho profissional. Esse dano n&atilde;o &eacute; compensado pelas habilidades cognitivas. Nesse cen&aacute;rio que demanda mudan&ccedil;as urgentes, a Artemisia reuniu educa&ccedil;&atilde;o e empregabilidade, tem&aacute;ticas complementares e que devem ser vistas de maneira integrada, em um programa de curto prazo para acelera&ccedil;&atilde;o de neg&oacute;cios de impacto social.<\/p>\n<p>A proposta do Artemisia Lab Educa&ccedil;&atilde;o e Empregabilidade &eacute; apoiar uma nova gera&ccedil;&atilde;o de startupscom solu&ccedil;&otilde;es inovadoras que tenham potencial para impactar milh&otilde;es de brasileiros &ndash; especialmente as pessoas mais vulner&aacute;veis e de menor renda. Gratuito e com o apoio da Potencia Ventures, o programa vai selecionar at&eacute; 20 neg&oacute;cios em est&aacute;gio inicial para uma jornada de seis semanas, compostas por workshops presenciais e encontros online, baseados na metodologia exclusiva de acelera&ccedil;&atilde;o da Artemisia, que j&aacute; foi testada com mais de 170 startups.<\/p>\n<p>Segundo Maure Pessanha, diretora-executiva da Artemisia, educa&ccedil;&atilde;o e empregabilidade s&atilde;o temas complementares em uma perspectiva do desenvolvimento de pessoas que tenham maior repert&oacute;rio e estejam mais aptas para o mercado de trabalho atual e futuro. A falta de acesso &agrave; educa&ccedil;&atilde;o de qualidade e alinhada &agrave;s novas demandas &eacute; um dos grandes desafios contempor&acirc;neos. Sem iguais oportunidades de educa&ccedil;&atilde;o n&atilde;o &eacute; poss&iacute;vel competir de forma justa por empregos promissores. Em paralelo, o desemprego &ndash; em &eacute;pocas de instabilidade econ&ocirc;mica &ndash; afeta, majoritariamente os brasileiros com menor n&iacute;vel de escolaridade. &ldquo;Do outro lado, vemos despontar um novo mercado de trabalho com o surgimento de vagas alinhadas &agrave;s novas tecnologias, que demandam profissionais com diferentes habilidades. Tais capacita&ccedil;&otilde;es ainda n&atilde;o s&atilde;o acess&iacute;veis para popula&ccedil;&atilde;o de baixa renda e para grupos vulner&aacute;veis, gerando um mercado de trabalho pouco inclusivo e diverso&rdquo;, afirma Maure.<\/p>\n<p>A executiva defende ser preciso quebrar o atual ciclo intergeracional da pobreza, que se estabelece pela falta de educa&ccedil;&atilde;o &ndash; que leva a piores oportunidades de empregos. Frente ao cen&aacute;rio desafiador, Maure acredita ser preciso apoiar neg&oacute;cios inovadores que se apresentam como um caminho para complementar o acesso, qualificar a educa&ccedil;&atilde;o &ndash; em diferentes fases da vida &ndash; e dar iguais oportunidades de trabalho digno a todos. &ldquo;Por isso, estamos em busca de solu&ccedil;&otilde;es e empreendedores genuinamente interessados em dar suporte ao desenvolvimento educacional e qualifica&ccedil;&atilde;o de pessoas em situa&ccedil;&atilde;o de vulnerabilidade econ&ocirc;mica ou ampliar o acesso a melhores oportunidades de emprego&rdquo;, finaliza a executiva.<\/p>\n<h2>Crit&eacute;rios de sele&ccedil;&atilde;o e setores<\/h2>\n<p>O Artemisia Lab Educa&ccedil;&atilde;o &amp; Empregabilidade busca empreendedores de todo o Brasil que tenham neg&oacute;cios inovadores focados nos dois setores. A metodologia &ndash; desenvolvida pela Artemisia, organiza&ccedil;&atilde;o que h&aacute; 15 anos apoia neg&oacute;cios de impacto social no Brasil &ndash; foi planejada para potencializar solu&ccedil;&otilde;es destinadas a dar acesso &agrave; educa&ccedil;&atilde;o de qualidade &ndash; da primeira inf&acirc;ncia &agrave; vida adulta &ndash; ou ampliar o acesso e conex&atilde;o com melhoresoportunidades de emprego. Ser&atilde;o selecionados empreendedores de neg&oacute;cios que j&aacute; tenham prot&oacute;tipos desenvolvidos em processo de valida&ccedil;&atilde;o das propostas de valor e modelos de neg&oacute;cio &ndash; e que tenham potencial e intencionalidade para gerar impacto social positivo.<\/p>\n<p>Entre os crit&eacute;rios de sele&ccedil;&atilde;o, o impacto social(neg&oacute;cios que ofere&ccedil;am produtos ou servi&ccedil;os para resolu&ccedil;&atilde;o de quest&otilde;es relacionadas aos desafios de educa&ccedil;&atilde;o e empregabilidade);perfil (empreendedores com inten&ccedil;&atilde;o genu&iacute;na de mudar o Brasil, com hist&oacute;rico de realiza&ccedil;&otilde;es e capacidade para atrair talentos e desenvolver equipe consistente); potencial de escala(modelos de neg&oacute;cio lucrativos que ofere&ccedil;am solu&ccedil;&otilde;es que possam ser escal&aacute;veis e com potencial de atender milhares de pessoas das classes C, D e E); est&aacute;gio de maturidade(startups com prot&oacute;tipo ou produto\/servi&ccedil;o desenvolvido, que est&atilde;o em fase de valida&ccedil;&atilde;o da proposta de valor e modelo de neg&oacute;cios); e potencial de inova&ccedil;&atilde;o(capacidade de entregar solu&ccedil;&otilde;es inovadoras com potencial de promover qualidade de vida para popula&ccedil;&atilde;o de baixa renda brasileira por meio de solu&ccedil;&otilde;es em educa&ccedil;&atilde;o e empregabilidade). &Eacute; essencial a disponibilidade de pelo menos um representante do neg&oacute;cio para participar de todos os dias de workshops presenciais que acontecem nos dias 24 e 25 de setembro; e 29 e 30 de outubro de 2019.<\/p>\n<p>Para participar, &eacute; preciso ter um neg&oacute;cio alinhado a uma das tem&aacute;ticas do programa: primeira inf&acirc;ncia (solu&ccedil;&otilde;es que contribuam para o desenvolvimento de crian&ccedil;as com idade entre zero e 6 anos; em rela&ccedil;&atilde;o &agrave; aprendizagem, habilidades comportamentais e socioemocionais e\/ou solu&ccedil;&otilde;es que apoiem pais e cuidadores, tendo como foco a prepara&ccedil;&atilde;o das crian&ccedil;as para escola e para outras etapas da vida); educa&ccedil;&atilde;o experiencial (incentivo &agrave; cultura maker, metodologias n&atilde;o tradicionais de educa&ccedil;&atilde;o, aprendizagem baseada em projetos, e\/ou solu&ccedil;&otilde;es que promovam trocas culturais ampliando horizontes de aprendizagem); desenvolvimento de compet&ecirc;ncias do s&eacute;culo XXI (que promovam o desenvolvimento de compet&ecirc;ncias socioemocionais, trabalho em equipe, <a href=\"https:\/\/radardofuturo.com.br\/test\/ddof\/o-que-e-pensamento-critico\/\" target=\"_self\" title=\"O pensamento cr&iacute;tico &eacute; uma compet&ecirc;ncia intelectual demonstrada por seres humanos, especialistas ou n&atilde;o, que possibilita tomar uma decis&atilde;o ou forma uma opini&atilde;o a partir da pondera&ccedil;&atilde;o de m&uacute;ltiplas vari&aacute;veis. Requer a an&aacute;lise de fatos, acontecimentos, ideias ou afirma&ccedil;&otilde;es com vis&atilde;o abrangente, explorando a relev&acirc;ncia, o peso e a consist&ecirc;ncia das informa&ccedil;&otilde;es envolvidas. De outra&hellip;\" class=\"encyclopedia\">pensamento cr&iacute;tico<\/a>, criatividade, resolu&ccedil;&atilde;o de conflito, flexibilidade e resili&ecirc;ncia, entre outras); forma&ccedil;&atilde;o em tecnologia (capacita&ccedil;&atilde;o e\/ou qualifica&ccedil;&atilde;o de pessoas para o mercado de tecnologia como programa&ccedil;&atilde;o, desenvolvimento de sistemas, an&aacute;lise de dados, entre outras habilidades necess&aacute;rias para a &aacute;rea); apoio a educadores (desenvolvimento e qualifica&ccedil;&atilde;o de educadores das institui&ccedil;&otilde;es de ensino &ndash; desde creches at&eacute; institui&ccedil;&otilde;es de ensino superior); orienta&ccedil;&atilde;o e inicia&ccedil;&atilde;o profissional(apoio &agrave; inser&ccedil;&atilde;o de jovens no mercado de trabalho e\/ou no processo de escolha profissional e cria&ccedil;&atilde;o de plano de carreira para p&uacute;blicos diversos); planejamento financeiro e financiamento educacional(que apoiem jovens no acesso a financiamento estudantil ou bolsas de estudo ou, ainda, que contribuam para o planejamento financeiro voltado ao investimento em educa&ccedil;&atilde;o); melhores oportunidades profissionais(que tragam acesso e conex&atilde;o a empregos dignos, melhores condi&ccedil;&otilde;es de trabalho e\/ou jornadas flex&iacute;veis ou, ainda, solu&ccedil;&otilde;es de capacita&ccedil;&atilde;o profissional que deem acesso a melhores sal&aacute;rios e oportunidades de emprego); e inova&ccedil;&atilde;o e tecnologia (que promovam inova&ccedil;&atilde;o na forma&ccedil;&atilde;o e qualifica&ccedil;&atilde;o de pessoas &ndash; desde a educa&ccedil;&atilde;o b&aacute;sica at&eacute; a profissionaliza&ccedil;&atilde;o &ndash; por meio de modelos online, offline ou h&iacute;bridos).<\/p>\n<h2>Benef&iacute;cios aos selecionados<\/h2>\n<p>Os empreendedores selecionados ser&atilde;o potencializados com base na metodologia exclusiva de acelera&ccedil;&atilde;o de curto prazo da Artemisia, tendo acesso &agrave; curadoria de ferramentas e conte&uacute;dos; conex&atilde;o com outros empreendedores dos setores; e mentorias com especialistas em neg&oacute;cio, impacto social, educa&ccedil;&atilde;o e empregabilidade. O objetivo &eacute; que os participantes saiam do programa com maior clareza sobre os pr&oacute;ximos passos do seu neg&oacute;cio para que avancem no desenvolvimento de aspectos fundamentais e estejam mais preparados para crescer e gerar impacto social no setor atuante. Os empreendedores que conclu&iacute;rem o programa tamb&eacute;m passam a fazer parte do portf&oacute;lio Artemisia. At&eacute; tr&ecirc;s startups que se destacarem ao longo do processo poder&atilde;o receber capital semente de at&eacute; 20 mil reais cada e ter&atilde;o um acompanhamento individualizado extra com equipe Artemisia.<\/p>\n<p>Gratuitas, as inscri&ccedil;&otilde;es est&atilde;o abertas de 2 de julho a 5 de agosto de 2019 e podem ser feitas pelo site <a href=\"http:\/\/www.artemisia.org.br\/labeducacaoeempregabilidade\" target=\"_blank\" rel=\"noopener\">www.artemisia.org.br\/labeducacaoeempregabilidade<\/a><\/p>\n<hr>\n<h4><em>A Artemisia<\/em><\/h4>\n<p><em>A Artemisia &eacute; uma organiza&ccedil;&atilde;o sem fins lucrativos, pioneira na dissemina&ccedil;&atilde;o e no fomento de neg&oacute;cios de impacto social no Brasil. A organiza&ccedil;&atilde;o apoia neg&oacute;cios voltados &agrave; popula&ccedil;&atilde;o de baixa renda, que criam solu&ccedil;&otilde;es para problemas socioambientais e provocam impacto social positivo por meio de sua atividade principal. Sua miss&atilde;o &eacute; identificar e potencializar empreendedores(as) e neg&oacute;cios de impacto social que sejam refer&ecirc;ncia na constru&ccedil;&atilde;o de um Brasil mais &eacute;tico e justo. A organiza&ccedil;&atilde;o j&aacute; acelerou mais de 150 neg&oacute;cios de impacto social no Brasil e capacitou outros 300 em seus diferentes programas. S&oacute; nos &uacute;ltimos 8 anos j&aacute; apoiou 57 neg&oacute;cios nos setores de Educa&ccedil;&atilde;o e Empregabilidade.<\/em><\/p>\n<p><em>site: <a href=\"http:\/\/artemisia.org.br\" target=\"_blank\" rel=\"noopener\">artemisia.org.br<\/a><\/em><\/p>\n","protected":false},"excerpt":{"rendered":"<p>Programa de acelera&ccedil;&atilde;o de neg&oacute;cios de impacto social focado em Educa&ccedil;&atilde;o &amp; Empregabilidade est&aacute; com as inscri&ccedil;&otilde;es abertas.<\/p>\n","protected":false},"author":1,"featured_media":0,"comment_status":"open","ping_status":"open","sticky":false,"template":"","format":"standard","meta":{"tdm_status":"","tdm_grid_status":"","footnotes":"","jetpack_publicize_message":"","jetpack_publicize_feature_enabled":true,"jetpack_social_post_already_shared":true,"jetpack_social_options":{"image_generator_settings":{"template":"highway","enabled":false},"version":2}},"categories":[18],"tags":[],"class_list":{"0":"post-4444","1":"post","2":"type-post","3":"status-publish","4":"format-standard","6":"category-eventos"},"jetpack_publicize_connections":[],"jetpack_featured_media_url":"","post_mailing_queue_ids":[],"_links":{"self":[{"href":"https:\/\/radardofuturo.com.br\/test\/wp-json\/wp\/v2\/posts\/4444","targetHints":{"allow":["GET"]}}],"collection":[{"href":"https:\/\/radardofuturo.com.br\/test\/wp-json\/wp\/v2\/posts"}],"about":[{"href":"https:\/\/radardofuturo.com.br\/test\/wp-json\/wp\/v2\/types\/post"}],"author":[{"embeddable":true,"href":"https:\/\/radardofuturo.com.br\/test\/wp-json\/wp\/v2\/users\/1"}],"replies":[{"embeddable":true,"href":"https:\/\/radardofuturo.com.br\/test\/wp-json\/wp\/v2\/comments?post=4444"}],"version-history":[{"count":0,"href":"https:\/\/radardofuturo.com.br\/test\/wp-json\/wp\/v2\/posts\/4444\/revisions"}],"wp:attachment":[{"href":"https:\/\/radardofuturo.com.br\/test\/wp-json\/wp\/v2\/media?parent=4444"}],"wp:term":[{"taxonomy":"category","embeddable":true,"href":"https:\/\/radardofuturo.com.br\/test\/wp-json\/wp\/v2\/categories?post=4444"},{"taxonomy":"post_tag","embeddable":true,"href":"https:\/\/radardofuturo.com.br\/test\/wp-json\/wp\/v2\/tags?post=4444"}],"curies":[{"name":"wp","href":"https:\/\/api.w.org\/{rel}","templated":true}]}}