{"id":4343,"date":"2019-07-01T07:52:27","date_gmt":"2019-07-01T10:52:27","guid":{"rendered":"https:\/\/radardofuturo.com.br\/?p=4343"},"modified":"2019-07-01T07:57:45","modified_gmt":"2019-07-01T10:57:45","slug":"reducao-de-credito-pode-impulsionar-desigualdade-no-pais","status":"publish","type":"post","link":"https:\/\/radardofuturo.com.br\/test\/reducao-de-credito-pode-impulsionar-desigualdade-no-pais\/","title":{"rendered":"Redu\u00e7\u00e3o do acesso a cr\u00e9dito pode impulsionar desigualdade no pa\u00eds"},"content":{"rendered":"<p>Historicamente, os bancos privados privilegiam o financiamento das regi&otilde;es mais desenvolvidas do pa&iacute;s, como Sul e Sudeste, e as grandes empresas.<\/p>\n<p><!--more--><\/p>\n<p>A participa&ccedil;&atilde;o dos bancos privados no saldo das opera&ccedil;&otilde;es de cr&eacute;dito superou a dos bancos p&uacute;blicos pela primeira vez, desde junho de 2013. Os dados apresentados na &uacute;ltima quarta-feira pelo Banco Central (BC) acendem um alerta para a concentra&ccedil;&atilde;o regional e setorial dos financiamentos no pa&iacute;s, j&aacute; que os bancos privados atuam exclusivamente nas &aacute;reas e p&uacute;blicos de maior renda. A mudan&ccedil;a pode representar redu&ccedil;&atilde;o de cr&eacute;dito para a fatia da popula&ccedil;&atilde;o que mais precisa e que depende das institui&ccedil;&otilde;es p&uacute;blicas para o desenvolvimento.<\/p>\n<p>O presidente da Federa&ccedil;&atilde;o Nacional das Associa&ccedil;&otilde;es do Pessoal da Caixa Econ&ocirc;mica Federal (Fenae), Jair Pedro Ferreira, lembra que, historicamente, os bancos privados financiam as regi&otilde;es mais desenvolvidas do pa&iacute;s, como Sul e Sudeste, e as grandes empresas. &ldquo;As an&aacute;lises para a concess&atilde;o de cr&eacute;dito s&atilde;o t&atilde;o criteriosas, que s&oacute; obt&eacute;m quem j&aacute; tem dinheiro. E o cr&eacute;dito para o microempreendedor do interior do Norte e Nordeste? S&atilde;o os bancos p&uacute;blicos que concedem cr&eacute;dito para as pol&iacute;ticas p&uacute;blicas&rdquo;, avalia Jair Pedro Ferreira.<\/p>\n<p>De acordo com estat&iacute;sticas divulgadas pelo BC, o saldo das opera&ccedil;&otilde;es de cr&eacute;dito das institui&ccedil;&otilde;es estatais chegou a R$ 1,643 trilh&atilde;o, enquanto o das institui&ccedil;&otilde;es privadas (nacionais e estrangeiras) foi de R$ 1,644 trilh&atilde;o. Em tr&ecirc;s anos, a carteira dos bancos p&uacute;blicos teve uma queda de 6,6%. Em janeiro em 2016 representava 30,2% do PIB e em maio deste ano &eacute; de 23,6%.<\/p>\n<p>A Caixa responde por sete de cada 10 financiamentos imobili&aacute;rios no Brasil. A popula&ccedil;&atilde;o das regi&otilde;es Nordeste e Norte s&atilde;o ainda mais dependentes dos bancos p&uacute;blicos para comprar a casa pr&oacute;pria. Dados do Banco Central, de janeiro de 2019, mostram que, em Teresina (PI), 86% do cr&eacute;dito imobili&aacute;rio &eacute; concedido pela Caixa, 12,3% pelo Banco do Brasil (BB) e 1,6% pelo Banco do Nordeste (BNB). Bancos privados n&atilde;o ofertam cr&eacute;dito para habita&ccedil;&atilde;o na cidade. Ainda na capital piauiense, 78,5% do cr&eacute;dito agropecu&aacute;rio &eacute; concedido pelo BB, 16,5% pelo BNB e 2,8% pela Caixa.<\/p>\n<p>&ldquo;A fun&ccedil;&atilde;o dos bancos p&uacute;blicos no desenvolvimento socioecon&ocirc;mico nacional, atendendo a popula&ccedil;&atilde;o de baixa renda, nos programas de microcr&eacute;dito produtivo orientado e no cr&eacute;dito agr&iacute;cola, &eacute; um fato. &Eacute; o banco p&uacute;blico que oferta cr&eacute;dito para quem precisa. Os bancos privados visam lucro e n&atilde;o assumem riscos&rdquo;, destacou Jair Pedro Ferreira.<\/p>\n<p>Crise de 2008<\/p>\n<p>Durante a crise econ&ocirc;mica de 2008, iniciada com a fal&ecirc;ncia do banco de investimento americano Lehman Brothers, v&aacute;rias institui&ccedil;&otilde;es financeiras do mundo quebraram. Conhecida como crise do subprime, v&aacute;rios bancos ficaram em situa&ccedil;&atilde;o de insolv&ecirc;ncia o que afetou as bolsas de valores de todo mundo. O evento a teve reflexos no Brasil, que s&oacute; n&atilde;o foram maiores gra&ccedil;as &agrave; atua&ccedil;&atilde;o dos bancos p&uacute;blicos que emprestaram a baixos juros, evitando que a crise fosse maior.<\/p>\n","protected":false},"excerpt":{"rendered":"<p>Historicamente, os bancos privados privilegiam o financiamento das regi&otilde;es mais desenvolvidas do pa&iacute;s, como Sul e Sudeste, e as grandes empresas.<\/p>\n","protected":false},"author":1,"featured_media":0,"comment_status":"open","ping_status":"open","sticky":false,"template":"","format":"standard","meta":{"tdm_status":"","tdm_grid_status":"","footnotes":"","jetpack_publicize_message":"","jetpack_publicize_feature_enabled":true,"jetpack_social_post_already_shared":true,"jetpack_social_options":{"image_generator_settings":{"template":"highway","enabled":false},"version":2}},"categories":[22],"tags":[1329,1330,1328],"class_list":{"0":"post-4343","1":"post","2":"type-post","3":"status-publish","4":"format-standard","6":"category-indicadores","7":"tag-aumento-da-desigualdade","8":"tag-cortes-de-gastos-publicos","9":"tag-futuro-do-credito"},"jetpack_publicize_connections":[],"jetpack_featured_media_url":"","post_mailing_queue_ids":[],"_links":{"self":[{"href":"https:\/\/radardofuturo.com.br\/test\/wp-json\/wp\/v2\/posts\/4343","targetHints":{"allow":["GET"]}}],"collection":[{"href":"https:\/\/radardofuturo.com.br\/test\/wp-json\/wp\/v2\/posts"}],"about":[{"href":"https:\/\/radardofuturo.com.br\/test\/wp-json\/wp\/v2\/types\/post"}],"author":[{"embeddable":true,"href":"https:\/\/radardofuturo.com.br\/test\/wp-json\/wp\/v2\/users\/1"}],"replies":[{"embeddable":true,"href":"https:\/\/radardofuturo.com.br\/test\/wp-json\/wp\/v2\/comments?post=4343"}],"version-history":[{"count":0,"href":"https:\/\/radardofuturo.com.br\/test\/wp-json\/wp\/v2\/posts\/4343\/revisions"}],"wp:attachment":[{"href":"https:\/\/radardofuturo.com.br\/test\/wp-json\/wp\/v2\/media?parent=4343"}],"wp:term":[{"taxonomy":"category","embeddable":true,"href":"https:\/\/radardofuturo.com.br\/test\/wp-json\/wp\/v2\/categories?post=4343"},{"taxonomy":"post_tag","embeddable":true,"href":"https:\/\/radardofuturo.com.br\/test\/wp-json\/wp\/v2\/tags?post=4343"}],"curies":[{"name":"wp","href":"https:\/\/api.w.org\/{rel}","templated":true}]}}