{"id":4325,"date":"2019-06-28T08:52:28","date_gmt":"2019-06-28T11:52:28","guid":{"rendered":"https:\/\/radardofuturo.com.br\/?p=4325"},"modified":"2019-06-28T08:52:28","modified_gmt":"2019-06-28T11:52:28","slug":"mais-tecnologica-empresa-do-futuro-nao-abrira-mao-de-pessoas","status":"publish","type":"post","link":"https:\/\/radardofuturo.com.br\/test\/mais-tecnologica-empresa-do-futuro-nao-abrira-mao-de-pessoas\/","title":{"rendered":"Mais tecnol\u00f3gica, empresa do futuro n\u00e3o abrir\u00e1 m\u00e3o de pessoas"},"content":{"rendered":"<figure id=\"attachment_4326\" aria-describedby=\"caption-attachment-4326\" style=\"width: 960px\" class=\"wp-caption alignnone\"><img loading=\"lazy\" decoding=\"async\" class=\"alignnone size-full wp-image-4326\" src=\"https:\/\/radardofuturo.com.br\/test\/wp-content\/uploads\/2019\/06\/reuniao-encontro-conversas-de-negocios-foto-pixabay.jpg\" alt=\"As empresas do futuro ser&atilde;o, obviamente, mais tecnol&oacute;gicas, robotizadas, mas jamais deixar&atilde;o de necessitar da m&atilde;o de obra humana, que &eacute; t&atilde;o necess&aacute;ria.\" width=\"960\" height=\"640\" srcset=\"https:\/\/radardofuturo.com.br\/test\/wp-content\/uploads\/2019\/06\/reuniao-encontro-conversas-de-negocios-foto-pixabay.jpg 960w, https:\/\/radardofuturo.com.br\/test\/wp-content\/uploads\/2019\/06\/reuniao-encontro-conversas-de-negocios-foto-pixabay-300x200.jpg 300w, https:\/\/radardofuturo.com.br\/test\/wp-content\/uploads\/2019\/06\/reuniao-encontro-conversas-de-negocios-foto-pixabay-768x512.jpg 768w, https:\/\/radardofuturo.com.br\/test\/wp-content\/uploads\/2019\/06\/reuniao-encontro-conversas-de-negocios-foto-pixabay-480x320.jpg 480w\" sizes=\"auto, (max-width: 960px) 100vw, 960px\"><figcaption id=\"caption-attachment-4326\" class=\"wp-caption-text\">As empresas do futuro ser&atilde;o, obviamente, mais tecnol&oacute;gicas, robotizadas, mas jamais deixar&atilde;o de necessitar da m&atilde;o de obra humana, que &eacute; t&atilde;o necess&aacute;ria. Foto: pixabay<\/figcaption><\/figure>\n<p><!--more--><\/p>\n<p><em>* Mari Achutti<\/em><\/p>\n<p>O mundo, desde de que se modernizou, passa por grandes revolu&ccedil;&otilde;es. Come&ccedil;ando na Europa entre 1760 e 1840, o primeiro grande passo rumo &agrave; tecnologia, &eacute; um per&iacute;odo da hist&oacute;ria que ficou conhecido como Revolu&ccedil;&atilde;o Industrial. As m&aacute;quinas chegaram para colaborar com a for&ccedil;a humana para agilizar os processos na ind&uacute;stria.<\/p>\n<p>Mas, nos dias de hoje, as mudan&ccedil;as s&atilde;o justificadas no contexto da chamada Quarta Revolu&ccedil;&atilde;o Industrial. Por esse motivo, os profissionais que almejam crescimento e desenvolvimento na carreira precisam ter a no&ccedil;&atilde;o de que as habilidades necess&aacute;rias no mercado de trabalho hoje s&atilde;o completamente diferentes dos skills que aprendemos na nossa sua educa&ccedil;&atilde;o profissional, e mais: elas mudam o tempo todo.<\/p>\n<p>Para se ter uma ideia dessas mudan&ccedil;as, de acordo o relat&oacute;rio &ldquo;The Future of Jobs&rdquo; produzido pelo F&oacute;rum Econ&ocirc;mico Mundial, at&eacute; 2020, 35% das habilidades mais demandadas para a maioria das ocupa&ccedil;&otilde;es deve mudar. Temas que jamais estudamos em nossa jornada de aprendizagem, desde a escola at&eacute; a faculdade, s&atilde;o as grandes habilidades do agora.<\/p>\n<p>Segundo o estudo, as verdadeiras compet&ecirc;ncias profissionais s&atilde;o: capacidade de resolu&ccedil;&atilde;o de problemas complexos, <a href=\"https:\/\/radardofuturo.com.br\/test\/ddof\/o-que-e-pensamento-critico\/\" target=\"_self\" title=\"O pensamento cr&iacute;tico &eacute; uma compet&ecirc;ncia intelectual demonstrada por seres humanos, especialistas ou n&atilde;o, que possibilita tomar uma decis&atilde;o ou forma uma opini&atilde;o a partir da pondera&ccedil;&atilde;o de m&uacute;ltiplas vari&aacute;veis. Requer a an&aacute;lise de fatos, acontecimentos, ideias ou afirma&ccedil;&otilde;es com vis&atilde;o abrangente, explorando a relev&acirc;ncia, o peso e a consist&ecirc;ncia das informa&ccedil;&otilde;es envolvidas. De outra&hellip;\" class=\"encyclopedia\">pensamento cr&iacute;tico<\/a>, criatividade, gest&atilde;o de pessoas, coordena&ccedil;&atilde;o, intelig&ecirc;ncia emocional, orienta&ccedil;&atilde;o para servir, negocia&ccedil;&atilde;o e flexibilidade cognitiva e a capacidade de julgamento e de tomada de decis&otilde;es ser&atilde;o os diferenciais para os colaboradores nas empresas do futuro.<\/p>\n<p>Para atender com maestria todas essas &ldquo;novas top skills&rdquo;, a flexibilidade &eacute; essencial para este novo profissional. Afinal, se adequar &agrave; realidade do seu trabalho, junto da tecnologia, &eacute; o b&aacute;sico do que acontecer&aacute; nas empresas do futuro.<\/p>\n<p>A publica&ccedil;&atilde;o do FEM, ainda destaca que as m&aacute;quinas desempenhar&atilde;o, at&eacute; 2025, mais fun&ccedil;&otilde;es do que os seres humanos no mundo do trabalho, mas que isso n&atilde;o &eacute; motivo para alarme, j&aacute; que essa revolu&ccedil;&atilde;o tecnol&oacute;gica, que traz os rob&ocirc;s para a cena central, criar&aacute; novos 58 milh&otilde;es de novos empregos em cinco anos para a gest&atilde;o completa da demanda produzida.<\/p>\n<p>As empresas do futuro ser&atilde;o, obviamente, mais tecnol&oacute;gicas, robotizadas, mas jamais deixar&atilde;o de necessitar da m&atilde;o de obra humana, que &eacute; t&atilde;o necess&aacute;ria. A cada mudan&ccedil;a, novos meios e m&eacute;todos ser&atilde;o constru&iacute;dos e implantados. Mas o futuro, que avan&ccedil;a sobre n&oacute;s a cada dia, pode ter sua intelig&ecirc;ncia artificial, por&eacute;m jamais deixar&aacute; de contar com o desenvolvimento das habilidades sociais do capital humano. Por isso, a import&acirc;ncia das organiza&ccedil;&otilde;es investirem na capacita&ccedil;&atilde;o de seus funcion&aacute;rios, para que os mesmos estejam cada vez mais preparados para o futuro que j&aacute; chegou.<\/p>\n<ul>\n<li><em>Mari Achutti &eacute; CEO e fundadora da Sputnik<\/em><\/li>\n<\/ul>\n","protected":false},"excerpt":{"rendered":"","protected":false},"author":1,"featured_media":4326,"comment_status":"open","ping_status":"open","sticky":false,"template":"","format":"standard","meta":{"tdm_status":"","tdm_grid_status":"","footnotes":"","jetpack_publicize_message":"","jetpack_publicize_feature_enabled":true,"jetpack_social_post_already_shared":true,"jetpack_social_options":{"image_generator_settings":{"template":"highway","enabled":false},"version":2}},"categories":[19,36],"tags":[154,423,604],"class_list":{"0":"post-4325","1":"post","2":"type-post","3":"status-publish","4":"format-standard","5":"has-post-thumbnail","7":"category-insights","8":"category-pensadores-futuro","9":"tag-futuro-do-trabalho","10":"tag-oportunidades-do-futuro","11":"tag-trabalho-no-futuro"},"jetpack_publicize_connections":[],"jetpack_featured_media_url":"https:\/\/radardofuturo.com.br\/test\/wp-content\/uploads\/2019\/06\/reuniao-encontro-conversas-de-negocios-foto-pixabay.jpg","post_mailing_queue_ids":[],"_links":{"self":[{"href":"https:\/\/radardofuturo.com.br\/test\/wp-json\/wp\/v2\/posts\/4325","targetHints":{"allow":["GET"]}}],"collection":[{"href":"https:\/\/radardofuturo.com.br\/test\/wp-json\/wp\/v2\/posts"}],"about":[{"href":"https:\/\/radardofuturo.com.br\/test\/wp-json\/wp\/v2\/types\/post"}],"author":[{"embeddable":true,"href":"https:\/\/radardofuturo.com.br\/test\/wp-json\/wp\/v2\/users\/1"}],"replies":[{"embeddable":true,"href":"https:\/\/radardofuturo.com.br\/test\/wp-json\/wp\/v2\/comments?post=4325"}],"version-history":[{"count":0,"href":"https:\/\/radardofuturo.com.br\/test\/wp-json\/wp\/v2\/posts\/4325\/revisions"}],"wp:featuredmedia":[{"embeddable":true,"href":"https:\/\/radardofuturo.com.br\/test\/wp-json\/wp\/v2\/media\/4326"}],"wp:attachment":[{"href":"https:\/\/radardofuturo.com.br\/test\/wp-json\/wp\/v2\/media?parent=4325"}],"wp:term":[{"taxonomy":"category","embeddable":true,"href":"https:\/\/radardofuturo.com.br\/test\/wp-json\/wp\/v2\/categories?post=4325"},{"taxonomy":"post_tag","embeddable":true,"href":"https:\/\/radardofuturo.com.br\/test\/wp-json\/wp\/v2\/tags?post=4325"}],"curies":[{"name":"wp","href":"https:\/\/api.w.org\/{rel}","templated":true}]}}