{"id":422,"date":"2017-07-21T12:09:30","date_gmt":"2017-07-21T15:09:30","guid":{"rendered":"https:\/\/litebold.co\/~radardofuturo\/inteligencia-competitiva-em-cenarios-de-retracao\/"},"modified":"2017-07-21T12:09:30","modified_gmt":"2017-07-21T15:09:30","slug":"inteligencia-competitiva-em-cenarios-de-retracao","status":"publish","type":"post","link":"https:\/\/radardofuturo.com.br\/test\/inteligencia-competitiva-em-cenarios-de-retracao\/","title":{"rendered":"Intelig\u00eancia competitiva em cen\u00e1rios de retra\u00e7\u00e3o"},"content":{"rendered":"<p>&nbsp;<\/p>\n<p>&nbsp;<\/p>\n<p>&nbsp;<\/p>\n<p>As oportunidades est&atilde;o nos detalhes. No cen&aacute;rio carregado de previs&otilde;es negativas para o segundo semestre, a frase &ldquo;Deus est&aacute; nos detalhes&rdquo;, atribu&iacute;da ao f&iacute;sico Albert Einstein, fornece a inspira&ccedil;&atilde;o para o manual de sobreviv&ecirc;ncia do empres&aacute;rio. Afinal, o quadro desenhado para os pr&oacute;ximos meses n&atilde;o deixa d&uacute;vidas de que o pensamento estrat&eacute;gico considera que o contexto externo e interno, de retra&ccedil;&atilde;o dos mercados, integra a coluna das certezas sobre o futuro. Resta valorizar as estrat&eacute;gias inovadoras.<\/p>\n<p>Para o economista Brenner Lopes, consultor especializado em intelig&ecirc;ncia competitiva, o empres&aacute;rio tem de mudar h&aacute;bitos tradicionais diante das crises, cada vez mais permanentes, para enxergar as oportunidades. &Eacute; necess&aacute;rio um esfor&ccedil;o de investimentos em reposicionamento estrat&eacute;gico e financeiro na cultura da gest&atilde;o. &ldquo;Em per&iacute;odos de perspectivas negativas, os empres&aacute;rios adotam o corte de custos como um comportamento natural, com a suspens&atilde;o de projetos e iniciativas, suspens&atilde;o de contrata&ccedil;&otilde;es, al&eacute;m da tentativa de manter contratos e o n&iacute;vel de vendas&rdquo;, avalia. A propens&atilde;o em cortar &eacute; que deve ser eliminada.<\/p>\n<p>&ldquo;V&aacute;rios indicadores da economia consolidam a vis&atilde;o de que a economia no semestre e no primeiro trimestre de 2015 deve manter um desempenho med&iacute;ocre&rdquo;, destaca o economista e consultor. Al&eacute;m do comportamento do &Iacute;ndice de Atividade Econ&ocirc;mica do Banco Central (IBC-Br), que reflete a evolu&ccedil;&atilde;o da atividade econ&ocirc;mica do pa&iacute;s e fundamenta a elabora&ccedil;&atilde;o da estrat&eacute;gia de pol&iacute;tica monet&aacute;ria, ele ressalta, como sinais comprometedores do futuro, o recorde negativo do &Iacute;ndice de Confian&ccedil;a do Empres&aacute;rio do Com&eacute;rcio (Icec-CNC), a retra&ccedil;&atilde;o de investimentos privados e a queda de 7% na produ&ccedil;&atilde;o de qu&iacute;micos para uso industrial, de janeiro a maio.<\/p>\n<p>Os dados refor&ccedil;am as perspectivas do quadro sombrio tra&ccedil;ado por Brenner Lopes, para quem o trip&eacute; formado por super&aacute;vit prim&aacute;rio, metas de infla&ccedil;&atilde;o e c&acirc;mbio flutuante j&aacute; n&atilde;o est&atilde;o sendo perseguidos de maneira adequada. &ldquo;O resultado dessa pol&iacute;tica econ&ocirc;mica nos &uacute;ltimos anos &eacute; a perda de confian&ccedil;a por parte dos investidores, deteriora&ccedil;&atilde;o da imagem do Brasil e desempenho macroecon&ocirc;mico med&iacute;ocre&rdquo;, reitera.<\/p>\n<p>&ldquo;A melhor alternativa, sen&atilde;o a &uacute;nica, &eacute; dar sentido ao ambiente em que estamos inseridos e, portanto criar condi&ccedil;&otilde;es de identifica&ccedil;&atilde;o das op&ccedil;&otilde;es de corre&ccedil;&atilde;o de rotas, novos caminhos alternativos, de mercados e de parceiros&rdquo;, sugere Brenner Lopes. Mais do que nunca, os empres&aacute;rios devem intensificar projetos que tenham como foco a gest&atilde;o de informa&ccedil;&otilde;es.<\/p>\n","protected":false},"excerpt":{"rendered":"<p>&nbsp; &nbsp; &nbsp; As oportunidades est&atilde;o nos detalhes. No cen&aacute;rio carregado de previs&otilde;es negativas para o segundo semestre, a frase &ldquo;Deus est&aacute; nos detalhes&rdquo;, atribu&iacute;da ao f&iacute;sico Albert Einstein, fornece a inspira&ccedil;&atilde;o para o manual de sobreviv&ecirc;ncia do empres&aacute;rio. Afinal, o quadro desenhado para os pr&oacute;ximos meses n&atilde;o deixa d&uacute;vidas de que o pensamento estrat&eacute;gico [&hellip;]<\/p>\n","protected":false},"author":1,"featured_media":0,"comment_status":"open","ping_status":"open","sticky":false,"template":"","format":"standard","meta":{"tdm_status":"","tdm_grid_status":"","footnotes":"","jetpack_publicize_message":"","jetpack_publicize_feature_enabled":true,"jetpack_social_post_already_shared":false,"jetpack_social_options":{"image_generator_settings":{"template":"highway","enabled":false},"version":2}},"categories":[10],"tags":[],"class_list":{"0":"post-422","1":"post","2":"type-post","3":"status-publish","4":"format-standard","6":"category-estudos-prospectivos"},"jetpack_publicize_connections":[],"jetpack_featured_media_url":"","post_mailing_queue_ids":[],"_links":{"self":[{"href":"https:\/\/radardofuturo.com.br\/test\/wp-json\/wp\/v2\/posts\/422","targetHints":{"allow":["GET"]}}],"collection":[{"href":"https:\/\/radardofuturo.com.br\/test\/wp-json\/wp\/v2\/posts"}],"about":[{"href":"https:\/\/radardofuturo.com.br\/test\/wp-json\/wp\/v2\/types\/post"}],"author":[{"embeddable":true,"href":"https:\/\/radardofuturo.com.br\/test\/wp-json\/wp\/v2\/users\/1"}],"replies":[{"embeddable":true,"href":"https:\/\/radardofuturo.com.br\/test\/wp-json\/wp\/v2\/comments?post=422"}],"version-history":[{"count":0,"href":"https:\/\/radardofuturo.com.br\/test\/wp-json\/wp\/v2\/posts\/422\/revisions"}],"wp:attachment":[{"href":"https:\/\/radardofuturo.com.br\/test\/wp-json\/wp\/v2\/media?parent=422"}],"wp:term":[{"taxonomy":"category","embeddable":true,"href":"https:\/\/radardofuturo.com.br\/test\/wp-json\/wp\/v2\/categories?post=422"},{"taxonomy":"post_tag","embeddable":true,"href":"https:\/\/radardofuturo.com.br\/test\/wp-json\/wp\/v2\/tags?post=422"}],"curies":[{"name":"wp","href":"https:\/\/api.w.org\/{rel}","templated":true}]}}