{"id":4188,"date":"2019-06-16T09:02:04","date_gmt":"2019-06-16T12:02:04","guid":{"rendered":"https:\/\/radardofuturo.com.br\/?p=4188"},"modified":"2019-06-17T09:09:18","modified_gmt":"2019-06-17T12:09:18","slug":"curso-propoe-entender-a-violencia-como-problema-de-saude","status":"publish","type":"post","link":"https:\/\/radardofuturo.com.br\/test\/curso-propoe-entender-a-violencia-como-problema-de-saude\/","title":{"rendered":"Curso prop\u00f5e entender a viol\u00eancia como problema de sa\u00fade"},"content":{"rendered":"<p>O curso se prop&otilde;e a ofertar a forma&ccedil;&atilde;o especializada de profissionais de sa&uacute;de, tendo como proposta o desenvolvimento de conhecimentos e habilidades t&eacute;cnico-cient&iacute;ficas, humanas e assistenciais.<br>\n<!--more--><\/p>\n<p>Maria Fernanda Terra<\/p>\n<p>Desde o ano de 1996 a viol&ecirc;ncia tem sido compreendida como um problema de sa&uacute;de pela Organiza&ccedil;&atilde;o Mundial da Sa&uacute;de 1996 (OMS, 2005). No Brasil, o tema da viol&ecirc;ncia integra o Pacto pela Sa&uacute;de como um problema a ser enfrentando tamb&eacute;m pelo setor sa&uacute;de.<\/p>\n<p>Para, al&eacute;m disso, em 2006, a Lei Maria da Penha, Lei no 11340\/2006, inclui o setor sa&uacute;de como um servi&ccedil;o que comp&otilde;e a rede de enfrentamento da viol&ecirc;ncia contra a mulher. Ao compreendermos que a sa&uacute;de &eacute; um direito e que trabalhar o tema da viol&ecirc;ncia &eacute; um caminho para a garantia da cidadania, esse tema faz-se necess&aacute;rio de ser trabalhado nos servi&ccedil;os de sa&uacute;de.<\/p>\n<p>Assim, a oferta de cursos de Especializa&ccedil;&atilde;o em Preven&ccedil;&atilde;o e Enfrentamento da Viol&ecirc;ncia para a garantia dos Direitos Humanos em Servi&ccedil;os de Sa&uacute;de, como o oferecido pela Faculdade de Ci&ecirc;ncias M&eacute;dicas da Santa Casa, se justifica a medida que os n&uacute;meros da viol&ecirc;ncia aumentam a cada dia, e os espa&ccedil;os da sa&uacute;de lidam cotidianamente com esta demanda. No entanto, grande parte dos profissionais de sa&uacute;de n&atilde;o disp&otilde;e de conhecimentos t&eacute;cnicos e cient&iacute;ficos para atuar tanto preventivamente como ofertar assist&ecirc;ncia direta nas situa&ccedil;&otilde;es de viol&ecirc;ncia, compreendendo os contextos de desigualdade como marcadores de g&ecirc;nero, ra&ccedil;a e classe social, para al&eacute;m das quest&otilde;es espec&iacute;ficas dos diferentes ciclos vitais.<\/p>\n<p>As pesquisas mostram que uma a cada tr&ecirc;s mulheres que buscam os servi&ccedil;os de sa&uacute;de j&aacute; sofreu algum tipo de viol&ecirc;ncia; uma a cada seis pessoas idosas j&aacute; sofreu viol&ecirc;ncia. Apesar dos n&uacute;meros da viol&ecirc;ncia, os profissionais de sa&uacute;de se sentem pouco preparados para atuarem. Assistir essas pessoas em situa&ccedil;&atilde;o de viol&ecirc;ncia envolve conhecer as pol&iacute;ticas p&uacute;blicas, conhecer e participar da rede de servi&ccedil;os para o enfrentamento da viol&ecirc;ncia. Essa pr&aacute;tica ainda est&aacute; distante dos cursos de forma&ccedil;&atilde;o dos profissionais de sa&uacute;de.<\/p>\n<p>Dada &agrave; import&acirc;ncia da tem&aacute;tica (viol&ecirc;ncia), o curso se prop&otilde;e a ofertar a forma&ccedil;&atilde;o especializada de profissionais de sa&uacute;de, tendo como proposta o desenvolvimento de conhecimentos e habilidades t&eacute;cnico-cient&iacute;ficas, humanas e assistenciais, relacionadas &agrave; documentos legais e oficiais, pol&iacute;ticas nacionais do sistema de sa&uacute;de bem como programas, redes, planos e equipamentos de sa&uacute;de do pa&iacute;s.<\/p>\n<hr>\n<ul>\n<li><em>Profa. Dra. Maria Fernanda Terra &eacute; coordenadora do Curso de Especializa&ccedil;&atilde;o Preven&ccedil;&atilde;o e Enfrentamento da Viol&ecirc;ncia para a Garantia dos Direitos Humanos em Servi&ccedil;os de Sa&uacute;de da Faculdade de Ci&ecirc;ncias M&eacute;dicas da Santa Casa de S&atilde;o Paulo.<\/em><\/li>\n<\/ul>\n","protected":false},"excerpt":{"rendered":"<p>O curso se prop&otilde;e a ofertar a forma&ccedil;&atilde;o especializada de profissionais de sa&uacute;de, tendo como proposta o desenvolvimento de conhecimentos e habilidades t&eacute;cnico-cient&iacute;ficas, humanas e assistenciais.<\/p>\n","protected":false},"author":1,"featured_media":0,"comment_status":"open","ping_status":"open","sticky":false,"template":"","format":"standard","meta":{"tdm_status":"","tdm_grid_status":"","footnotes":"","jetpack_publicize_message":"","jetpack_publicize_feature_enabled":true,"jetpack_social_post_already_shared":true,"jetpack_social_options":{"image_generator_settings":{"template":"highway","enabled":false},"version":2}},"categories":[18],"tags":[],"class_list":{"0":"post-4188","1":"post","2":"type-post","3":"status-publish","4":"format-standard","6":"category-eventos"},"jetpack_publicize_connections":[],"jetpack_featured_media_url":"","post_mailing_queue_ids":[],"_links":{"self":[{"href":"https:\/\/radardofuturo.com.br\/test\/wp-json\/wp\/v2\/posts\/4188","targetHints":{"allow":["GET"]}}],"collection":[{"href":"https:\/\/radardofuturo.com.br\/test\/wp-json\/wp\/v2\/posts"}],"about":[{"href":"https:\/\/radardofuturo.com.br\/test\/wp-json\/wp\/v2\/types\/post"}],"author":[{"embeddable":true,"href":"https:\/\/radardofuturo.com.br\/test\/wp-json\/wp\/v2\/users\/1"}],"replies":[{"embeddable":true,"href":"https:\/\/radardofuturo.com.br\/test\/wp-json\/wp\/v2\/comments?post=4188"}],"version-history":[{"count":0,"href":"https:\/\/radardofuturo.com.br\/test\/wp-json\/wp\/v2\/posts\/4188\/revisions"}],"wp:attachment":[{"href":"https:\/\/radardofuturo.com.br\/test\/wp-json\/wp\/v2\/media?parent=4188"}],"wp:term":[{"taxonomy":"category","embeddable":true,"href":"https:\/\/radardofuturo.com.br\/test\/wp-json\/wp\/v2\/categories?post=4188"},{"taxonomy":"post_tag","embeddable":true,"href":"https:\/\/radardofuturo.com.br\/test\/wp-json\/wp\/v2\/tags?post=4188"}],"curies":[{"name":"wp","href":"https:\/\/api.w.org\/{rel}","templated":true}]}}