{"id":4172,"date":"2019-06-17T08:30:06","date_gmt":"2019-06-17T11:30:06","guid":{"rendered":"https:\/\/radardofuturo.com.br\/?p=4172"},"modified":"2019-06-17T08:30:06","modified_gmt":"2019-06-17T11:30:06","slug":"workshop-na-usp-avalia-aplicacoes-avancos-e-tendencias-da-inteligencia-artificial","status":"publish","type":"post","link":"https:\/\/radardofuturo.com.br\/test\/workshop-na-usp-avalia-aplicacoes-avancos-e-tendencias-da-inteligencia-artificial\/","title":{"rendered":"Workshop na USP avalia aplica\u00e7\u00f5es, avan\u00e7os e tend\u00eancias da intelig\u00eancia artificial"},"content":{"rendered":"<p>O workshop discutir&aacute; tanto os benef&iacute;cios da IA como os poss&iacute;veis riscos associados &agrave; privacidade dos indiv&iacute;duos.<!--more--><\/p>\n<p>O Instituto de Estudos Avan&ccedil;ados (IEA) da Universidade de S&atilde;o Paulo (USP) realizar&aacute; o workshop &ldquo;Intelig&ecirc;ncia Artificial e suas Aplica&ccedil;&otilde;es: Avan&ccedil;os e <a href=\"https:\/\/radardofuturo.com.br\/test\/ddof\/o-que-sao-tendencias\/\" target=\"_self\" title=\"Confira o que s&atilde;o tend&ecirc;ncias, os fatos ou fen&ocirc;menos que podem acontecer em algum momento adiante na hist&oacute;ria da sociedade, como um novo comportamento individual ou de um grupo\" class=\"encyclopedia\">Tend&ecirc;ncias<\/a>&rdquo; no dia 25 de junho de 2019. Ser&atilde;o cinco pain&eacute;is com 16 palestrantes sob o tema Intelig&ecirc;ncia Artificial e suas aplica&ccedil;&otilde;es.<\/p>\n<p>Segundo o IEA, as palestras v&atilde;o expressar o fato de a &aacute;rea de intelig&ecirc;ncia artificial (IA) ter tido enorme avan&ccedil;o na &uacute;ltima d&eacute;cada, atravessando as paredes dos laborat&oacute;rios de pesquisa para chegar a v&aacute;rias aplica&ccedil;&otilde;es reais.<\/p>\n<p>Diversos setores, da ind&uacute;stria &agrave; sa&uacute;de, do agroneg&oacute;cio ao ensino, s&atilde;o hoje afetados pela chegada de dispositivos com capacidade de decis&atilde;o e de intera&ccedil;&atilde;o com usu&aacute;rios e clientes.<\/p>\n<p>O workshop discutir&aacute; tanto os benef&iacute;cios da IA como os poss&iacute;veis riscos associados &agrave; privacidade dos indiv&iacute;duos. O evento tamb&eacute;m pretende estimular uma maior integra&ccedil;&atilde;o dos grupos de pesquisa em IA da USP, por meio da identifica&ccedil;&atilde;o de interesses comuns e complementares que possam levar a projetos de colabora&ccedil;&atilde;o.<\/p>\n<p>No workshop, os temas dos pain&eacute;is ser&atilde;o: IA Aplica&ccedil;&otilde;es: Agroneg&oacute;cios e &Oacute;leo e G&aacute;s; IA na Sociedade: &Eacute;tica e Humanidades; IA Servi&ccedil;os e Finan&ccedil;as; IA Aplica&ccedil;&otilde;es: Sa&uacute;de e IA na Sociedade: Pol&iacute;ticas P&uacute;blicas.<\/p>\n<p>O evento ocorrer&aacute; no Anfiteatro Nicolau Sevcenko da Faculdade de Filosofia, Letras e Ci&ecirc;ncias Humanas (FFLCH) da USP, na rua Prof. Lineu Prestes, 338, Cidade Universit&aacute;ria, S&atilde;o Paulo.<\/p>\n<p>Mais informa&ccedil;&otilde;es:&nbsp;<b><a href=\"http:\/\/www.iea.usp.br\/eventos\/inteligencia-artificial-aplicacoes\" target=\"_blank\" rel=\"noopener noreferrer\">www.iea.usp.br\/eventos\/inteligencia-artificial-aplicacoes<\/a><\/b>.<\/p>\n<p>&nbsp;<\/p>\n<p>&nbsp;<\/p>\n<p>&nbsp;<\/p>\n","protected":false},"excerpt":{"rendered":"<p>O workshop discutir&aacute; tanto os benef&iacute;cios da IA como os poss&iacute;veis riscos associados &agrave; privacidade dos indiv&iacute;duos.<\/p>\n","protected":false},"author":1,"featured_media":0,"comment_status":"open","ping_status":"open","sticky":false,"template":"","format":"standard","meta":{"tdm_status":"","tdm_grid_status":"","footnotes":"","jetpack_publicize_message":"","jetpack_publicize_feature_enabled":true,"jetpack_social_post_already_shared":true,"jetpack_social_options":{"image_generator_settings":{"template":"highway","enabled":false},"version":2}},"categories":[18],"tags":[],"class_list":{"0":"post-4172","1":"post","2":"type-post","3":"status-publish","4":"format-standard","6":"category-eventos"},"jetpack_publicize_connections":[],"jetpack_featured_media_url":"","post_mailing_queue_ids":[],"_links":{"self":[{"href":"https:\/\/radardofuturo.com.br\/test\/wp-json\/wp\/v2\/posts\/4172","targetHints":{"allow":["GET"]}}],"collection":[{"href":"https:\/\/radardofuturo.com.br\/test\/wp-json\/wp\/v2\/posts"}],"about":[{"href":"https:\/\/radardofuturo.com.br\/test\/wp-json\/wp\/v2\/types\/post"}],"author":[{"embeddable":true,"href":"https:\/\/radardofuturo.com.br\/test\/wp-json\/wp\/v2\/users\/1"}],"replies":[{"embeddable":true,"href":"https:\/\/radardofuturo.com.br\/test\/wp-json\/wp\/v2\/comments?post=4172"}],"version-history":[{"count":0,"href":"https:\/\/radardofuturo.com.br\/test\/wp-json\/wp\/v2\/posts\/4172\/revisions"}],"wp:attachment":[{"href":"https:\/\/radardofuturo.com.br\/test\/wp-json\/wp\/v2\/media?parent=4172"}],"wp:term":[{"taxonomy":"category","embeddable":true,"href":"https:\/\/radardofuturo.com.br\/test\/wp-json\/wp\/v2\/categories?post=4172"},{"taxonomy":"post_tag","embeddable":true,"href":"https:\/\/radardofuturo.com.br\/test\/wp-json\/wp\/v2\/tags?post=4172"}],"curies":[{"name":"wp","href":"https:\/\/api.w.org\/{rel}","templated":true}]}}