{"id":4007,"date":"2019-06-03T15:04:16","date_gmt":"2019-06-03T18:04:16","guid":{"rendered":"https:\/\/radardofuturo.com.br\/?p=4007"},"modified":"2019-06-03T15:04:16","modified_gmt":"2019-06-03T18:04:16","slug":"industria-4-0-e-educacao","status":"publish","type":"post","link":"https:\/\/radardofuturo.com.br\/test\/industria-4-0-e-educacao\/","title":{"rendered":"Ind\u00fastria 4.0 e educa\u00e7\u00e3o"},"content":{"rendered":"<p>A Fiemg prepara iniciativa que pretende atualizar os paradigmas da integra&ccedil;&atilde;o entre educa&ccedil;&atilde;o e ind&uacute;stria 4.0<\/p>\n<p><!--more--><\/p>\n<p>O Conselho de Educa&ccedil;&atilde;o da Federa&ccedil;&atilde;o das Ind&uacute;strias do Estado de Minas Gerais (Fiemg) promove no dia 12 de junho, quarta-feira, &agrave;s 14 horas, o semin&aacute;rio &ldquo;Ind&uacute;stria 4.0 come&ccedil;a com Educa&ccedil;&atilde;o de Qualidade&rdquo;. Em fase de prepara&ccedil;&atilde;o, a iniciativa ser&aacute; um evento que, segundo a pr&oacute;pria entidade, pretende atualizar paradigmas do assunto.<\/p>\n<p>Especialistas como Marcos Wesley &ndash; Presidente da ZOOM Education For Life j&aacute; confirmaram presen&ccedil;a. &ldquo;&Eacute; preciso preparar os alunos para o mercado e isso inclui tecnologia, criativa e cultura maker&rdquo;, lembra o presidente do Conselho, Paulo Roberto Henrique. Durante o evento na sede da entidade industrial ser&atilde;o apresentadas formas inovadoras de ensino e experi&ecirc;ncias educacionais transformadoras.<\/p>\n","protected":false},"excerpt":{"rendered":"<p>A Fiemg prepara iniciativa que pretende atualizar os paradigmas da integra&ccedil;&atilde;o entre educa&ccedil;&atilde;o e ind&uacute;stria 4.0<\/p>\n","protected":false},"author":1,"featured_media":0,"comment_status":"open","ping_status":"open","sticky":false,"template":"","format":"standard","meta":{"tdm_status":"","tdm_grid_status":"","footnotes":"","jetpack_publicize_message":"","jetpack_publicize_feature_enabled":true,"jetpack_social_post_already_shared":true,"jetpack_social_options":{"image_generator_settings":{"template":"highway","enabled":false},"version":2}},"categories":[18],"tags":[],"class_list":{"0":"post-4007","1":"post","2":"type-post","3":"status-publish","4":"format-standard","6":"category-eventos"},"jetpack_publicize_connections":[],"jetpack_featured_media_url":"","post_mailing_queue_ids":[],"_links":{"self":[{"href":"https:\/\/radardofuturo.com.br\/test\/wp-json\/wp\/v2\/posts\/4007","targetHints":{"allow":["GET"]}}],"collection":[{"href":"https:\/\/radardofuturo.com.br\/test\/wp-json\/wp\/v2\/posts"}],"about":[{"href":"https:\/\/radardofuturo.com.br\/test\/wp-json\/wp\/v2\/types\/post"}],"author":[{"embeddable":true,"href":"https:\/\/radardofuturo.com.br\/test\/wp-json\/wp\/v2\/users\/1"}],"replies":[{"embeddable":true,"href":"https:\/\/radardofuturo.com.br\/test\/wp-json\/wp\/v2\/comments?post=4007"}],"version-history":[{"count":0,"href":"https:\/\/radardofuturo.com.br\/test\/wp-json\/wp\/v2\/posts\/4007\/revisions"}],"wp:attachment":[{"href":"https:\/\/radardofuturo.com.br\/test\/wp-json\/wp\/v2\/media?parent=4007"}],"wp:term":[{"taxonomy":"category","embeddable":true,"href":"https:\/\/radardofuturo.com.br\/test\/wp-json\/wp\/v2\/categories?post=4007"},{"taxonomy":"post_tag","embeddable":true,"href":"https:\/\/radardofuturo.com.br\/test\/wp-json\/wp\/v2\/tags?post=4007"}],"curies":[{"name":"wp","href":"https:\/\/api.w.org\/{rel}","templated":true}]}}