{"id":3960,"date":"2019-05-30T11:02:57","date_gmt":"2019-05-30T14:02:57","guid":{"rendered":"https:\/\/radardofuturo.com.br\/?p=3960"},"modified":"2019-05-30T11:02:57","modified_gmt":"2019-05-30T14:02:57","slug":"cefast-aerospace-participara-de-nova-competicao-em-julho","status":"publish","type":"post","link":"https:\/\/radardofuturo.com.br\/test\/cefast-aerospace-participara-de-nova-competicao-em-julho\/","title":{"rendered":"CEFAST AeroSpace participar\u00e1 de nova competi\u00e7\u00e3o em julho"},"content":{"rendered":"<p>A equipe CEFAST AeroSpace, parte do Grupo de Estudo e Divulga&ccedil;&atilde;o de Astronomia Intercampi (GEDAI), participar&aacute; da competi&ccedil;&atilde;o CubeDesign focada no desenvolvimento de sat&eacute;lites did&aacute;ticos. A competi&ccedil;&atilde;o ser&aacute; realizada de 24 a 27 de julho, no Instituto Nacional de Pesquisas Espaciais (INPE), em S&atilde;o Jos&eacute; dos Campos, S&atilde;o Paulo.<\/p>\n<p><!--more-->O CubeDesign foi idealizado pensando nos pontos em que as atividades espaciais no Brasil deixam a desejar, cumprindo aspectos importantes como despertar o interesse, engajar a sociedade para as atividades espaciais, desenvolver as &aacute;reas de recursos humanos que comp&otilde;e um programa espacial buscar por solu&ccedil;&otilde;es para problemas com propostas criativas. O objetivo da competi&ccedil;&atilde;o &eacute; que todas as tarefas estejam alinhadas a desafios estrat&eacute;gicos para as atividades espaciais.<\/p>\n<p>As atividades da competi&ccedil;&atilde;o est&atilde;o divididas em tr&ecirc;s categorias, a CubeSat, destinada aos alunos de gradua&ccedil;&atilde;o e p&oacute;s-gradua&ccedil;&atilde;o, a categoria CanSat, destinada a alunos de ensino m&eacute;dio e gradua&ccedil;&atilde;o e a Mockup direcionada a crian&ccedil;as de 11 a 14 anos. As equipes do CEFAST AeroSpace do CEFET campus Belo Horizonte e Arax&aacute; participar&atilde;o das categorias CanSat e Cube Sat.<\/p>\n<h2>&Uacute;ltimas participa&ccedil;&otilde;es<\/h2>\n<p>No in&iacute;cio do m&ecirc;s de maio, as equipes CEFAST AeroSpace do campus Belo Horizonte e a SPACEFET de Arax&aacute;&nbsp; participaram do Global Space Balloon Challenge (GSBC), projeto que tem como objetivo unir pessoas ao redor do mundo para lan&ccedil;ar bal&otilde;es de alta altitude.<\/p>\n<p>As equipes lan&ccedil;aram sat&eacute;lites did&aacute;ticos em Arax&aacute;, em um local conhecido com Horizonte Perdido, utilizado pelos amantes de voo livre por possuir uma rampa para decolagens. O lan&ccedil;amento dos sat&eacute;lites did&aacute;ticos foi realizado via bal&atilde;o estratosf&eacute;rico, permitindo aos sat&eacute;lites atingirem uma altitude entre 15 e 20 quil&ocirc;metros. Os sat&eacute;lites did&aacute;ticos lan&ccedil;ados foram desenvolvidos com sensores ambientais e c&acirc;meras que fotografaram e filmaram a subida e a queda dos sat&eacute;lites.<\/p>\n<p>Alunos do CEFET-MG do campus Leopoldina interessados em desenvolver projetos na &aacute;rea espacial tamb&eacute;m, participaram do evento de lan&ccedil;amento dos sat&eacute;lites. O lan&ccedil;amento teve cobertura da TV Sintonia respons&aacute;vel pela Rede Minas em Arax&aacute; e pode ser visto no site da emissora.<\/p>\n<p>De acordo com o professor Geraldo Magela coordenador da equipe CEFAST AeroSpace, &ldquo;a expectativa &eacute; que em 2020 tenhamos equipes de Belo Horizonte, Arax&aacute; e Leopoldina participando do Global Space Balloon Challenge e da competi&ccedil;&atilde;o CubeDesign&rdquo;.<\/p>\n<hr>\n<p><em>Reda&ccedil;&atilde;o &ndash; Secretaria de Comunica&ccedil;&atilde;o Social \/ CEFET-MG<\/em><\/p>\n","protected":false},"excerpt":{"rendered":"<p>A equipe CEFAST AeroSpace, parte do Grupo de Estudo e Divulga&ccedil;&atilde;o de Astronomia Intercampi (GEDAI), participar&aacute; da competi&ccedil;&atilde;o CubeDesign focada no desenvolvimento de sat&eacute;lites did&aacute;ticos. A competi&ccedil;&atilde;o ser&aacute; realizada de 24 a 27 de julho, no Instituto Nacional de Pesquisas Espaciais (INPE), em S&atilde;o Jos&eacute; dos Campos, S&atilde;o Paulo.<\/p>\n","protected":false},"author":1,"featured_media":0,"comment_status":"open","ping_status":"open","sticky":false,"template":"","format":"standard","meta":{"tdm_status":"","tdm_grid_status":"","footnotes":"","jetpack_publicize_message":"","jetpack_publicize_feature_enabled":true,"jetpack_social_post_already_shared":true,"jetpack_social_options":{"image_generator_settings":{"template":"highway","enabled":false},"version":2}},"categories":[18],"tags":[],"class_list":{"0":"post-3960","1":"post","2":"type-post","3":"status-publish","4":"format-standard","6":"category-eventos"},"jetpack_publicize_connections":[],"jetpack_featured_media_url":"","post_mailing_queue_ids":[],"_links":{"self":[{"href":"https:\/\/radardofuturo.com.br\/test\/wp-json\/wp\/v2\/posts\/3960","targetHints":{"allow":["GET"]}}],"collection":[{"href":"https:\/\/radardofuturo.com.br\/test\/wp-json\/wp\/v2\/posts"}],"about":[{"href":"https:\/\/radardofuturo.com.br\/test\/wp-json\/wp\/v2\/types\/post"}],"author":[{"embeddable":true,"href":"https:\/\/radardofuturo.com.br\/test\/wp-json\/wp\/v2\/users\/1"}],"replies":[{"embeddable":true,"href":"https:\/\/radardofuturo.com.br\/test\/wp-json\/wp\/v2\/comments?post=3960"}],"version-history":[{"count":0,"href":"https:\/\/radardofuturo.com.br\/test\/wp-json\/wp\/v2\/posts\/3960\/revisions"}],"wp:attachment":[{"href":"https:\/\/radardofuturo.com.br\/test\/wp-json\/wp\/v2\/media?parent=3960"}],"wp:term":[{"taxonomy":"category","embeddable":true,"href":"https:\/\/radardofuturo.com.br\/test\/wp-json\/wp\/v2\/categories?post=3960"},{"taxonomy":"post_tag","embeddable":true,"href":"https:\/\/radardofuturo.com.br\/test\/wp-json\/wp\/v2\/tags?post=3960"}],"curies":[{"name":"wp","href":"https:\/\/api.w.org\/{rel}","templated":true}]}}